{"id":103317,"date":"2026-01-13T16:43:06","date_gmt":"2026-01-13T16:43:06","guid":{"rendered":"https:\/\/www.europesays.com\/lv\/103317\/"},"modified":"2026-01-13T16:43:06","modified_gmt":"2026-01-13T16:43:06","slug":"ziemigie-laikapstakli-ka-glabejs-smeceres-sila-sleposanas-trase-gatava-uznemt-pasaules-biatlona-junioru-eliti-raksts","status":"publish","type":"post","link":"https:\/\/www.europesays.com\/lv\/103317\/","title":{"rendered":"Ziem\u012bgie laikapst\u0101k\u013ci k\u0101 gl\u0101b\u0113js \u2013 \u00abSmeceres sila\u00bb sl\u0113po\u0161anas trase gatava uz\u0146emt pasaules biatlona junioru eliti \/ Raksts"},"content":{"rendered":"<p>&#8220;Smeceres sila&#8221;\u00a0sl\u0113po\u0161an\u0101s b\u0101z\u0113 Madon\u0101 \u0161oned\u0113\u013c risin\u0101s Starptautisk\u0101s biatlona savien\u012bbas junioru kausa posms biatlon\u0101. Skat\u012bt\u0101ji tur vaig\u0101 var iepaz\u012bt pasaules lab\u0101kos jaunos biatlonistus, kas n\u0101kamo gadu laik\u0101 ien\u0101ks lielaj\u0101 biatlon\u0101, k\u0101 ar\u012b uz starta redz\u0113sim divus m\u016bsu pa\u0161u olimpie\u0161us \u2013 Esteri Volfu un Rihardu Lozberu.<\/p>\n<p>\u012asum\u0101:<\/p>\n<ul>\n<li>IBU kauss biatlon\u0101 Madon\u0101 norisin\u0101sies no 14. l\u012bdz 17. janv\u0101rim<\/li>\n<li>Siltais ziemas s\u0101kums bija pamat\u012bgs \u0161\u0137\u0113rslis posma norisei Latvij\u0101<\/li>\n<li>Latviju \u0161aj\u0101s sacens\u012bb\u0101s p\u0101rst\u0101v\u0113s kupls sportistu skaits \u2013 kop\u0101 14 ar Elzu Bleideli, Esteri Volfu un Rihardu Lozberu priek\u0161gal\u0101<\/li>\n<li>Tre\u0161dien un piektdien paredz\u0113tas sprinta sacens\u012bbas, bet sestdien \u2013 masu starts.<\/li>\n<li>Sacens\u012bbu r\u012bkot\u0101ji cer atk\u0101rtot Igaunijas trases Otep\u0113 iesp\u0113to un k\u0101dreiz pie sevis uz\u0146emt ar\u012b pieaugu\u0161o Pasaules kausa posmu biatlon\u0101.<\/li>\n<\/ul>\n<p>Ziem\u012bgie laikapst\u0101k\u013ci k\u0101 gl\u0101b\u0113js \u2013 &#8220;Smeceres sila&#8221; sl\u0113po\u0161anas trase gatava uz\u0146emt pasaules biatlona junioru eliti<\/p>\n<p>Junioru kausa posms biatlon\u0101 b\u016bs augst\u0101k\u0101 ranga biatlona sacens\u012bbas, kas p\u0113d\u0113jos gados notiku\u0161as Latvij\u0101 \u2013 iepriek\u0161 2023. gad\u0101 turpat Madon\u0101 notika Eiropas junioru \u010dempion\u0101ts biatlon\u0101. Sacens\u012bbu r\u012bkot\u0101ji \u0161im posmam gatavoju\u0161ies jau ilg\u0101ku laiku, bet \u0161\u0137\u0113r\u0161\u013cu nav tr\u016bcis \u2013 sprungu\u013cus r\u012bkot\u0101ju rite\u0146os lika gan siltais ziemas s\u0101kums, gan ar\u012b ziem\u012bgais laiks daudzviet Eirop\u0101 \u0161obr\u012bd, kas izrais\u012bja zin\u0101mu haosu aviosatiksm\u0113, k\u0101 rezult\u0101t\u0101 vair\u0101kas komandas Latvij\u0101 ierodas v\u0113l\u0101k nek\u0101 pl\u0101nots.<\/p>\n<p>V\u0113l pirms gadumijas sacens\u012bbu norise Smeceres sil\u0101 bija nopietni apdraud\u0113ta un r\u012bkot\u0101ji neizsl\u0113dza iesp\u0113ju, ka to var n\u0101kties atcelt. Tas gan bija saist\u012bts nevis ar k\u0101du pa\u0161u neizdar\u012bbu, bet gan laikapst\u0101k\u013ciem \u2013 siltais un mitrais laiks visu decembri ne\u013c\u0101va ra\u017eot m\u0101ksl\u012bgo sniegu, kas nepiecie\u0161ams, lai nodro\u0161in\u0101tu pien\u0101c\u012bgu trases sagatavot\u012bbu.\u00a0<\/p>\n<p>P\u0113d\u0113jo p\u0101ris ned\u0113\u013cu ziem\u012bgie laikapst\u0101k\u013ci komplekt\u0101 ar dabisko sniegu jau ir rad\u012bju\u0161i \u013coti labus apst\u0101k\u013cus sacens\u012bbu norisei, un Madon\u0101 v\u0113l tiek veikti p\u0113d\u0113jie priek\u0161darbi, lai sagatavotos pirmajiem startiem. Trases vad\u012bt\u0101js Gun\u0101rs Ikaunieks nesl\u0113pj, ka \u0161aj\u0101 sezon\u0101 lieti noder\u0113jusi iesp\u0113ja uzkr\u0101t p\u0113rn\u0101 gada sniegu \u2013 \u0161im m\u0113r\u0137im paredz\u0113t\u0101 infrastrukt\u016bra Smeceres sil\u0101 izb\u016bv\u0113ta pirms da\u017eiem gadiem, bet to atkal var\u0113s piepild\u012bt nu ja ar \u0161o \u0161\u012bs sezonas sniegu, dom\u0101jot par n\u0101kamo gadu.<\/p>\n<blockquote>\n<p>&#8220;Protams, liela apjoma daudzums dabisk\u0101 sniega ar\u012b ir \u013coti skaisti un nodro\u0161ina visu. Ja ir tas stabilais m\u012bnuss, tiek sara\u017eota bieza k\u0101rta m\u0101ksl\u012bg\u0101 sniega, kas ir visliel\u0101k\u0101\u00a0garantija, ka viss ir k\u0101rt\u012bb\u0101, bet ar dab\u012bgo sniegu ar\u012b viss ir labi,&#8221; intervij\u0101 Latvijas Radio past\u0101st\u012bja Ikaunieks.<\/p>\n<\/blockquote>\n<p>Latvijas izlases juniori sav\u0101 m\u0101ju tras\u0113 start\u0113s kupl\u0101 skait\u0101 \u2013 kopum\u0101 piedal\u012bsies 14 sportisti, bet galven\u0101 uzman\u012bba tiks piev\u0113rsta Elzai Bleidelei, k\u0101 ar\u012b Esterei Volfai un Rihardam Lozberam. Visi tr\u012bs jaunie biatlonisti \u0161osezon nu jau regul\u0101ri start\u0113 liel\u0101s izlases sast\u0101v\u0101 Pasaules kausa posmos, bet Volfa un Lozbers dosies ar\u012b uz Mil\u0101nas olimpiskaj\u0101m sp\u0113l\u0113m p\u0113c nepilna m\u0113ne\u0161a.\u00a0<\/p>\n<p>Volfa atsevi\u0161\u0137\u0101s sacens\u012bb\u0101s jau sp\u0113j p\u0101rsp\u0113t liel\u0101s izlases l\u012bderi Baibu Bendiku, bet Madon\u0101 vi\u0146a ierodas pa taisno no Pasaules kausa posma pieaugu\u0161ajiem V\u0101cij\u0101. Ar Lozberu lielas cer\u012bbas n\u0101kotn\u0113 saista v\u012bru izlase, kuras sast\u0101v\u0101 vi\u0146\u0161 pamaz\u0101m tiek integr\u0113ts. Sav\u0101s m\u0101j\u0101s abiem b\u016bs j\u0101sacen\u0161as ar lab\u0101kajiem vienaud\u017eiem, kuri ar\u012b pamaz\u0101m ielau\u017eas savu valstu izlas\u0113s.<\/p>\n<p>&#8220;&#8221;Smeceres sila&#8221; trase man \u013coti pat\u012bk. Tur daudz ir b\u016bts, daudz esmu tren\u0113jies, bet \u0161\u0101du [trases]\u00a0 konfigur\u0101ciju, k\u0101da ir \u0161obr\u012bd es neesmu braucis. Dom\u0101ju, ka b\u016bs \u013coti interesanti,&#8221; st\u0101sta Lozbers.<\/p>\n<p>Biatlonisti sacens\u012bbas s\u0101ks tre\u0161dien, gan pui\u0161iem, gan meiten\u0113m sacen\u0161oties sprinta sacens\u012bb\u0101s. Ar\u012b piektdien jaunajiem biatlonistiem sprints, bet sestdien notiks sacens\u012bbas distanc\u0113 ar kop\u0113ju startu.<\/p>\n<blockquote>\n<p>Posma r\u012bkot\u0101ji nesl\u0113pj, ka junioru kausa posms ir viens no pak\u0101pieniem ar cer\u012bbu n\u0101kotn\u0113 Latvij\u0101 uz\u0146emt augst\u0101k\u0101 l\u012bme\u0146a biatlona sacens\u012bbas pieaugu\u0161ajiem.\u00a0<\/p>\n<\/blockquote>\n<p>Biatlons Eirop\u0101 alla\u017e ir \u013coti labi apmekl\u0113ts un posma r\u012bkot\u0101ji Madon\u0101 v\u0113las sekot kaimi\u0146u igau\u0146u piem\u0113ram \u2013 vi\u0146i sav\u0101 sl\u0113po\u0161anas b\u0101z\u0113 Otep\u0113 soli pa solim un m\u0113r\u0137tiec\u012bgi r\u012bkoja da\u017e\u0101da l\u012bme\u0146a biatlona sacens\u012bbas, tiekot pie iesp\u0113jas sar\u012bkot ar\u012b Pasaules kausa posmu pieaugu\u0161ajiem, bet n\u0101kamgad Otep\u0113 jau pasaules \u010dempion\u0101ts.<\/p>\n<p>Lai kas t\u0101ds notiktu Smeceres sil\u0101, nepietiks vien ar labi organiz\u0113t\u0101m sacens\u012bb\u0101m, bet b\u016bs vajadz\u012bgas ar\u012b b\u016btiskas invest\u012bcijas trases infrastrukt\u016bras uzlabo\u0161an\u0101.\u00a0<\/p>\n<p>                    Valodas k\u013c\u016bda rakst\u0101?<\/p>\n<p class=\"d-none d-md-block\">Iez\u012bm\u0113jiet tekstu un spiediet Ctrl+Enter, lai nos\u016bt\u012btu labojamo teksta fragmentu redaktoram! Par faktu k\u013c\u016bd\u0101m l\u016bdzam zi\u0146ot e-past\u0101 <a href=\"https:\/\/www.lsm.lv\/cdn-cgi\/l\/email-protection\" class=\"__cf_email__\" data-cfemail=\"e0928584818b83898a81a08c938dce8c96\" rel=\"nofollow noopener\" target=\"_blank\">[email\u00a0protected]<\/a>.<\/p>\n<p class=\"d-md-none\">Iez\u012bm\u0113jiet tekstu un spiediet uz Zi\u0146ot par k\u013c\u016bdu pogas, lai nos\u016bt\u012btu labojamo teksta fragmentu redaktoram!<\/p>\n<p>\n                    Zi\u0146ot par k\u013c\u016bdu\n                <\/p>\n","protected":false},"excerpt":{"rendered":"&#8220;Smeceres sila&#8221;\u00a0sl\u0113po\u0161an\u0101s b\u0101z\u0113 Madon\u0101 \u0161oned\u0113\u013c risin\u0101s Starptautisk\u0101s biatlona savien\u012bbas junioru kausa posms biatlon\u0101. Skat\u012bt\u0101ji tur vaig\u0101 var iepaz\u012bt&hellip;\n","protected":false},"author":2,"featured_media":103318,"comment_status":"","ping_status":"","sticky":false,"template":"","format":"standard","meta":{"footnotes":""},"categories":[17],"tags":[35,39,38,36,37,34,40,67],"class_list":{"0":"post-103317","1":"post","2":"type-post","3":"status-publish","4":"format-standard","5":"has-post-thumbnail","7":"category-sports","8":"tag-latvia","9":"tag-latvian","10":"tag-latviesu","11":"tag-latviesu-valoda","12":"tag-latviesuvaloda","13":"tag-latvija","14":"tag-lv","15":"tag-sports"},"share_on_mastodon":{"url":"https:\/\/pubeurope.com\/@lv\/115888796601329087","error":""},"_links":{"self":[{"href":"https:\/\/www.europesays.com\/lv\/wp-json\/wp\/v2\/posts\/103317","targetHints":{"allow":["GET"]}}],"collection":[{"href":"https:\/\/www.europesays.com\/lv\/wp-json\/wp\/v2\/posts"}],"about":[{"href":"https:\/\/www.europesays.com\/lv\/wp-json\/wp\/v2\/types\/post"}],"author":[{"embeddable":true,"href":"https:\/\/www.europesays.com\/lv\/wp-json\/wp\/v2\/users\/2"}],"replies":[{"embeddable":true,"href":"https:\/\/www.europesays.com\/lv\/wp-json\/wp\/v2\/comments?post=103317"}],"version-history":[{"count":0,"href":"https:\/\/www.europesays.com\/lv\/wp-json\/wp\/v2\/posts\/103317\/revisions"}],"wp:featuredmedia":[{"embeddable":true,"href":"https:\/\/www.europesays.com\/lv\/wp-json\/wp\/v2\/media\/103318"}],"wp:attachment":[{"href":"https:\/\/www.europesays.com\/lv\/wp-json\/wp\/v2\/media?parent=103317"}],"wp:term":[{"taxonomy":"category","embeddable":true,"href":"https:\/\/www.europesays.com\/lv\/wp-json\/wp\/v2\/categories?post=103317"},{"taxonomy":"post_tag","embeddable":true,"href":"https:\/\/www.europesays.com\/lv\/wp-json\/wp\/v2\/tags?post=103317"}],"curies":[{"name":"wp","href":"https:\/\/api.w.org\/{rel}","templated":true}]}}