{"id":103331,"date":"2026-01-13T16:53:07","date_gmt":"2026-01-13T16:53:07","guid":{"rendered":"https:\/\/www.europesays.com\/lv\/103331\/"},"modified":"2026-01-13T16:53:07","modified_gmt":"2026-01-13T16:53:07","slug":"valdiba-atbalsta-archer-ritenu-artilerijas-sistemas-iegadi-nacionalajiem-brunotajiem-spekiem-raksts","status":"publish","type":"post","link":"https:\/\/www.europesays.com\/lv\/103331\/","title":{"rendered":"Vald\u012bba atbalsta \u00abArcher\u00bb rite\u0146u artil\u0113rijas sist\u0113mas ieg\u0101di Nacion\u0101lajiem bru\u0146otajiem sp\u0113kiem \/ Raksts"},"content":{"rendered":"<p>Vald\u012bba otrdien, 13. janv\u0101r\u012b,\u00a0konceptu\u0101li atbalst\u012bja informat\u012bvo zi\u0146ojumu\u00a0&#8220;Par netie\u0161\u0101s uguns atbalsta sist\u0113mas iepirk\u0161anu&#8221;, kas paredz Latvijas Nacion\u0101lajiem bru\u0146otajiem sp\u0113kiem ieg\u0101d\u0101ties &#8220;Archer&#8221; rite\u0146u artil\u0113rijas sist\u0113mas, inform\u0113ja Aizsardz\u012bbas ministrij\u0101.<\/p>\n<p>Aizsardz\u012bbas ministrs Andris Spr\u016bds (&#8220;Progres\u012bvie&#8221;) uzsv\u0113ra, ka artil\u0113rijas sist\u0113mas ieg\u0101de ir noz\u012bm\u012bgs solis Nacion\u0101lo bru\u0146oto sp\u0113ku kapacit\u0101tes stiprin\u0101\u0161an\u0101.<\/p>\n<p>&#8220;Tas ne vien papla\u0161in\u0101s m\u016bsu netie\u0161\u0101s uguns sp\u0113jas, bet ar\u012b veicin\u0101s cie\u0161\u0101ku sadarb\u012bbu ar Zviedriju, nodro\u0161inot kop\u012bgas apm\u0101c\u012bbas un pieredzes apmai\u0146u. \u0160is b\u016bs ilgtermi\u0146a ieguld\u012bjums m\u016bsu dro\u0161\u012bb\u0101 un aizsardz\u012bbas sp\u0113j\u0101s,&#8221; nor\u0101d\u012bja Spr\u016bds.\u00a0<\/p>\n<p>P\u0113rn\u0101 gada j\u016bnij\u0101 Aizsardz\u012bbas ministrija parakst\u012bja nodomu v\u0113stuli ar Zviedriju, kas ietv\u0113ra savstarp\u0113ju ap\u0146em\u0161anos n\u0101kotn\u0113 sl\u0113gt starpvald\u012bbu l\u012bgumu par 18 &#8220;Archer&#8221; rite\u0146u artil\u0113rijas sist\u0113mu ieg\u0101di Nacion\u0101lajiem bru\u0146otajiem sp\u0113kiem.<\/p>\n<p>Piektdien, 16.\u00a0janv\u0101r\u012b,\u00a0Spr\u016bds divpus\u0113j\u0101s tik\u0161an\u0101s laik\u0101 ar Zviedrijas aizsardz\u012bbas ministru P\u0101lu Jonsonu parakst\u012bs aizsardz\u012bbas sadarb\u012bbas ce\u013ca karti, kas nostiprin\u0101s abu valstu kop\u012bg\u0101s Baltijas re\u0123iona dro\u0161\u012bbas intereses. L\u012bdz ar ce\u013ca kartes parakst\u012b\u0161anu Latvija un Zviedrija tostarp vienosies par ilgtermi\u0146a sadarb\u012bbu, kas ietvers kop\u012bgas apm\u0101c\u012bbas un Zviedrijas &#8220;Archer&#8221; sist\u0113mu izvieto\u0161anu Latvij\u0101 no 2026.\u00a0gada.<\/p>\n<p>Kam\u0113r tiek gaid\u012bta artil\u0113rijas sist\u0113mas pieg\u0101de, abas valstis veidos kop\u012bgu &#8220;Archer&#8221; 6&#215;6 vien\u012bbu, lai bru\u0146otie sp\u0113ki var\u0113tu aizvad\u012bt kop\u012bgas m\u0101c\u012bbas un att\u012bst\u012bt savas netie\u0161\u0101s uguns prasmes.<\/p>\n<p>\u0160\u012b sadarb\u012bba veicin\u0101s Latvijas un Zviedrijas netie\u0161\u0101s uguns kapacit\u0101\u0161u savietojam\u012bbu, nodro\u0161in\u0101s Nacion\u0101lo bru\u0146oto sp\u0113ku apm\u0101c\u012bbu iesp\u0113jas Zviedrij\u0101, k\u0101 ar\u012b rad\u012bs pamatu kop\u012bgai &#8220;Archer&#8221; sist\u0113mas att\u012bst\u012bbai, lai piel\u0101gotos main\u012bgajiem dro\u0161\u012bbas apst\u0101k\u013ciem.<\/p>\n<p>KONTEKSTS:<\/p>\n<p>Latvija un Zviedrija, parakstot nodomu v\u0113stuli 2025.\u00a0gada j\u016bnij\u0101, ap\u0146\u0113mu\u0161\u0101s sl\u0113gt starpvald\u012bbu l\u012bgumu par 18 &#8220;Archer&#8221; 8&#215;8 artil\u0113rijas sist\u0113mu pieg\u0101di Nacion\u0101lajiem bru\u0146otajiem sp\u0113kiem, potenci\u0101li veicinot ar\u012b viet\u0113j\u0101s aizsardz\u012bbas industrijas dal\u012bbu pieg\u0101des dro\u0161\u012bbas \u0137\u0113d\u0113.<\/p>\n<p>                    Valodas k\u013c\u016bda rakst\u0101?<\/p>\n<p class=\"d-none d-md-block\">Iez\u012bm\u0113jiet tekstu un spiediet Ctrl+Enter, lai nos\u016bt\u012btu labojamo teksta fragmentu redaktoram! Par faktu k\u013c\u016bd\u0101m l\u016bdzam zi\u0146ot e-past\u0101 <a href=\"https:\/\/www.lsm.lv\/cdn-cgi\/l\/email-protection\" class=\"__cf_email__\" data-cfemail=\"65170001040e060c0f04250916084b0913\" rel=\"nofollow noopener\" target=\"_blank\">[email\u00a0protected]<\/a>.<\/p>\n<p class=\"d-md-none\">Iez\u012bm\u0113jiet tekstu un spiediet uz Zi\u0146ot par k\u013c\u016bdu pogas, lai nos\u016bt\u012btu labojamo teksta fragmentu redaktoram!<\/p>\n<p>\n                    Zi\u0146ot par k\u013c\u016bdu\n                <\/p>\n","protected":false},"excerpt":{"rendered":"Vald\u012bba otrdien, 13. janv\u0101r\u012b,\u00a0konceptu\u0101li atbalst\u012bja informat\u012bvo zi\u0146ojumu\u00a0&#8220;Par netie\u0161\u0101s uguns atbalsta sist\u0113mas iepirk\u0161anu&#8221;, kas paredz Latvijas Nacion\u0101lajiem bru\u0146otajiem sp\u0113kiem&hellip;\n","protected":false},"author":2,"featured_media":103332,"comment_status":"","ping_status":"","sticky":false,"template":"","format":"standard","meta":{"footnotes":""},"categories":[5],"tags":[23,28,29,32,33,22,30,31,35,39,38,36,37,34,40,20,26,27,24,25,21],"class_list":{"0":"post-103331","1":"post","2":"type-post","3":"status-publish","4":"format-standard","5":"has-post-thumbnail","7":"category-aktualitates","8":"tag-aktualitates","9":"tag-breaking-news","10":"tag-breakingnews","11":"tag-featured-news","12":"tag-featurednews","13":"tag-headlines","14":"tag-latest-news","15":"tag-latestnews","16":"tag-latvia","17":"tag-latvian","18":"tag-latviesu","19":"tag-latviesu-valoda","20":"tag-latviesuvaloda","21":"tag-latvija","22":"tag-lv","23":"tag-news","24":"tag-popularakas-zinas","25":"tag-popularakaszinas","26":"tag-top-stories","27":"tag-topstories","28":"tag-zinas"},"share_on_mastodon":{"url":"https:\/\/pubeurope.com\/@lv\/115888835972042629","error":""},"_links":{"self":[{"href":"https:\/\/www.europesays.com\/lv\/wp-json\/wp\/v2\/posts\/103331","targetHints":{"allow":["GET"]}}],"collection":[{"href":"https:\/\/www.europesays.com\/lv\/wp-json\/wp\/v2\/posts"}],"about":[{"href":"https:\/\/www.europesays.com\/lv\/wp-json\/wp\/v2\/types\/post"}],"author":[{"embeddable":true,"href":"https:\/\/www.europesays.com\/lv\/wp-json\/wp\/v2\/users\/2"}],"replies":[{"embeddable":true,"href":"https:\/\/www.europesays.com\/lv\/wp-json\/wp\/v2\/comments?post=103331"}],"version-history":[{"count":0,"href":"https:\/\/www.europesays.com\/lv\/wp-json\/wp\/v2\/posts\/103331\/revisions"}],"wp:featuredmedia":[{"embeddable":true,"href":"https:\/\/www.europesays.com\/lv\/wp-json\/wp\/v2\/media\/103332"}],"wp:attachment":[{"href":"https:\/\/www.europesays.com\/lv\/wp-json\/wp\/v2\/media?parent=103331"}],"wp:term":[{"taxonomy":"category","embeddable":true,"href":"https:\/\/www.europesays.com\/lv\/wp-json\/wp\/v2\/categories?post=103331"},{"taxonomy":"post_tag","embeddable":true,"href":"https:\/\/www.europesays.com\/lv\/wp-json\/wp\/v2\/tags?post=103331"}],"curies":[{"name":"wp","href":"https:\/\/api.w.org\/{rel}","templated":true}]}}