{"id":103335,"date":"2026-01-13T16:57:24","date_gmt":"2026-01-13T16:57:24","guid":{"rendered":"https:\/\/www.europesays.com\/lv\/103335\/"},"modified":"2026-01-13T16:57:24","modified_gmt":"2026-01-13T16:57:24","slug":"kanadas-premjers-vizite-kina-meginas-uzlabot-abu-valstu-attiecibas-raksts","status":"publish","type":"post","link":"https:\/\/www.europesays.com\/lv\/103335\/","title":{"rendered":"Kan\u0101das premjers viz\u012bt\u0113 \u0136\u012bn\u0101 m\u0113\u0123in\u0101s uzlabot abu valstu attiec\u012bbas \/ Raksts"},"content":{"rendered":"<p>Divus za\u0137us ar vienu \u0161\u0101vienu v\u0113las nomed\u012bt Kan\u0101das premjerministrs Marks K\u0101rnijs, kur\u0161 otrdien uzs\u0101k ofici\u0101lu viz\u012bti \u0136\u012bn\u0101. K\u0101rnijs grib uzlabot Kan\u0101das attiec\u012bbas ar pasaules otru liel\u0101ko ekonomiku un samazin\u0101t atkar\u012bbu no Amerikas Savienotaj\u0101m Valst\u012bm (ASV).<\/p>\n<p style=\"text-align:left\">Tirdzniec\u012bbas sai\u0161u stiprin\u0101\u0161ana ar Pekinu b\u016bs K\u0101rnija viz\u012btes priorit\u0101te, kuras d\u0113\u013c vi\u0146\u0161 var\u0113tu izvair\u012bties piemin\u0113t \u0136\u012bnai ne\u0113rtus jaut\u0101jumus, piem\u0113ram, iesp\u0113jamo agresiju pret Taiv\u0101nu.<\/p>\n<p>Kan\u0101d\u0101 ir sp\u0113k\u0101 100 % ievedmuita \u0136\u012bnas elektromobi\u013ciem<\/p>\n<p style=\"text-align:left\">\u0160\u012b b\u016bs Kan\u0101das premjera pirm\u0101 viz\u012bte \u0136\u012bn\u0101 kop\u0161 2017. gada. Abu valstu attiec\u012bbas p\u0113d\u0113jos gados ir biju\u0161as saspringtas.<\/p>\n<p style=\"text-align:left\">2018. gad\u0101 Kan\u0101da p\u0113c ASV piepras\u012bjuma arest\u0113ja \u0136\u012bnas tehnolo\u0123iju uz\u0146\u0113muma &#8220;Huawei&#8221; augsta l\u012bme\u0146a amatpersonu. \u0136\u012bna uz to atbild\u0113ja, arest\u0113jot divus Kan\u0101das pilso\u0146us saist\u012bb\u0101 ar aps\u016bdz\u012bb\u0101m spiego\u0161an\u0101. Visi\u00a0tr\u012bs gan tika atbr\u012bvoti\u00a02021. gad\u0101 p\u0113c tam, kad par to vienoj\u0101s abu valstu\u00a0vald\u012bbas.<\/p>\n<p style=\"text-align:left\">K\u0101rnija priek\u0161tecis Kan\u0101das premjera amat\u0101 D\u017eastins Trudo 2024. gada apr\u012bl\u012b pazi\u0146oja, ka \u0136\u012bna ir iejaukusies vair\u0101k\u0101s Kan\u0101das parlamenta v\u0113l\u0113\u0161an\u0101s, bet t\u0101 pa\u0161a gada ruden\u012b Kan\u0101da noteica 100 % ievedmuitu \u0136\u012bn\u0101 ra\u017eotajiem elektroautomobi\u013ciem, k\u0101 ar\u012b 25 % ievedmuitu \u0137\u012bnie\u0161u t\u0113raudam un alum\u012bnijam.<\/p>\n<blockquote>\n<p style=\"text-align:left\">\u0136\u012bna p\u0113rn veica pretpas\u0101kumus, piem\u0113rojot augstu ievedmuitu vair\u0101kiem Kan\u0101das lauksaimniec\u012bbas produktiem, tostarp 76 % importa nodokli no Kan\u0101das ievestaj\u0101m rap\u0161u s\u0113kl\u0101m un 100 % ievedmuitu rap\u0161u e\u013c\u013cai, j\u016bras produktiem un c\u016bkga\u013cai.<\/p>\n<\/blockquote>\n<p style=\"text-align:left\">\u0136\u012bna ir likusi noprast, ka da\u013cu no ievedmuit\u0101m var\u0113tu atcelt, ja Kan\u0101da atteiktos no 100 % ievedmuitas \u0136\u012bnas elektroauto.<\/p>\n<p style=\"text-align:left\">P\u0113d\u0113j\u0101 gada laik\u0101 ir strauji pasliktin\u0101ju\u0161\u0101s Kan\u0101das attiec\u012bbas ar tuv\u0101ko kaimi\u0146u un liel\u0101ko tirdzniec\u012bbas partneri ASV, jo prezidents Donalds Tramps ir noteicis augstu ievedmuitu Kan\u0101d\u0101 ra\u017eotaj\u0101m automa\u0161\u012bn\u0101m, t\u0113raudam un alum\u012bnijam. Kan\u0101die\u0161us satrauc ar\u012b Trampa pazi\u0146ojumi, ka Kan\u0101dai b\u016btu j\u0101k\u013c\u016bst par ASV 51. \u0161tatu.<\/p>\n<p style=\"text-align:left\">\u0160o iemeslu d\u0113\u013c Kan\u0101da m\u0113\u0123ina tuvin\u0101ties ar cit\u0101m valst\u012bm.<\/p>\n<p>Kan\u0101da mekl\u0113 jaunus tirdzniec\u012bbas partnerus<\/p>\n<p style=\"text-align:left\">Pirms do\u0161an\u0101s uz \u0136\u012bnu K\u0101rnijs pazi\u0146oja, ka laik\u0101, kad br\u012bv\u0101 tirdzniec\u012bba tiek trauc\u0113ta, Kan\u0101da tiecas veidot &#8220;konkur\u0113tsp\u0113j\u012bg\u0101ku, ilgtsp\u0113j\u012bg\u0101ku un neatkar\u012bg\u0101ku ekonomiku&#8221;, t\u0101p\u0113c Otava mekl\u0113 jaunus partnerus vis\u0101 pasaul\u0113, lai mazin\u0101tu atkar\u012bbu no viena tirdzniec\u012bbas partnera, ar to dom\u0101jot ASV.<\/p>\n<p style=\"text-align:left\">Kop\u0101 ar K\u0101rniju uz Pekinu ir devusies pla\u0161a deleg\u0101cija, kuras sast\u0101v\u0101 ir ar\u012b pieci vald\u012bbas locek\u013ci, tostarp \u0101rlietu un lauksaimniec\u012bbas ministri, k\u0101 ar\u012b vair\u0101ku lielu uz\u0146\u0113mumu vad\u012bt\u0101ji.<\/p>\n<blockquote>\n<p style=\"text-align:left\">Kan\u0101das vald\u012bbas p\u0101rst\u0101vji ir pazi\u0146oju\u0161i, ka K\u0101rnija viz\u012btes laik\u0101 abas valstis var\u0113tu parakst\u012bt da\u017e\u0101das vieno\u0161an\u0101s. T\u0101pat kan\u0101die\u0161i cer, ka izdosies p\u0101rliecin\u0101t \u0137\u012bnie\u0161us samazin\u0101t ievedmuitu Kan\u0101das ra\u017eojumiem.<\/p>\n<\/blockquote>\n<p style=\"text-align:left\">Savuk\u0101rt \u0136\u012bna noteikti v\u0113l\u0113sies pan\u0101kt Kan\u0101das sol\u012bjumu piln\u012bb\u0101 atcelt vai iev\u0113rojami samazin\u0101t ievedmuitu \u0136\u012bnas elektroauto. Tikm\u0113r Kan\u0101das liel\u0101k\u0101s provinces Ont\u0101rio, kas ir valsts autor\u016bpniec\u012bbas centrs, premjerministrs Dags Fords mudin\u0101ja K\u0101rniju nepiek\u0101pties Pekinas pras\u012bb\u0101m, nor\u0101dot, ka ievedmuitu elektroauto var\u0113tu samazin\u0101t tikai tad, ja \u0136\u012bnas autora\u017eot\u0101ji ap\u0146emtos izveidot r\u016bpn\u012bcas Ont\u0101rio.<\/p>\n<p>Tuvin\u0101\u0161an\u0101s ar \u0136\u012bnu nevar\u0113s kompens\u0113t kr\u012bzi attiec\u012bb\u0101s ar ASV<\/p>\n<p style=\"text-align:left\">Ta\u010du eksperti \u0161aub\u0101s, ka K\u0101rnija brauciens uz \u0136\u012bnu dos lielu izr\u0101vienu centienos uzlabot abu valstu attiec\u012bbas.<\/p>\n<blockquote>\n<p style=\"text-align:left\">Atva\u013cin\u0101tais Kan\u0101das diplom\u0101ts \u010c\u0101rlzs B\u0113rtons dom\u0101, ka tirdzniec\u012bbas stiprin\u0101\u0161ana ar \u0136\u012bnu nesp\u0113s kompens\u0113t iev\u0113rojamo tirdzniec\u012bbas kritumu ar ASV. Turkl\u0101t esot risks v\u0113l vair\u0101k pasliktin\u0101t attiec\u012bbas ar ASV.<\/p>\n<\/blockquote>\n<p style=\"text-align:left\">&#8220;Ja m\u016bs uzskat\u012bs par p\u0101r\u0101k tuviem \u0136\u012bnai un ja m\u0113s \u013causim \u0136\u012bnas produktiem ien\u0101kt Kan\u0101d\u0101 bez ievedmuitas laik\u0101, kad ASV tiem piem\u0113ro ievedmuitu, tas var\u0113tu ietekm\u0113t tirdzniec\u012bbas sarunas ar ASV, jo t\u0101s nev\u0113l\u0113sies, lai Kan\u0101da faktiski k\u013c\u016btu par aizmugures durv\u012bm, pa kur\u0101m \u0136\u012bnas preces ar zem\u0101ku ievedmuitu non\u0101k ASV tirg\u016b,&#8221; B\u0113rtons sac\u012bja telekan\u0101lam &#8220;CTV News&#8221;.<\/p>\n<p style=\"text-align:left\">Pirms K\u0101rnija iera\u0161an\u0101s Pekin\u0101 divas Kan\u0101das parlamenta deput\u0101tes no premjera vad\u012bt\u0101s Liber\u0101l\u0101s partijas p\u0101rtrauca viz\u012bti Taiv\u0101n\u0101 un atgriez\u0101s dzimten\u0113. Vi\u0146as savu l\u0113mumu skaidroja ar v\u0113lmi &#8220;izvair\u012bties no neskaidr\u012bb\u0101m attiec\u012bb\u0101 uz Kan\u0101das \u0101rpolitiku&#8221;. Ac\u012bmredzot\u00a0tas tika dar\u012bts, lai nesaniknotu \u0136\u012bnu, kas \u013coti j\u016bt\u012bgi uztver rietumvalstu politi\u0137u viz\u012btes Taiv\u0101n\u0101, ko Pekina uzskata par sev piedero\u0161u.<\/p>\n<p>                    Valodas k\u013c\u016bda rakst\u0101?<\/p>\n<p class=\"d-none d-md-block\">Iez\u012bm\u0113jiet tekstu un spiediet Ctrl+Enter, lai nos\u016bt\u012btu labojamo teksta fragmentu redaktoram! Par faktu k\u013c\u016bd\u0101m l\u016bdzam zi\u0146ot e-past\u0101 <a href=\"https:\/\/www.lsm.lv\/cdn-cgi\/l\/email-protection\" class=\"__cf_email__\" data-cfemail=\"7c0e19181d171f15161d3c100f1152100a\" rel=\"nofollow noopener\" target=\"_blank\">[email\u00a0protected]<\/a>.<\/p>\n<p class=\"d-md-none\">Iez\u012bm\u0113jiet tekstu un spiediet uz Zi\u0146ot par k\u013c\u016bdu pogas, lai nos\u016bt\u012btu labojamo teksta fragmentu redaktoram!<\/p>\n<p>\n                    Zi\u0146ot par k\u013c\u016bdu\n                <\/p>\n","protected":false},"excerpt":{"rendered":"Divus za\u0137us ar vienu \u0161\u0101vienu v\u0113las nomed\u012bt Kan\u0101das premjerministrs Marks K\u0101rnijs, kur\u0161 otrdien uzs\u0101k ofici\u0101lu viz\u012bti \u0136\u012bn\u0101. K\u0101rnijs&hellip;\n","protected":false},"author":2,"featured_media":103336,"comment_status":"","ping_status":"","sticky":false,"template":"","format":"standard","meta":{"footnotes":""},"categories":[14],"tags":[23,57,28,29,32,33,22,30,31,35,39,38,36,37,34,40,20,26,27,24,25,54,55,56,21,58],"class_list":{"0":"post-103335","1":"post","2":"type-post","3":"status-publish","4":"format-standard","5":"has-post-thumbnail","7":"category-zinas-no-arvalstim","8":"tag-aktualitates","9":"tag-arvalstim","10":"tag-breaking-news","11":"tag-breakingnews","12":"tag-featured-news","13":"tag-featurednews","14":"tag-headlines","15":"tag-latest-news","16":"tag-latestnews","17":"tag-latvia","18":"tag-latvian","19":"tag-latviesu","20":"tag-latviesu-valoda","21":"tag-latviesuvaloda","22":"tag-latvija","23":"tag-lv","24":"tag-news","25":"tag-popularakas-zinas","26":"tag-popularakaszinas","27":"tag-top-stories","28":"tag-topstories","29":"tag-world","30":"tag-world-news","31":"tag-worldnews","32":"tag-zinas","33":"tag-zinas-no-arvalstim"},"share_on_mastodon":{"url":"https:\/\/pubeurope.com\/@lv\/115888851798577829","error":""},"_links":{"self":[{"href":"https:\/\/www.europesays.com\/lv\/wp-json\/wp\/v2\/posts\/103335","targetHints":{"allow":["GET"]}}],"collection":[{"href":"https:\/\/www.europesays.com\/lv\/wp-json\/wp\/v2\/posts"}],"about":[{"href":"https:\/\/www.europesays.com\/lv\/wp-json\/wp\/v2\/types\/post"}],"author":[{"embeddable":true,"href":"https:\/\/www.europesays.com\/lv\/wp-json\/wp\/v2\/users\/2"}],"replies":[{"embeddable":true,"href":"https:\/\/www.europesays.com\/lv\/wp-json\/wp\/v2\/comments?post=103335"}],"version-history":[{"count":0,"href":"https:\/\/www.europesays.com\/lv\/wp-json\/wp\/v2\/posts\/103335\/revisions"}],"wp:featuredmedia":[{"embeddable":true,"href":"https:\/\/www.europesays.com\/lv\/wp-json\/wp\/v2\/media\/103336"}],"wp:attachment":[{"href":"https:\/\/www.europesays.com\/lv\/wp-json\/wp\/v2\/media?parent=103335"}],"wp:term":[{"taxonomy":"category","embeddable":true,"href":"https:\/\/www.europesays.com\/lv\/wp-json\/wp\/v2\/categories?post=103335"},{"taxonomy":"post_tag","embeddable":true,"href":"https:\/\/www.europesays.com\/lv\/wp-json\/wp\/v2\/tags?post=103335"}],"curies":[{"name":"wp","href":"https:\/\/api.w.org\/{rel}","templated":true}]}}