{"id":103345,"date":"2026-01-13T17:03:07","date_gmt":"2026-01-13T17:03:07","guid":{"rendered":"https:\/\/www.europesays.com\/lv\/103345\/"},"modified":"2026-01-13T17:03:07","modified_gmt":"2026-01-13T17:03:07","slug":"ukrainas-parlaments-atbrivo-aizsardzibas-ministru-denisu-smihalu","status":"publish","type":"post","link":"https:\/\/www.europesays.com\/lv\/103345\/","title":{"rendered":"Ukrainas parlaments atbr\u012bvo Aizsardz\u012bbas ministru Denisu \u0160miha\u013cu"},"content":{"rendered":"<p class=\"descr\">Ukrainas parlaments otrdien pie\u0146\u0113mis aizsardz\u012bbas ministra Denisa \u0160miha\u013ca atk\u0101p\u0161anos no amata.<\/p>\n<blockquote><p>&#8220;Es atst\u0101ju \u0161o amatu ar p\u0101rliec\u012bbu, ka turpm\u0101kie procesi k\u013c\u016bs par pamatu t\u0101l\u0101k\u0101m p\u0101rmai\u0146\u0101m un reform\u0101m, un m\u016bsu kop\u012bgie sasniegumi kalpos par pamatu Ukrainas ilgtsp\u0113jai,&#8221; sac\u012bja \u0160miha\u013cs, run\u0101jot parlament\u0101.<\/p><\/blockquote>\n<p><a href=\"https:\/\/nra.lv\/latvija\/506085-smihals-latvija-razota-patria-sniegs-nozimigu-pienesumu.htm\" data-item-link=\"true\" data-item-id=\"506085\" rel=\"nofollow noopener\" target=\"_blank\">\u0160miha\u013cs aizsardz\u012bbas<\/a> ministra amatu ie\u0146\u0113ma no 2025. gada j\u016blija. Pirms tam vi\u0146\u0161 piecus gadus bija Ukrainas premjerministrs.<\/p>\n<p>Sagaid\u0101ms, ka v\u0113l \u0161odien Ukrainas parlaments lems par \u0160miha\u013ca iecel\u0161anu ener\u0123\u0113tikas ministra amat\u0101 un l\u012bdz\u0161in\u0113j\u0101 digit\u0101l\u0101s transform\u0101cijas ministra Mihailo Fedorova iecel\u0161anu aizsardz\u012bbas ministra amat\u0101, atsaucoties uz parlamenta deput\u0101ta Jaroslava \u017delez\u0146aka teikto, v\u0113sta t\u012bmek\u013ca medijs UNN.<\/p>\n<p>Par <a href=\"https:\/\/nra.lv\/pasaule\/497211-smihals-ukrainas-aizsardzibai-nakamgad-bus-nepieciesami-vismaz-120-miljardi-dolaru.htm\" data-item-link=\"true\" data-item-id=\"497211\" rel=\"nofollow noopener\" target=\"_blank\">iecer\u0113taj\u0101m izmai\u0146\u0101m <\/a>ministru kabinet\u0101 Ukrainas prezidents Volodimirs Zelenskis pav\u0113st\u012bja m\u0113ne\u0161a s\u0101kum\u0101.<\/p>\n<p>\t\t\t\t\t\tinfo<\/p>\n<p>Uzzini pirmais<br \/>kas interesants noticis Latvij\u0101 un pasaul\u0113,<br \/>pievienojoties mums <a href=\"https:\/\/t.me\/neatkariga\" rel=\"nofollow\">Telegram<\/a> vai <a href=\"https:\/\/whatsapp.com\/channel\/0029VaMLFUH5K3zLU5s4wm3y\" rel=\"nofollow noopener\" target=\"_blank\">Whatsapp<\/a> kan\u0101l\u0101<\/p>\n","protected":false},"excerpt":{"rendered":"Ukrainas parlaments otrdien pie\u0146\u0113mis aizsardz\u012bbas ministra Denisa \u0160miha\u013ca atk\u0101p\u0161anos no amata. &#8220;Es atst\u0101ju \u0161o amatu ar p\u0101rliec\u012bbu, ka&hellip;\n","protected":false},"author":2,"featured_media":103346,"comment_status":"","ping_status":"","sticky":false,"template":"","format":"standard","meta":{"footnotes":""},"categories":[14],"tags":[23,57,28,29,32,33,22,30,31,35,39,38,36,37,34,40,20,26,27,24,25,54,55,56,21,58],"class_list":{"0":"post-103345","1":"post","2":"type-post","3":"status-publish","4":"format-standard","5":"has-post-thumbnail","7":"category-zinas-no-arvalstim","8":"tag-aktualitates","9":"tag-arvalstim","10":"tag-breaking-news","11":"tag-breakingnews","12":"tag-featured-news","13":"tag-featurednews","14":"tag-headlines","15":"tag-latest-news","16":"tag-latestnews","17":"tag-latvia","18":"tag-latvian","19":"tag-latviesu","20":"tag-latviesu-valoda","21":"tag-latviesuvaloda","22":"tag-latvija","23":"tag-lv","24":"tag-news","25":"tag-popularakas-zinas","26":"tag-popularakaszinas","27":"tag-top-stories","28":"tag-topstories","29":"tag-world","30":"tag-world-news","31":"tag-worldnews","32":"tag-zinas","33":"tag-zinas-no-arvalstim"},"share_on_mastodon":{"url":"","error":""},"_links":{"self":[{"href":"https:\/\/www.europesays.com\/lv\/wp-json\/wp\/v2\/posts\/103345","targetHints":{"allow":["GET"]}}],"collection":[{"href":"https:\/\/www.europesays.com\/lv\/wp-json\/wp\/v2\/posts"}],"about":[{"href":"https:\/\/www.europesays.com\/lv\/wp-json\/wp\/v2\/types\/post"}],"author":[{"embeddable":true,"href":"https:\/\/www.europesays.com\/lv\/wp-json\/wp\/v2\/users\/2"}],"replies":[{"embeddable":true,"href":"https:\/\/www.europesays.com\/lv\/wp-json\/wp\/v2\/comments?post=103345"}],"version-history":[{"count":0,"href":"https:\/\/www.europesays.com\/lv\/wp-json\/wp\/v2\/posts\/103345\/revisions"}],"wp:featuredmedia":[{"embeddable":true,"href":"https:\/\/www.europesays.com\/lv\/wp-json\/wp\/v2\/media\/103346"}],"wp:attachment":[{"href":"https:\/\/www.europesays.com\/lv\/wp-json\/wp\/v2\/media?parent=103345"}],"wp:term":[{"taxonomy":"category","embeddable":true,"href":"https:\/\/www.europesays.com\/lv\/wp-json\/wp\/v2\/categories?post=103345"},{"taxonomy":"post_tag","embeddable":true,"href":"https:\/\/www.europesays.com\/lv\/wp-json\/wp\/v2\/tags?post=103345"}],"curies":[{"name":"wp","href":"https:\/\/api.w.org\/{rel}","templated":true}]}}