{"id":103349,"date":"2026-01-13T17:05:17","date_gmt":"2026-01-13T17:05:17","guid":{"rendered":"https:\/\/www.europesays.com\/lv\/103349\/"},"modified":"2026-01-13T17:05:17","modified_gmt":"2026-01-13T17:05:17","slug":"tieslietu-ministre-pienem-zverinatu-notaru-paligu-svinigo-solijumu","status":"publish","type":"post","link":"https:\/\/www.europesays.com\/lv\/103349\/","title":{"rendered":"Tieslietu ministre pie\u0146em zv\u0113rin\u0101tu not\u0101ru pal\u012bgu svin\u012bgo sol\u012bjumu"},"content":{"rendered":"<p>Otrdien, 13. janv\u0101r\u012b, tieslietu ministre Inese L\u012bbi\u0146a-Egnere pie\u0146\u0113ma piecu jauno zv\u0113rin\u0101tu not\u0101ru pal\u012bgu sol\u012bjumus, st\u0101joties amat\u0101. Sol\u012bjumu b\u016bt uztic\u012bgiem Latvijas valstij, sarg\u0101t personu tiesisk\u0101s intereses, godpr\u0101t\u012bgi un p\u0113c lab\u0101k\u0101s apzi\u0146as un p\u0101rliec\u012bbas pild\u012bt valsts likumus, k\u0101 ar\u012b sev uztic\u0113tos pien\u0101kumus deva R\u012bgas apgabaltiesas zv\u0113rin\u0101tas not\u0101res Gunas Stikutes pal\u012bdze R\u016bta Herberga, Latgales apgabaltiesas zv\u0113rin\u0101tas not\u0101res Reg\u012bnas Bogd\u0101nes pal\u012bdze Ivita Ostrovska, Zemgales apgabaltiesas zv\u0113rin\u0101tas not\u0101res Gundegas Rutkovskas pal\u012bdze Ren\u0101te Matus\u0113vi\u010da, Kurzemes apgabaltiesas zv\u0113rin\u0101tas not\u0101res Gijas Zablovskas pal\u012bdze Katr\u012bna Auzi\u0146a, Zemgales apgabaltiesas zv\u0113rin\u0101tas not\u0101res Ilzes Rozes pal\u012bdze Ineta Lubi\u0146a.<\/p>\n<p>Tieslietu ministre Inese L\u012bbi\u0146a-Egnere jaunajiem pal\u012bgiem v\u0113l\u0113ja veiksmi un akcent\u0113ja, ka jurista ce\u013c\u0161 ir aicin\u0101jums, un ka priec\u0101jas par katru juristu, kur\u0161 ar savu darbu stiprina Latviju k\u0101 tiesisku un demokr\u0101tisku valsti: \u201cZv\u0113rin\u0101ta not\u0101ra pal\u012bga darbs ir svar\u012bgs, jo tie\u0161i J\u016bs pal\u012bdzat iedz\u012bvot\u0101jiem risin\u0101t ikdien\u0101 vi\u0146iem noz\u012bm\u012bgus jaut\u0101jumus. J\u016bsu zin\u0101\u0161anas, atbild\u012bba ietekm\u0113 to, k\u0101 cilv\u0113ki izj\u016bt sa\u0146emto atbalstu un uztver tiesisko vidi kopum\u0101. Lai J\u016bsu profesion\u0101lo ce\u013cu vienm\u0113r pavada patiesa cilv\u0113c\u012bba, interese un v\u0113lme pal\u012bdz\u0113t!\u201d<\/p>\n<p>Zv\u0113rin\u0101ta not\u0101ra pal\u012bgu, pamatojoties uz zv\u0113rin\u0101ta not\u0101ra priek\u0161likumu un Latvijas Zv\u0113rin\u0101tu not\u0101ru padomes pozit\u012bvu atsauksmi, apstiprina amat\u0101 tieslietu ministrs p\u0113c not\u0101ra pal\u012bga sol\u012bjuma do\u0161anas.\u00a0\u00a0<\/p>\n<p>Atbilsto\u0161i Notari\u0101ta likumam zv\u0113rin\u0101ta not\u0101ra pal\u012bgs var aizst\u0101t zv\u0113rin\u0101tu not\u0101ru atva\u013cin\u0101juma, slim\u012bbas, komand\u0113juma un citas promb\u016btnes laik\u0101 un gad\u012bjumos, kad j\u0101izdara notari\u0101l\u0101 darb\u012bba \u0101rpus zv\u0113rin\u0101ta not\u0101ra prakses vietas.<\/p>\n<p>          <img decoding=\"async\" src=\"https:\/\/www.europesays.com\/lv\/wp-content\/uploads\/2026\/01\/1767645852_487_logo-lv.png\" alt=\"\"\/><\/p>\n<p>                  \u0160\u012b inform\u0101cija ir publisks pazi\u0146ojums un neatspogu\u013co LV port\u0101la viedokli. Par t\u0101s saturu atbild ies\u016bt\u012bt\u0101js. <a data-popup=\"rules\">Public\u0113\u0161anas noteikumi<\/a><\/p>\n","protected":false},"excerpt":{"rendered":"Otrdien, 13. janv\u0101r\u012b, tieslietu ministre Inese L\u012bbi\u0146a-Egnere pie\u0146\u0113ma piecu jauno zv\u0113rin\u0101tu not\u0101ru pal\u012bgu sol\u012bjumus, st\u0101joties amat\u0101. Sol\u012bjumu b\u016bt&hellip;\n","protected":false},"author":2,"featured_media":103350,"comment_status":"","ping_status":"","sticky":false,"template":"","format":"standard","meta":{"footnotes":""},"categories":[5],"tags":[23,28,29,32,33,22,30,31,35,39,38,36,37,34,40,20,26,27,24,25,21],"class_list":{"0":"post-103349","1":"post","2":"type-post","3":"status-publish","4":"format-standard","5":"has-post-thumbnail","7":"category-aktualitates","8":"tag-aktualitates","9":"tag-breaking-news","10":"tag-breakingnews","11":"tag-featured-news","12":"tag-featurednews","13":"tag-headlines","14":"tag-latest-news","15":"tag-latestnews","16":"tag-latvia","17":"tag-latvian","18":"tag-latviesu","19":"tag-latviesu-valoda","20":"tag-latviesuvaloda","21":"tag-latvija","22":"tag-lv","23":"tag-news","24":"tag-popularakas-zinas","25":"tag-popularakaszinas","26":"tag-top-stories","27":"tag-topstories","28":"tag-zinas"},"share_on_mastodon":{"url":"https:\/\/pubeurope.com\/@lv\/115888883248973975","error":""},"_links":{"self":[{"href":"https:\/\/www.europesays.com\/lv\/wp-json\/wp\/v2\/posts\/103349","targetHints":{"allow":["GET"]}}],"collection":[{"href":"https:\/\/www.europesays.com\/lv\/wp-json\/wp\/v2\/posts"}],"about":[{"href":"https:\/\/www.europesays.com\/lv\/wp-json\/wp\/v2\/types\/post"}],"author":[{"embeddable":true,"href":"https:\/\/www.europesays.com\/lv\/wp-json\/wp\/v2\/users\/2"}],"replies":[{"embeddable":true,"href":"https:\/\/www.europesays.com\/lv\/wp-json\/wp\/v2\/comments?post=103349"}],"version-history":[{"count":0,"href":"https:\/\/www.europesays.com\/lv\/wp-json\/wp\/v2\/posts\/103349\/revisions"}],"wp:featuredmedia":[{"embeddable":true,"href":"https:\/\/www.europesays.com\/lv\/wp-json\/wp\/v2\/media\/103350"}],"wp:attachment":[{"href":"https:\/\/www.europesays.com\/lv\/wp-json\/wp\/v2\/media?parent=103349"}],"wp:term":[{"taxonomy":"category","embeddable":true,"href":"https:\/\/www.europesays.com\/lv\/wp-json\/wp\/v2\/categories?post=103349"},{"taxonomy":"post_tag","embeddable":true,"href":"https:\/\/www.europesays.com\/lv\/wp-json\/wp\/v2\/tags?post=103349"}],"curies":[{"name":"wp","href":"https:\/\/api.w.org\/{rel}","templated":true}]}}