{"id":10336,"date":"2025-10-02T07:52:07","date_gmt":"2025-10-02T07:52:07","guid":{"rendered":"https:\/\/www.europesays.com\/lv\/10336\/"},"modified":"2025-10-02T07:52:07","modified_gmt":"2025-10-02T07:52:07","slug":"jekabpils-ba-uzsak-cinu-nacionalaja-liga-jekabpils-laiks-jekabpils-zinas","status":"publish","type":"post","link":"https:\/\/www.europesays.com\/lv\/10336\/","title":{"rendered":"\u201cJ\u0113kabpils BA\u201d uzs\u0101k c\u012b\u0146u Nacion\u0101laj\u0101 l\u012bg\u0101 \/ J\u0113kabpils Laiks: J\u0113kabpils zi\u0146as"},"content":{"rendered":"<p>Piektdien, 3. oktobr\u012b, pulksten 20:00 J\u0113kabpils Sporta hall\u0113 savu debiju Nacion\u0101laj\u0101 l\u012bg\u0101 aizvad\u012bs basketbola komanda \u201cJ\u0113kabpils BA\u201d, kas pag\u0101ju\u0161aj\u0101 sezon\u0101 k\u013cuva par Re\u0123ion\u0101l\u0101s l\u012bgas \u010dempioniem un izc\u012bn\u012bja ties\u012bbas sp\u0113l\u0113t augst\u0101kaj\u0101 l\u012bg\u0101. Sezonas atkl\u0101\u0161anas sp\u0113l\u0113 pret\u012b st\u0101sies viena no l\u012bgas vado\u0161aj\u0101m vien\u012bb\u0101m \u2013 \u201cGulbenes Buki\/BJSS\u201d.<\/p>\n<blockquote><p>&#13;<\/p>\n<p>Komandas prezidents pau\u017e optimismu par gaid\u0101mo sezonu: \u201cAr nepaciet\u012bbu gaidu sezonas s\u0101kumu. Ir izvirz\u012bti augsti m\u0113r\u0137i Nacion\u0101laj\u0101 l\u012bg\u0101.\u201d<\/p>\n<p>&#13;\n<\/p><\/blockquote>\n<p>Komandas galvenais treneris \u2013 Art\u016brs Elksn\u012btis, kapteinis \u2013 Ren\u0101rs Magone, kaptei\u0146a vietnieks \u2013 J\u0101nis Poz\u0146aks. \u201cJ\u0113kabpils BA\u201d sast\u0101vu veido gan viet\u0113jie basketbolisti, gan sp\u0113l\u0113t\u0101ji no cit\u0101m Latvijas pils\u0113t\u0101m.<\/p>\n<p>Komandas sast\u0101vs \u2013\u00a0<a href=\"https:\/\/nbl.basket.lv\/turnira-komandas\/?%7Ew=e%7EeJwVzDEKgDAMQNGrSGYDTbRt6hmc3VvSToKg4qB4d8344PMfOGDqYGRlp0PEWIMgUXOYOTT06oSDF5GSoe9gtXi9cF5Mt2nfjrPuxmokbiEmYST29J-qYh6loSvJC1HUlAneD8NLHQ8\" target=\"_blank\" rel=\"nofollow noopener\">\u0160EIT.<\/a><\/p>\n<p>Pirms jaun\u0101s sezonas s\u0101kuma \u201cJ\u0113kabpils BA\u201d jau aizvad\u012bja Latvijas basketbola U\u017eavas kausa pirmo k\u0101rtu, kur divu sp\u0113\u013cu summ\u0101 ar 217:161 p\u0101rsp\u0113ja \u201cBK Talsi\u201d. N\u0101kamaj\u0101 k\u0101rt\u0101 j\u0113kabpilie\u0161iem pretim st\u0101sies \u201cBK Ogre\u201d no \u201cOptibet\u201d Latvijas\u2013Igaunijas l\u012bgas.<\/p>\n<p>L\u012bdztekus Nacion\u0101lajai l\u012bgai darb\u012bbu turpina s\u0101k basketbola komanda \u201cJ\u0113kabpils BA\/Sporta centrs\u201d, kas start\u0113s Re\u0123ion\u0101laj\u0101 basketbola l\u012bg\u0101.<\/p>\n<blockquote><p>&#13;<\/p>\n<p>\u201cEsmu priec\u012bgs, ka paral\u0113li varam dot iesp\u0113ju J\u0113kabpils sporta skolas basketbolistiem start\u0113t Re\u0123ion\u0101laj\u0101 basketbola l\u012bg\u0101,\u201d teic M\u0101rti\u0146\u0161 M\u0101lnieks. \u201cKomand\u0101 ir t\u0101di jauni J\u0113kabpils sporta skolas audz\u0113k\u0146i k\u0101 Reinis M\u016brnieks, Kristers Migl\u0101ns, Norberts Antonovi\u010d\u0161, J\u0101nis Surkulis un, protams, pag\u0101ju\u0161\u0101s sezonas \u010dempionu komandas sp\u0113l\u0113t\u0101ji.\u201d<\/p>\n<p>&#13;\n<\/p><\/blockquote>\n<p>Komandas treneris \u2013 viens no pag\u0101ju\u0161\u0101s sezonas rezultat\u012bv\u0101kajiem sp\u0113l\u0113t\u0101jiem Edijs Stiebri\u0146\u0161, kapteinis \u2013 pieredz\u0113ju\u0161ais Edgars \u010caupjonoks. Sezonas atkl\u0101\u0161anas sp\u0113le paredz\u0113ta 11. oktobr\u012b J\u0113kabpils Sporta hall\u0113.<br \/>&#13;<br \/>\n\u00a0<\/p>\n","protected":false},"excerpt":{"rendered":"Piektdien, 3. oktobr\u012b, pulksten 20:00 J\u0113kabpils Sporta hall\u0113 savu debiju Nacion\u0101laj\u0101 l\u012bg\u0101 aizvad\u012bs basketbola komanda \u201cJ\u0113kabpils BA\u201d, kas&hellip;\n","protected":false},"author":2,"featured_media":10337,"comment_status":"","ping_status":"","sticky":false,"template":"","format":"standard","meta":{"footnotes":""},"categories":[17],"tags":[987,986,35,39,38,36,37,34,40,67],"class_list":{"0":"post-10336","1":"post","2":"type-post","3":"status-publish","4":"format-standard","5":"has-post-thumbnail","7":"category-sports","8":"tag-jekabpils-zinas","9":"tag-jekabpilslaiks","10":"tag-latvia","11":"tag-latvian","12":"tag-latviesu","13":"tag-latviesu-valoda","14":"tag-latviesuvaloda","15":"tag-latvija","16":"tag-lv","17":"tag-sports"},"share_on_mastodon":{"url":"","error":""},"_links":{"self":[{"href":"https:\/\/www.europesays.com\/lv\/wp-json\/wp\/v2\/posts\/10336","targetHints":{"allow":["GET"]}}],"collection":[{"href":"https:\/\/www.europesays.com\/lv\/wp-json\/wp\/v2\/posts"}],"about":[{"href":"https:\/\/www.europesays.com\/lv\/wp-json\/wp\/v2\/types\/post"}],"author":[{"embeddable":true,"href":"https:\/\/www.europesays.com\/lv\/wp-json\/wp\/v2\/users\/2"}],"replies":[{"embeddable":true,"href":"https:\/\/www.europesays.com\/lv\/wp-json\/wp\/v2\/comments?post=10336"}],"version-history":[{"count":0,"href":"https:\/\/www.europesays.com\/lv\/wp-json\/wp\/v2\/posts\/10336\/revisions"}],"wp:featuredmedia":[{"embeddable":true,"href":"https:\/\/www.europesays.com\/lv\/wp-json\/wp\/v2\/media\/10337"}],"wp:attachment":[{"href":"https:\/\/www.europesays.com\/lv\/wp-json\/wp\/v2\/media?parent=10336"}],"wp:term":[{"taxonomy":"category","embeddable":true,"href":"https:\/\/www.europesays.com\/lv\/wp-json\/wp\/v2\/categories?post=10336"},{"taxonomy":"post_tag","embeddable":true,"href":"https:\/\/www.europesays.com\/lv\/wp-json\/wp\/v2\/tags?post=10336"}],"curies":[{"name":"wp","href":"https:\/\/api.w.org\/{rel}","templated":true}]}}