{"id":103377,"date":"2026-01-13T17:28:07","date_gmt":"2026-01-13T17:28:07","guid":{"rendered":"https:\/\/www.europesays.com\/lv\/103377\/"},"modified":"2026-01-13T17:28:07","modified_gmt":"2026-01-13T17:28:07","slug":"ieguldot-30-miljonus-eiro-latvija-taps-vienotas-veselibas-izcilibas-centrs","status":"publish","type":"post","link":"https:\/\/www.europesays.com\/lv\/103377\/","title":{"rendered":"ieguldot 30 miljonus eiro, Latvij\u0101 taps &#8220;Vienotas vesel\u012bbas&#8221; izcil\u012bbas centrs"},"content":{"rendered":"<p>Vald\u012bba otrdien atbalst\u012bja nacion\u0101l\u0101 l\u012bdzfinans\u0113juma nodro\u0161in\u0101\u0161anu \u0161im zin\u0101tniskajam projektam &#8220;IntegroHEALTH&#8221;.<\/p>\n<p>Projekts tika atbalst\u012bts p\u0113c Izgl\u012bt\u012bbas un zin\u0101tnes ministrijas (IZM) informat\u012bv\u0101 zi\u0146ojuma izskat\u012b\u0161anas. Taj\u0101 min\u0113ts, ka jaunais centrs apvienos cilv\u0113ku vesel\u012bbas, vides un dz\u012bvnieku vesel\u012bbas datus, lai savlaic\u012bgi atkl\u0101tu sabiedr\u012bbas vesel\u012bbas apdraud\u0113jumus, piem\u0113ram, infekciju uzliesmojumus, vides pies\u0101r\u0146ojumu vai antibiotiku rezistences izplat\u012bbu.<\/p>\n<p>Tas izmantos m\u0101ksl\u012bg\u0101 intelekta un digit\u0101lo dv\u012b\u0146u tehnolo\u0123ijas, kas \u013caus prognoz\u0113t riskus un pie\u0146emt l\u0113mumus re\u0101llaik\u0101, skaidro IZM. Pl\u0101nots att\u012bst\u012bt \u010detrus jaunus p\u0113tniec\u012bbas virzienus, tostarp vienotas vesel\u012bbas metagenomiku un dro\u0161\u012bbas anal\u012btiku, vides bioinidikatoru anal\u012btiku un digit\u0101lo sist\u0113mu model\u0113\u0161anu.<\/p>\n<p>Projekts paredz ar\u012b jaunas zin\u0101tnes infrastrukt\u016bras izveidi, augsti kvalific\u0113tu p\u0113tnieku piesaisti un cie\u0161\u0101ku sadarb\u012bbu starp zin\u0101tni, valsts iest\u0101d\u0113m un uz\u0146\u0113mumiem. Tiek sagaid\u012bts, ka tas stiprin\u0101s Latvijas gatav\u012bbu vesel\u012bbas un vides dro\u0161\u012bbas izaicin\u0101jumiem. Centra infrastrukt\u016bru paredz\u0113ts izmantot ar\u012b sabiedr\u012bbas vesel\u012bbas un vides dro\u0161\u012bbas monitoringam re\u0101llaik\u0101.<\/p>\n","protected":false},"excerpt":{"rendered":"Vald\u012bba otrdien atbalst\u012bja nacion\u0101l\u0101 l\u012bdzfinans\u0113juma nodro\u0161in\u0101\u0161anu \u0161im zin\u0101tniskajam projektam &#8220;IntegroHEALTH&#8221;. Projekts tika atbalst\u012bts p\u0113c Izgl\u012bt\u012bbas un zin\u0101tnes ministrijas&hellip;\n","protected":false},"author":2,"featured_media":102936,"comment_status":"","ping_status":"","sticky":false,"template":"","format":"standard","meta":{"footnotes":""},"categories":[12],"tags":[23,28,29,32,33,22,336,3313,30,31,35,39,38,36,37,34,40,20,26,27,24,25,21],"class_list":{"0":"post-103377","1":"post","2":"type-post","3":"status-publish","4":"format-standard","5":"has-post-thumbnail","7":"category-latvija","8":"tag-aktualitates","9":"tag-breaking-news","10":"tag-breakingnews","11":"tag-featured-news","12":"tag-featurednews","13":"tag-headlines","14":"tag-izglitiba","15":"tag-izglitibas-un-zinatnes-ministrija","16":"tag-latest-news","17":"tag-latestnews","18":"tag-latvia","19":"tag-latvian","20":"tag-latviesu","21":"tag-latviesu-valoda","22":"tag-latviesuvaloda","23":"tag-latvija","24":"tag-lv","25":"tag-news","26":"tag-popularakas-zinas","27":"tag-popularakaszinas","28":"tag-top-stories","29":"tag-topstories","30":"tag-zinas"},"share_on_mastodon":{"url":"https:\/\/pubeurope.com\/@lv\/115888973710034874","error":""},"_links":{"self":[{"href":"https:\/\/www.europesays.com\/lv\/wp-json\/wp\/v2\/posts\/103377","targetHints":{"allow":["GET"]}}],"collection":[{"href":"https:\/\/www.europesays.com\/lv\/wp-json\/wp\/v2\/posts"}],"about":[{"href":"https:\/\/www.europesays.com\/lv\/wp-json\/wp\/v2\/types\/post"}],"author":[{"embeddable":true,"href":"https:\/\/www.europesays.com\/lv\/wp-json\/wp\/v2\/users\/2"}],"replies":[{"embeddable":true,"href":"https:\/\/www.europesays.com\/lv\/wp-json\/wp\/v2\/comments?post=103377"}],"version-history":[{"count":0,"href":"https:\/\/www.europesays.com\/lv\/wp-json\/wp\/v2\/posts\/103377\/revisions"}],"wp:featuredmedia":[{"embeddable":true,"href":"https:\/\/www.europesays.com\/lv\/wp-json\/wp\/v2\/media\/102936"}],"wp:attachment":[{"href":"https:\/\/www.europesays.com\/lv\/wp-json\/wp\/v2\/media?parent=103377"}],"wp:term":[{"taxonomy":"category","embeddable":true,"href":"https:\/\/www.europesays.com\/lv\/wp-json\/wp\/v2\/categories?post=103377"},{"taxonomy":"post_tag","embeddable":true,"href":"https:\/\/www.europesays.com\/lv\/wp-json\/wp\/v2\/tags?post=103377"}],"curies":[{"name":"wp","href":"https:\/\/api.w.org\/{rel}","templated":true}]}}