{"id":103381,"date":"2026-01-13T17:35:09","date_gmt":"2026-01-13T17:35:09","guid":{"rendered":"https:\/\/www.europesays.com\/lv\/103381\/"},"modified":"2026-01-13T17:35:09","modified_gmt":"2026-01-13T17:35:09","slug":"ukrainas-parlaments-pienem-ekspremjera-smihala-atkapsanos-no-aizsardzibas-ministra-amata-jauns-lv","status":"publish","type":"post","link":"https:\/\/www.europesays.com\/lv\/103381\/","title":{"rendered":"Ukrainas parlaments pie\u0146em ekspremjera \u0160miha\u013ca atk\u0101p\u0161anos no aizsardz\u012bbas ministra amata &#8211; Jauns.lv"},"content":{"rendered":"<ol>\n<li><a href=\"https:\/\/news.google.com\/rss\/articles\/CBMixgFBVV95cUxNbEZCYUZ3WFJtTHBjRTg0WlFiUzV4M2pQOHhoM3ZkNzA4aml5V0FKZlRoZzdSNFp5ellvMm1zbHpSX1VXWE8wRWVQcDdVS2JXcFhEVFNWcDJKRHZVaEJ4dGRXMV9CZkEwS3ZnWmd5TkJTZUJFck13ZUhyb2w1TVJhR3I4TnhkUXpTbDRWR0I1dTRlcXFnT3VlN2FHdHByZ0JNc05vcEdvMFQ2dmZDbzc3cm04OVdjNERhZW9FQldodE1wMnpoVGc?oc=5\" target=\"_blank\" rel=\"nofollow noopener\">Ukrainas parlaments pie\u0146em ekspremjera \u0160miha\u013ca atk\u0101p\u0161anos no aizsardz\u012bbas ministra amata<\/a>&nbsp;&nbsp;Jauns.lv<\/li>\n<li><a href=\"https:\/\/news.google.com\/rss\/articles\/CBMi1AFBVV95cUxPWGJnMzVwQXEzT0k1a2dpS21iek43VjVQVXVBcVl3UVE2NGxaWGNMWUxNWUZmRGYxRHBGenZyMGg0TjVmSXcwNy1mb1ZIa29YenQ1b0xwQUJtMWNINUdkbThRVThiLVY5eWRNeHptMDZlMVR0S2ZWbS1lbEF4a25NajF6T3FkNDY0TlpjbTQ0LWtNRENQMUF1TWJDM0ZPS00tOHlaOTNSdGtIWEpBMTRhNndiaFNkeHUtejBJMTFRX0dyUUcxeHcyQVdNY0wxeDNLX2JtNg?oc=5\" target=\"_blank\" rel=\"nofollow noopener\">Ukrainas parlaments pie\u0146\u0113mis aizsardz\u012bbas ministra \u0160miha\u013ca atk\u0101p\u0161anos no amata \/ Raksts<\/a>&nbsp;&nbsp;LSM<\/li>\n<li><a href=\"https:\/\/news.google.com\/rss\/articles\/CBMinwFBVV95cUxOaEI1YTFWOG1SRi01TnJ2bkdsQ2lpVW40TmJGa0dzejFlRklfazZwYzZFOWxJMjJIV2xLTWJkYjZOeEs5QW9McVctNnJCanFEQ3hFVzR1TnRrdDJSYlZGalRNelZqdk1EWldTajlMNGtTMEZXdHFhNjc1TC00ZXktUFNtWFh0RUE3V3RINC1zcGkyRDlBZmpfemhTei1lOWM?oc=5\" target=\"_blank\" rel=\"nofollow noopener\">Ukraina atbr\u012bvo no amata aizsardz\u012bbas ministru<\/a>&nbsp;&nbsp;NRA<\/li>\n<li><a href=\"https:\/\/news.google.com\/rss\/articles\/CBMimwFBVV95cUxOWDdmcXR2QXBpTHVFN0lkaGZPVFpQQzBOMk50S1FqZGd5Ym56d1B5VGp1cUhoZGt0NEhpeHBwZHh2bGJtYVZHdGRlNURMRTZCcUtpV19BMjNFTWJ5bVduSjBqeGR0WGJVNGEzeWpjMW9wbWlRcjg0bVFWZ3NLUUVlS3hTT05HTG40M3BYSW5EN21mSG5sZ2ZsRFJycw?oc=5\" target=\"_blank\" rel=\"nofollow noopener\">Ukrainas parlaments atbr\u012bvo \u0160miha\u013cu no ministra amata<\/a>&nbsp;&nbsp;Lasi.lv<\/li>\n<li><a href=\"https:\/\/news.google.com\/rss\/articles\/CBMivgFBVV95cUxQQVBNSUd5U1Q3cWxsZ0dHZk8tTFI2NTJEd2NYblJYdTZReTJUMDhVbTVHWlpjMkJyR1phemVtUm1Lc0cxd3FyOExNUEdnYnpkbWpmZ0xqQlY5OXdZRzBpalVYVWpuQ3N3dkFYbW42MnZhVnlpRENzRUtNQzNFZXZUbFhOQWZLb25CeXdaZExSZjRqZkdjS203Q3RDb1VuTE94X202cUZGQlR1cmVyUWhfbkx0RXVSU0Jvem93OUJn?oc=5\" target=\"_blank\" rel=\"nofollow noopener\">Ukrainas parlaments apstiprina aizsardz\u012bbas ministra Denisa \u0160miha\u013ca atk\u0101p\u0161anos<\/a>&nbsp;&nbsp;Lente.lv<\/li>\n<\/ol>\n","protected":false},"excerpt":{"rendered":"Ukrainas parlaments pie\u0146em ekspremjera \u0160miha\u013ca atk\u0101p\u0161anos no aizsardz\u012bbas ministra amata&nbsp;&nbsp;Jauns.lv Ukrainas parlaments pie\u0146\u0113mis aizsardz\u012bbas ministra \u0160miha\u013ca atk\u0101p\u0161anos no&hellip;\n","protected":false},"author":2,"featured_media":103382,"comment_status":"","ping_status":"","sticky":false,"template":"","format":"standard","meta":{"footnotes":""},"categories":[5],"tags":[23,28,29,32,33,22,30,31,35,39,38,36,37,34,40,20,26,27,24,25,21],"class_list":{"0":"post-103381","1":"post","2":"type-post","3":"status-publish","4":"format-standard","5":"has-post-thumbnail","7":"category-aktualitates","8":"tag-aktualitates","9":"tag-breaking-news","10":"tag-breakingnews","11":"tag-featured-news","12":"tag-featurednews","13":"tag-headlines","14":"tag-latest-news","15":"tag-latestnews","16":"tag-latvia","17":"tag-latvian","18":"tag-latviesu","19":"tag-latviesu-valoda","20":"tag-latviesuvaloda","21":"tag-latvija","22":"tag-lv","23":"tag-news","24":"tag-popularakas-zinas","25":"tag-popularakaszinas","26":"tag-top-stories","27":"tag-topstories","28":"tag-zinas"},"share_on_mastodon":{"url":"https:\/\/pubeurope.com\/@lv\/115889001138487075","error":""},"_links":{"self":[{"href":"https:\/\/www.europesays.com\/lv\/wp-json\/wp\/v2\/posts\/103381","targetHints":{"allow":["GET"]}}],"collection":[{"href":"https:\/\/www.europesays.com\/lv\/wp-json\/wp\/v2\/posts"}],"about":[{"href":"https:\/\/www.europesays.com\/lv\/wp-json\/wp\/v2\/types\/post"}],"author":[{"embeddable":true,"href":"https:\/\/www.europesays.com\/lv\/wp-json\/wp\/v2\/users\/2"}],"replies":[{"embeddable":true,"href":"https:\/\/www.europesays.com\/lv\/wp-json\/wp\/v2\/comments?post=103381"}],"version-history":[{"count":0,"href":"https:\/\/www.europesays.com\/lv\/wp-json\/wp\/v2\/posts\/103381\/revisions"}],"wp:featuredmedia":[{"embeddable":true,"href":"https:\/\/www.europesays.com\/lv\/wp-json\/wp\/v2\/media\/103382"}],"wp:attachment":[{"href":"https:\/\/www.europesays.com\/lv\/wp-json\/wp\/v2\/media?parent=103381"}],"wp:term":[{"taxonomy":"category","embeddable":true,"href":"https:\/\/www.europesays.com\/lv\/wp-json\/wp\/v2\/categories?post=103381"},{"taxonomy":"post_tag","embeddable":true,"href":"https:\/\/www.europesays.com\/lv\/wp-json\/wp\/v2\/tags?post=103381"}],"curies":[{"name":"wp","href":"https:\/\/api.w.org\/{rel}","templated":true}]}}