{"id":103383,"date":"2026-01-13T17:37:07","date_gmt":"2026-01-13T17:37:07","guid":{"rendered":"https:\/\/www.europesays.com\/lv\/103383\/"},"modified":"2026-01-13T17:37:07","modified_gmt":"2026-01-13T17:37:07","slug":"lovsons-atklaj-kas-bijusi-lielaka-maciba-aizvaditaja-f1-sezona-motoru-sports-sportacentrs-com","status":"publish","type":"post","link":"https:\/\/www.europesays.com\/lv\/103383\/","title":{"rendered":"Lovsons atkl\u0101j, kas bijusi liel\u0101k\u0101 m\u0101c\u012bba aizvad\u012btaj\u0101 F1 sezon\u0101 \u2013 Motoru sports \u2013 Sportacentrs.com"},"content":{"rendered":"<p>Lovsons sezonu s\u0101ka &#8220;Red Bull&#8221; sast\u0101v\u0101 l\u012bdz\u0101s Maksam Verstapenam, ta\u010du jau p\u0113c diviem posmiem tika pazemin\u0101ts uz &#8220;Racing Bulls&#8221;, samainoties viet\u0101m ar Juki Cunodu. \u0160is pav\u0113rsiens jaunajam pilotam bija smags trieciens, un atgrie\u0161an\u0101s &#8220;mazaj\u0101&#8221; komand\u0101 pras\u012bja laiku, lai atkal atrastu ritmu. Tom\u0113r sezonas gait\u0101 Lovsons sp\u0113ja k\u013c\u016bt stabil\u0101ks un arvien bie\u017e\u0101k demonstr\u0113ja l\u012bdzv\u0113rt\u012bgu sniegumu ar komandas biedru \u012azaku Had\u017e\u0101ru.<\/p>\n<p>Kopum\u0101 23 gadus vecais pilots 22 sac\u012bkst\u0113s guva 38 punktus, sezonas spilgt\u0101ko rezult\u0101tu sasniedzot Azerbaid\u017e\u0101nas &#8220;Grand Prix&#8221;, kur fini\u0161\u0113ja piektaj\u0101 viet\u0101. \u0160is sniegums nodro\u0161in\u0101ja vi\u0146am l\u012bgumu ar &#8220;Racing Bulls&#8221; ar\u012b 2026. gadam, kad F1 ien\u0101ks jaunaj\u0101 tehniskaj\u0101 \u0113r\u0101.<\/p>\n<p>Run\u0101jot par sezonas galveno m\u0101c\u012bbu, Lovsons uzsv\u0113ra, ka garaj\u0101 kalend\u0101r\u0101 nav laika iestr\u0113gt pie vienas neveiksmes. &#8220;Ir svar\u012bgi atskat\u012bties uz katru ned\u0113\u013cas nogali, pa\u0146emt pozit\u012bvo un m\u0101c\u012bties, bet ar tik daudz sac\u012bkst\u0113m ir \u013coti gr\u016bti neiestr\u0113gt emocij\u0101s,&#8221; vi\u0146\u0161 sac\u012bja.<\/p>\n<p>K\u0101 piem\u0113ru Lovsons min\u0113ja Kataras posmu, kur \u0161\u0137ietami \u013coti &#8220;gluds&#8221; sniegums ned\u0113\u013cas nogal\u0113 tika izn\u012bcin\u0101ts ar nelielu k\u013c\u016bdu sac\u012bkst\u0113. &#8220;Tas ir \u0101rk\u0101rt\u012bgi sar\u016bgtino\u0161i,&#8221; atzina pilots, piebilstot, ka tie\u0161i \u0161\u0101das situ\u0101cijas vi\u0146u iem\u0101c\u012bju\u0161as saglab\u0101t mieru un skat\u012bties uz priek\u0161u.<\/p>\n<p>Izmantotie resursi:<br \/><a target=\"_blank\" href=\"http:\/\/www.motorsport.com\" rel=\"nofollow noopener\">motorsport.com<\/a><\/p>\n","protected":false},"excerpt":{"rendered":"Lovsons sezonu s\u0101ka &#8220;Red Bull&#8221; sast\u0101v\u0101 l\u012bdz\u0101s Maksam Verstapenam, ta\u010du jau p\u0113c diviem posmiem tika pazemin\u0101ts uz &#8220;Racing&hellip;\n","protected":false},"author":2,"featured_media":103384,"comment_status":"","ping_status":"","sticky":false,"template":"","format":"standard","meta":{"footnotes":""},"categories":[17],"tags":[35,39,38,36,37,34,40,165,67],"class_list":{"0":"post-103383","1":"post","2":"type-post","3":"status-publish","4":"format-standard","5":"has-post-thumbnail","7":"category-sports","8":"tag-latvia","9":"tag-latvian","10":"tag-latviesu","11":"tag-latviesu-valoda","12":"tag-latviesuvaloda","13":"tag-latvija","14":"tag-lv","15":"tag-motoru-sports","16":"tag-sports"},"share_on_mastodon":{"url":"https:\/\/pubeurope.com\/@lv\/115889008942809069","error":""},"_links":{"self":[{"href":"https:\/\/www.europesays.com\/lv\/wp-json\/wp\/v2\/posts\/103383","targetHints":{"allow":["GET"]}}],"collection":[{"href":"https:\/\/www.europesays.com\/lv\/wp-json\/wp\/v2\/posts"}],"about":[{"href":"https:\/\/www.europesays.com\/lv\/wp-json\/wp\/v2\/types\/post"}],"author":[{"embeddable":true,"href":"https:\/\/www.europesays.com\/lv\/wp-json\/wp\/v2\/users\/2"}],"replies":[{"embeddable":true,"href":"https:\/\/www.europesays.com\/lv\/wp-json\/wp\/v2\/comments?post=103383"}],"version-history":[{"count":0,"href":"https:\/\/www.europesays.com\/lv\/wp-json\/wp\/v2\/posts\/103383\/revisions"}],"wp:featuredmedia":[{"embeddable":true,"href":"https:\/\/www.europesays.com\/lv\/wp-json\/wp\/v2\/media\/103384"}],"wp:attachment":[{"href":"https:\/\/www.europesays.com\/lv\/wp-json\/wp\/v2\/media?parent=103383"}],"wp:term":[{"taxonomy":"category","embeddable":true,"href":"https:\/\/www.europesays.com\/lv\/wp-json\/wp\/v2\/categories?post=103383"},{"taxonomy":"post_tag","embeddable":true,"href":"https:\/\/www.europesays.com\/lv\/wp-json\/wp\/v2\/tags?post=103383"}],"curies":[{"name":"wp","href":"https:\/\/api.w.org\/{rel}","templated":true}]}}