{"id":103385,"date":"2026-01-13T17:41:09","date_gmt":"2026-01-13T17:41:09","guid":{"rendered":"https:\/\/www.europesays.com\/lv\/103385\/"},"modified":"2026-01-13T17:41:09","modified_gmt":"2026-01-13T17:41:09","slug":"lai-gan-inflacijas-temps-saruks-cenas-pieaugs-saka-ekonomisti","status":"publish","type":"post","link":"https:\/\/www.europesays.com\/lv\/103385\/","title":{"rendered":"Lai gan infl\u0101cijas temps saruks, cenas pieaugs, saka ekonomisti"},"content":{"rendered":"<p>Latvijas Bankas ekonomiste Ieva Opmane nor\u0101da, ka p\u0113c izteikti zema infl\u0101cijas perioda 2024. gad\u0101 2025. gads licis saros\u012bties, analiz\u0113jot un v\u0113rt\u0113jot, k\u0101p\u0113c cenu pieaugums k\u013cuvis strauj\u0101ks. Jau kop\u0161 pag\u0101ju\u0161\u0101 gada s\u0101kuma <a href=\"https:\/\/www.apollo.lv\/term\/556983\/inflacija\" class=\"topicLink\" target=\"_blank\" rel=\"nofollow noopener\">infl\u0101cija<\/a> tur\u0113jusies virs 3%, ruden\u012b pak\u0101pjoties pat l\u012bdz 4,3%, bet gada nogal\u0113 atkal mazinoties. 2025. gada decembr\u012b, sal\u012bdzinot ar situ\u0101ciju pirms gada, visp\u0101r\u0113jais cenu l\u012bmenis pieaudzis par 3,5%, savuk\u0101rt, sal\u012bdzinot ar novembri, <a href=\"https:\/\/www.apollo.lv\/term\/619371\/cenas\" class=\"topicLink\" target=\"_blank\" rel=\"nofollow noopener\">cenas<\/a> vid\u0113ji saruku\u0161as par 0,1%.<\/p>\n<p>P\u0113rn \u012bpa\u0161i tika piev\u0113rsta uzman\u012bba p\u0101rtikas cenu pieaugumam, tom\u0113r strauji augu\u0161as ar\u012b da\u017e\u0101du pakalpojumu cenas, un gada otraj\u0101 pus\u0113 k\u0101pu\u0161as cenas ar\u012b energoproduktiem.<\/p>\n<p>Opmane pau\u017e, ka vair\u0101ki iemesli liek dom\u0101t, ka tuv\u0101kajos m\u0113ne\u0161os var\u0113tu b\u016bt gaid\u0101ms infl\u0101cijas sarukums.<\/p>\n<p>Neskatoties uz neseno naftas cenu pieaugumu, kas saist\u012bts ar ba\u017e\u0101m par t\u0101s pieg\u0101des apjomiem, \u0146emot v\u0113r\u0101 nestabilo situ\u0101ciju Ir\u0101n\u0101 un Venecu\u0113l\u0101, patlaban cenu l\u012bmenis gan naftai, gan dabasg\u0101zei, sal\u012bdzinot ar vid\u0113ja termi\u0146a datiem, ir sam\u0113r\u0101 zems. \u0160o resursu cenas b\u016btiski ietekm\u0113 ne tikai ener\u0123ijas cenas (cenas degvielai, elektr\u012bbai un dabasg\u0101zei pat\u0113r\u0113t\u0101jiem), bet ar\u012b netie\u0161\u0101 veid\u0101 rada izmaksas, kas tiek iek\u013cautas citu produktu gala cen\u0101s. Augsto energocenu period\u0101 2022. gad\u0101, ener\u0123ijas cenu pieauguma rezult\u0101t\u0101 palielinoties transporta, uzglab\u0101\u0161anas un ra\u017eo\u0161anas izmaks\u0101m, papildus k\u0101pa cena ar\u012b p\u0101rtikai, r\u016bpniec\u012bbas prec\u0113m un pakalpojumiem.<\/p>\n","protected":false},"excerpt":{"rendered":"Latvijas Bankas ekonomiste Ieva Opmane nor\u0101da, ka p\u0113c izteikti zema infl\u0101cijas perioda 2024. gad\u0101 2025. gads licis saros\u012bties,&hellip;\n","protected":false},"author":2,"featured_media":103386,"comment_status":"","ping_status":"","sticky":false,"template":"","format":"standard","meta":{"footnotes":""},"categories":[5],"tags":[23,28,29,1129,47,6575,32,33,22,550,30,31,35,39,38,36,37,34,40,20,44,26,27,24,25,21],"class_list":{"0":"post-103385","1":"post","2":"type-post","3":"status-publish","4":"format-standard","5":"has-post-thumbnail","7":"category-aktualitates","8":"tag-aktualitates","9":"tag-breaking-news","10":"tag-breakingnews","11":"tag-cenas","12":"tag-ekonomika","13":"tag-ekonomikas-zinas","14":"tag-featured-news","15":"tag-featurednews","16":"tag-headlines","17":"tag-inflacija","18":"tag-latest-news","19":"tag-latestnews","20":"tag-latvia","21":"tag-latvian","22":"tag-latviesu","23":"tag-latviesu-valoda","24":"tag-latviesuvaloda","25":"tag-latvija","26":"tag-lv","27":"tag-news","28":"tag-partikas-cenas","29":"tag-popularakas-zinas","30":"tag-popularakaszinas","31":"tag-top-stories","32":"tag-topstories","33":"tag-zinas"},"share_on_mastodon":{"url":"https:\/\/pubeurope.com\/@lv\/115889024715791838","error":""},"_links":{"self":[{"href":"https:\/\/www.europesays.com\/lv\/wp-json\/wp\/v2\/posts\/103385","targetHints":{"allow":["GET"]}}],"collection":[{"href":"https:\/\/www.europesays.com\/lv\/wp-json\/wp\/v2\/posts"}],"about":[{"href":"https:\/\/www.europesays.com\/lv\/wp-json\/wp\/v2\/types\/post"}],"author":[{"embeddable":true,"href":"https:\/\/www.europesays.com\/lv\/wp-json\/wp\/v2\/users\/2"}],"replies":[{"embeddable":true,"href":"https:\/\/www.europesays.com\/lv\/wp-json\/wp\/v2\/comments?post=103385"}],"version-history":[{"count":0,"href":"https:\/\/www.europesays.com\/lv\/wp-json\/wp\/v2\/posts\/103385\/revisions"}],"wp:featuredmedia":[{"embeddable":true,"href":"https:\/\/www.europesays.com\/lv\/wp-json\/wp\/v2\/media\/103386"}],"wp:attachment":[{"href":"https:\/\/www.europesays.com\/lv\/wp-json\/wp\/v2\/media?parent=103385"}],"wp:term":[{"taxonomy":"category","embeddable":true,"href":"https:\/\/www.europesays.com\/lv\/wp-json\/wp\/v2\/categories?post=103385"},{"taxonomy":"post_tag","embeddable":true,"href":"https:\/\/www.europesays.com\/lv\/wp-json\/wp\/v2\/tags?post=103385"}],"curies":[{"name":"wp","href":"https:\/\/api.w.org\/{rel}","templated":true}]}}