{"id":103387,"date":"2026-01-13T17:47:16","date_gmt":"2026-01-13T17:47:16","guid":{"rendered":"https:\/\/www.europesays.com\/lv\/103387\/"},"modified":"2026-01-13T17:47:16","modified_gmt":"2026-01-13T17:47:16","slug":"svinot-105-gadus-kops-latvijas-starptautiskas-atzisanas-francijas-eiropas-un-arlietu-ministrs-zans-noels-baro-ieradisies-darba-vizite-latvija-b-braze-riko-ari-baltijas-valstu-un-francijas-arlietu-m","status":"publish","type":"post","link":"https:\/\/www.europesays.com\/lv\/103387\/","title":{"rendered":"Svinot 105 gadus kop\u0161 Latvijas starptautisk\u0101s atz\u012b\u0161anas, Francijas Eiropas un \u0101rlietu ministrs \u017dans Noels Baro ierad\u012bsies darba viz\u012bt\u0113 Latvij\u0101. B. Bra\u017ee r\u012bko ar\u012b Baltijas valstu un Francijas \u0101rlietu ministru tik\u0161anos"},"content":{"rendered":"<p class=\"text-align-justify\">Atz\u012bm\u0113jot 105 gadus kop\u0161 Latvijas starptautisk\u0101s atz\u012b\u0161anas (de iure), 2026. gada 15. janv\u0101r\u012b darba viz\u012bt\u0113 Latvij\u0101 ierad\u012bsies Francijas Eiropas un \u0101rlietu ministrs \u017dans Noels Baro (Jean-No\u00ebl Barrot). 15. janv\u0101r\u012b \u0101rlietu ministre Baiba Bra\u017ee r\u012bko ar\u012b Francijas un Baltijas valstu \u0101rlietu ministru \u2013 Lietuvas \u0101rlietu ministra \u0136\u0113stuta Budra (K\u0119stutis Budrys) un Igaunijas \u0101rlietu ministra Margusa Cahknas (Margus Tsahkna) \u2013 tik\u0161anos.\u00a0<\/p>\n<p class=\"text-align-justify\">\u0100rlietu ministri p\u0101rrun\u0101s turpm\u0101ko atbalstu Ukrainas pa\u0161aizsardz\u012bbai, Krievijas iegro\u017eo\u0161anu un attur\u0113\u0161anu, sadarb\u012bbu ES un NATO, transatlantisko attiec\u012bbu stiprin\u0101\u0161anu un eiroatlantisk\u0101s telpas dro\u0161\u012bbu un aizsardz\u012bbu.<\/p>\n<p class=\"text-align-justify\">Divpus\u0113j\u0101s viz\u012btes ietvaros Baibai Bra\u017eei un \u017danam Noelam Baro b\u016bs ar\u012b atsevi\u0161\u0137a tik\u0161an\u0101s, ministri noliks ziedus pie Br\u012bv\u012bbas pieminek\u013ca, k\u0101 ar\u012b apmekl\u0113s bezpilota lidapar\u0101tu ra\u017eot\u0101ju \u201cEdge Autonomy\u201d.<\/p>\n<p class=\"text-align-justify\">\u201c3+1\u201d Baltijas valstu un Francijas \u0101rlietu ministru san\u0101ksmes form\u0101ts tika aizs\u0101kts 2021. gada 26. janv\u0101r\u012b Par\u012bz\u0113, lai stiprin\u0101tu Baltijas valstu un Francijas strat\u0113\u0123isko partner\u012bbu.<\/p>\n<p>Mediju iev\u0113r\u012bbai!<\/p>\n<p class=\"text-align-justify\">Foto un video iesp\u0113jas:<\/p>\n<ul>\n<li>pulksten 10.15\u00a0\u2013 Latvijas, Igaunijas, Lietuvas un Francijas \u0101rlietu ministru iera\u0161an\u0101s \u0100rlietu ministrij\u0101. Ofici\u0101ls foto (vestibils, 1.st\u0101vs).<\/li>\n<li>pulksten\u00a011.30\u201312.00 \u2013 visu ministru kop\u012bg\u0101 preses konference (Preses konferen\u010du z\u0101le, 1. st\u0101vs). Valodas \u2013 latvie\u0161u-fran\u010du-ang\u013cu; tiks nodro\u0161in\u0101ts sinhronais tulkojums.<\/li>\n<li>pulksten\u00a015.50 \u2013 \u0101rlietu ministre B. Bra\u017ee un Francijas Eiropas un \u0101rlietu ministrs \u017d. N. Baro noliek ziedus pie Br\u012bv\u012bbas pieminek\u013ca.<\/li>\n<\/ul>\n<p class=\"text-align-justify\">Mediju p\u0101rst\u0101vjus aicin\u0101m pieteikties l\u012bdz 14. janv\u0101ra pulksten 16.00, s\u016btot e-pastu:\u00a0<a href=\"https:\/\/www.mfa.gov.lv\/lv\/jaunums\/mailto:media@mfa.gov.lv\" rel=\"nofollow noopener\" target=\"_blank\">media@mfa.gov.lv<\/a><\/p>\n<p class=\"text-align-justify\">L\u016bgums ierasties savlaic\u012bgi \u2013 ne v\u0113l\u0101k k\u0101 20 min\u016btes pirms katra pas\u0101kuma.<\/p>\n<p class=\"text-align-justify\">Preses konferences tie\u0161raide b\u016bs skat\u0101ma \u0100rlietu ministrijas t\u012bmek\u013cvietn\u0113, Facebook,\u00a0Instagram un\u00a0YouTube\u00a0kontos.<\/p>\n","protected":false},"excerpt":{"rendered":"Atz\u012bm\u0113jot 105 gadus kop\u0161 Latvijas starptautisk\u0101s atz\u012b\u0161anas (de iure), 2026. gada 15. janv\u0101r\u012b darba viz\u012bt\u0113 Latvij\u0101 ierad\u012bsies Francijas&hellip;\n","protected":false},"author":2,"featured_media":102839,"comment_status":"","ping_status":"","sticky":false,"template":"","format":"standard","meta":{"footnotes":""},"categories":[5],"tags":[23,28,29,32,33,22,30,31,35,39,38,36,37,34,40,20,26,27,24,25,21],"class_list":{"0":"post-103387","1":"post","2":"type-post","3":"status-publish","4":"format-standard","5":"has-post-thumbnail","7":"category-aktualitates","8":"tag-aktualitates","9":"tag-breaking-news","10":"tag-breakingnews","11":"tag-featured-news","12":"tag-featurednews","13":"tag-headlines","14":"tag-latest-news","15":"tag-latestnews","16":"tag-latvia","17":"tag-latvian","18":"tag-latviesu","19":"tag-latviesu-valoda","20":"tag-latviesuvaloda","21":"tag-latvija","22":"tag-lv","23":"tag-news","24":"tag-popularakas-zinas","25":"tag-popularakaszinas","26":"tag-top-stories","27":"tag-topstories","28":"tag-zinas"},"share_on_mastodon":{"url":"https:\/\/pubeurope.com\/@lv\/115889048378549786","error":""},"_links":{"self":[{"href":"https:\/\/www.europesays.com\/lv\/wp-json\/wp\/v2\/posts\/103387","targetHints":{"allow":["GET"]}}],"collection":[{"href":"https:\/\/www.europesays.com\/lv\/wp-json\/wp\/v2\/posts"}],"about":[{"href":"https:\/\/www.europesays.com\/lv\/wp-json\/wp\/v2\/types\/post"}],"author":[{"embeddable":true,"href":"https:\/\/www.europesays.com\/lv\/wp-json\/wp\/v2\/users\/2"}],"replies":[{"embeddable":true,"href":"https:\/\/www.europesays.com\/lv\/wp-json\/wp\/v2\/comments?post=103387"}],"version-history":[{"count":0,"href":"https:\/\/www.europesays.com\/lv\/wp-json\/wp\/v2\/posts\/103387\/revisions"}],"wp:featuredmedia":[{"embeddable":true,"href":"https:\/\/www.europesays.com\/lv\/wp-json\/wp\/v2\/media\/102839"}],"wp:attachment":[{"href":"https:\/\/www.europesays.com\/lv\/wp-json\/wp\/v2\/media?parent=103387"}],"wp:term":[{"taxonomy":"category","embeddable":true,"href":"https:\/\/www.europesays.com\/lv\/wp-json\/wp\/v2\/categories?post=103387"},{"taxonomy":"post_tag","embeddable":true,"href":"https:\/\/www.europesays.com\/lv\/wp-json\/wp\/v2\/tags?post=103387"}],"curies":[{"name":"wp","href":"https:\/\/api.w.org\/{rel}","templated":true}]}}