{"id":103388,"date":"2026-01-13T17:48:07","date_gmt":"2026-01-13T17:48:07","guid":{"rendered":"https:\/\/www.europesays.com\/lv\/103388\/"},"modified":"2026-01-13T17:48:07","modified_gmt":"2026-01-13T17:48:07","slug":"vairak-laikmetigas-dejas-un-satura-berniem-kadi-jaunumi-gaidami-rigas-cirka-raksts","status":"publish","type":"post","link":"https:\/\/www.europesays.com\/lv\/103388\/","title":{"rendered":"Vair\u0101k laikmet\u012bg\u0101s dejas un satura b\u0113rniem. K\u0101di jaunumi gaid\u0101mi R\u012bgas cirk\u0101? \/ Raksts"},"content":{"rendered":"<p>\n                        \u0160odien, 19:32                    <\/p>\n<p>\n                            Autori:<br \/>\n                            Alise Z\u0101l\u012bte (LTV \u017eurn\u0101liste)                        <\/p>\n<p>R\u012bgas cirks izzi\u0146ojis 2026. gada sezonu, iepaz\u012bstinot ar gaid\u0101majiem jaunumiem, programmas notikumiem un galvenajiem uzsvariem. \u0160ogad \u012bpa\u0161s akcents likts uz laikmet\u012bg\u0101s dejas un cirka sadarb\u012bbu, k\u0101 ar\u012b uz programmas pied\u0101v\u0101jumu jaun\u0101kajai auditorijai.\u00a0<\/p>\n<p style=\"margin-left:0cm; margin-right:0cm\">R\u012bgas cirks 2026. gada sezonu s\u0101k ar vair\u0101kiem b\u016btiskiem jaunumiem. Balstoties uz iepriek\u0161\u0113j\u0101s sezonas izv\u0113rt\u0113jumu, \u012bpa\u0161a uzman\u012bba tiks piev\u0113rsta jaun\u0101kajai auditorijai, ievie\u0161ot b\u0113rnu r\u012btus cirk\u0101, savuk\u0101rt sadarb\u012bb\u0101 ar laikmet\u012bg\u0101s dejas nozari rad\u012bta programma &#8220;Dejas m\u0101ja R\u012bgas cirk\u0101&#8221;.\u00a0<\/p>\n<p style=\"margin-left:0cm; margin-right:0cm\">R\u012bgas cirka direktore\u00a0M\u0101ra P\u0101vula skaidro: &#8220;Paties\u012bb\u0101 cirka nozar\u0113 ir gr\u016bti m\u016bsdien\u0101s atrast t\u0101das izr\u0101des, kas b\u016btu piem\u0113rotas maz\u0101kiem b\u0113rniem,\u00a0<\/p>\n<blockquote>\n<p style=\"margin-left:0cm; margin-right:0cm\">t\u0101p\u0113c m\u0113s izveidoju\u0161i \u0161o atsevi\u0161\u0137o s\u0113riju, kas ir \u013coti piem\u0113rota tie\u0161i \u0161iem b\u0113rniem, s\u0101kot no 5 gadu vecuma, lai ar\u012b vi\u0146i pamaz\u0101m var atkl\u0101t \u0161\u012bs izr\u0101des.\u00a0<\/p>\n<\/blockquote>\n<p style=\"margin-left:0cm; margin-right:0cm\">Dejas nozare Latvij\u0101 \u0161ogad svin 30 gadus. Mums ir \u013coti daudz izgl\u012btotu\u00a0profesion\u0101\u013cu, bet mums pietr\u016bkst vietas, kur deja b\u016btu pieejama regul\u0101ri. Cirkam ir \u0161\u012b iesp\u0113ja par t\u0101du vietu b\u016bt. Ir daudzas citas valstis, kur laikmet\u012bg\u0101 deja veiksm\u012bgi darbojas kop\u0101 ar cirku, es dom\u0101ju, ka m\u0113s, abas nozares, b\u016bsim no t\u0101 lielas ieguv\u0113jas.&#8221;<\/p>\n<p style=\"margin-left:0cm; margin-right:0cm\">Jaun\u0101s sezonas programm\u0101 paredz\u0113tas ar\u012b septi\u0146as laikmet\u012bg\u0101s dejas izr\u0101des. R\u012bgas cirks pied\u0101v\u0101 da\u017e\u0101das reziden\u010du iesp\u0113jas un telpas gan cirka, gan laikmet\u012bg\u0101s dejas m\u0101ksliniekiem.<\/p>\n<p style=\"margin-left:0cm; margin-right:0cm\">R\u012bgas cirka rado\u0161ais direktors M\u0101rti\u0146\u0161 \u0136ibers\u00a0izce\u013c: &#8220;\u0160aj\u0101 sezon\u0101 m\u0113s atgrie\u017eamies pie lielform\u0101ta izr\u0101d\u0113m, kas ir \u013coti atz\u012btas pie m\u016bsu skat\u012bt\u0101jiem, dom\u0101jot par to, lai p\u0113c iesp\u0113jas vair\u0101k uzrun\u0101tu liel\u0101ku auditoriju.<\/p>\n<blockquote>\n<p style=\"margin-left:0cm; margin-right:0cm\">Pirm\u0101 izr\u0101de mums ir laikmet\u012bg\u0101s dejas izr\u0101de, kas ir velt\u012bta Olgas \u017ditluhinas horeogr\u0101fijai, komp\u0101nija &#8220;Party&#8221; ar izr\u0101di &#8220;#Piec\u0113rt8000&#8221;, tas ir t\u0101ds interesants velt\u012bjums laikmet\u012bg\u0101s dejas tr\u012bsdesmitgadei.\u00a0<\/p>\n<\/blockquote>\n<p style=\"margin-left:0cm; margin-right:0cm\">Rezidences ir \u013coti svar\u012bgs elements pa\u0161\u0101 laikmet\u012bg\u0101 cirka vai dejas rado\u0161aj\u0101 proces\u0101, kur t\u0101s notiek no vienas l\u012bdz tr\u012bs ned\u0113\u013c\u0101m ilg\u0101 laika posm\u0101, kam\u0113r tiek gatavots kaut k\u0101ds posms no izr\u0101des.\u00a0Tas ir ar\u012b \u013coti svar\u012bgs t\u0101ds pienesums m\u016bsu ekosist\u0113mai, m\u016bsu cirka kom\u016bnai, lai ar\u012b jaunie m\u0101kslinieki un skat\u012bt\u0101ji var\u0113tu mazliet sajust \u0161o rado\u0161o procesu.&#8221;<\/p>\n<p style=\"margin-left:0cm; margin-right:0cm\">&#8220;R\u012bgas cirks ir \u012bpa\u0161a vieta,&#8221; sprie\u017e\u00a0R\u012bgas cirk\u0101 rezid\u0113jo\u0161\u0101 m\u0101ksliniece Inka Pekonena no Somijas, &#8220;\u0161\u0101du \u0113ku Eirop\u0101 gandr\u012bz vairs nav. K\u0101 cirka m\u0101ksliniecei man ir \u013coti svar\u012bgi, ka \u0161aj\u0101s telp\u0101s ir augsti griesti, kas nav rakstur\u012bgi liel\u0101kajai da\u013cai uzst\u0101\u0161an\u0101s vietu.&#8221;\u00a0<\/p>\n<p style=\"margin-left:0cm; margin-right:0cm\">Rezidenc\u0113 R\u012bgas cirk\u0101 ir ar\u012b\u00a0Imod\u017eena Huzela no Lielbrit\u0101nijas: &#8220;Es nesp\u0113ju iedom\u0101ties v\u0113l k\u0101du cirka vietu, kas b\u016btu saglab\u0101ta tradicion\u0101li apa\u013c\u0101 form\u0101.\u00a0<\/p>\n<blockquote>\n<p style=\"margin-left:0cm; margin-right:0cm\">Tas ir p\u0101rsteidzo\u0161i, ka \u0161\u0101da telpa ir piel\u0101gota laikmet\u012bgajam cirkam \u2013 viss izk\u0101rtojums, arhitekt\u016bra\u2026 \u0160\u012b patiesi ir ma\u0123iska vieta, kur str\u0101d\u0101t.&#8221;<\/p>\n<\/blockquote>\n<p style=\"margin-left:0cm; margin-right:0cm\">\u0160ogad R\u012bgas cirks \u012bpa\u0161u uzman\u012bbu piev\u0113rs\u012bs ar\u012b profesion\u0101l\u0101s cirka izgl\u012bt\u012bbas pieejam\u012bbai un t\u0101s att\u012bst\u012bbai.<\/p>\n<p>                    Valodas k\u013c\u016bda rakst\u0101?<\/p>\n<p class=\"d-none d-md-block\">Iez\u012bm\u0113jiet tekstu un spiediet Ctrl+Enter, lai nos\u016bt\u012btu labojamo teksta fragmentu redaktoram! Par faktu k\u013c\u016bd\u0101m l\u016bdzam zi\u0146ot e-past\u0101 <a href=\"https:\/\/www.lsm.lv\/cdn-cgi\/l\/email-protection\" class=\"__cf_email__\" data-cfemail=\"681a0d0c09030b01020928041b0546041e\" rel=\"nofollow noopener\" target=\"_blank\">[email\u00a0protected]<\/a>.<\/p>\n<p class=\"d-md-none\">Iez\u012bm\u0113jiet tekstu un spiediet uz Zi\u0146ot par k\u013c\u016bdu pogas, lai nos\u016bt\u012btu labojamo teksta fragmentu redaktoram!<\/p>\n<p>\n                    Zi\u0146ot par k\u013c\u016bdu\n                <\/p>\n","protected":false},"excerpt":{"rendered":"\u0160odien, 19:32 Autori: Alise Z\u0101l\u012bte (LTV \u017eurn\u0101liste) R\u012bgas cirks izzi\u0146ojis 2026. gada sezonu, iepaz\u012bstinot ar gaid\u0101majiem jaunumiem, programmas&hellip;\n","protected":false},"author":2,"featured_media":103389,"comment_status":"","ping_status":"","sticky":false,"template":"","format":"standard","meta":{"footnotes":""},"categories":[19],"tags":[89,90,35,39,38,36,37,34,40],"class_list":{"0":"post-103388","1":"post","2":"type-post","3":"status-publish","4":"format-standard","5":"has-post-thumbnail","7":"category-izklaide","8":"tag-entertainment","9":"tag-izklaide","10":"tag-latvia","11":"tag-latvian","12":"tag-latviesu","13":"tag-latviesu-valoda","14":"tag-latviesuvaloda","15":"tag-latvija","16":"tag-lv"},"share_on_mastodon":{"url":"https:\/\/pubeurope.com\/@lv\/115889052369483102","error":""},"_links":{"self":[{"href":"https:\/\/www.europesays.com\/lv\/wp-json\/wp\/v2\/posts\/103388","targetHints":{"allow":["GET"]}}],"collection":[{"href":"https:\/\/www.europesays.com\/lv\/wp-json\/wp\/v2\/posts"}],"about":[{"href":"https:\/\/www.europesays.com\/lv\/wp-json\/wp\/v2\/types\/post"}],"author":[{"embeddable":true,"href":"https:\/\/www.europesays.com\/lv\/wp-json\/wp\/v2\/users\/2"}],"replies":[{"embeddable":true,"href":"https:\/\/www.europesays.com\/lv\/wp-json\/wp\/v2\/comments?post=103388"}],"version-history":[{"count":0,"href":"https:\/\/www.europesays.com\/lv\/wp-json\/wp\/v2\/posts\/103388\/revisions"}],"wp:featuredmedia":[{"embeddable":true,"href":"https:\/\/www.europesays.com\/lv\/wp-json\/wp\/v2\/media\/103389"}],"wp:attachment":[{"href":"https:\/\/www.europesays.com\/lv\/wp-json\/wp\/v2\/media?parent=103388"}],"wp:term":[{"taxonomy":"category","embeddable":true,"href":"https:\/\/www.europesays.com\/lv\/wp-json\/wp\/v2\/categories?post=103388"},{"taxonomy":"post_tag","embeddable":true,"href":"https:\/\/www.europesays.com\/lv\/wp-json\/wp\/v2\/tags?post=103388"}],"curies":[{"name":"wp","href":"https:\/\/api.w.org\/{rel}","templated":true}]}}