{"id":103392,"date":"2026-01-13T17:52:09","date_gmt":"2026-01-13T17:52:09","guid":{"rendered":"https:\/\/www.europesays.com\/lv\/103392\/"},"modified":"2026-01-13T17:52:09","modified_gmt":"2026-01-13T17:52:09","slug":"intervija-ar-drosas-brauksanas-skolas-direktoru-jani-vanku-13-01-2026-ieraksts-replay-lv","status":"publish","type":"post","link":"https:\/\/www.europesays.com\/lv\/103392\/","title":{"rendered":"Intervija ar Dro\u0161as brauk\u0161anas skolas direktoru J\u0101ni Vanku \/ 13.01.2026 \/ Ieraksts \/ REplay.lv"},"content":{"rendered":"<p>Jau p\u0101ris ned\u0113\u013cas dz\u012bvojam \u012bsteni ziem\u012bgos apst\u0101k\u013cos, kad brauktuves kl\u0101j sniegs vai ledus, vai sniega-s\u0101ls putras mais\u012bjums. Pat uz t\u012br\u012btiem ce\u013ciem sa\u0137ere ir daudz v\u0101j\u0101ka nek\u0101 gada siltaj\u0101 sezon\u0101, turkl\u0101t apst\u0101k\u013ci m\u0113dz main\u012bties strauji. Un tas, vadot automobili liel\u0101k\u0101 \u0101trum\u0101, prasa piel\u0101got darb\u012bbas gan ar st\u016bri, gan ped\u0101\u013ciem. Cik prasm\u012bgi to dara autovad\u012bt\u0101ji Latvij\u0101 un vai ir riski, kurus v\u0113l varam nov\u0113rst, lai nenotiktu smagas av\u0101rijas? To &#8220;R\u012bta Panor\u0101ma&#8221; vaic\u0101ja Dro\u0161as brauk\u0161anas skolas direktoram J\u0101nim Vankam.<\/p>\n","protected":false},"excerpt":{"rendered":"Jau p\u0101ris ned\u0113\u013cas dz\u012bvojam \u012bsteni ziem\u012bgos apst\u0101k\u013cos, kad brauktuves kl\u0101j sniegs vai ledus, vai sniega-s\u0101ls putras mais\u012bjums. Pat&hellip;\n","protected":false},"author":2,"featured_media":103393,"comment_status":"","ping_status":"","sticky":false,"template":"","format":"standard","meta":{"footnotes":""},"categories":[12],"tags":[23,28,29,32,33,22,30,31,35,39,38,36,37,34,40,20,26,27,24,25,21],"class_list":{"0":"post-103392","1":"post","2":"type-post","3":"status-publish","4":"format-standard","5":"has-post-thumbnail","7":"category-latvija","8":"tag-aktualitates","9":"tag-breaking-news","10":"tag-breakingnews","11":"tag-featured-news","12":"tag-featurednews","13":"tag-headlines","14":"tag-latest-news","15":"tag-latestnews","16":"tag-latvia","17":"tag-latvian","18":"tag-latviesu","19":"tag-latviesu-valoda","20":"tag-latviesuvaloda","21":"tag-latvija","22":"tag-lv","23":"tag-news","24":"tag-popularakas-zinas","25":"tag-popularakaszinas","26":"tag-top-stories","27":"tag-topstories","28":"tag-zinas"},"share_on_mastodon":{"url":"https:\/\/pubeurope.com\/@lv\/115889067960086338","error":""},"_links":{"self":[{"href":"https:\/\/www.europesays.com\/lv\/wp-json\/wp\/v2\/posts\/103392","targetHints":{"allow":["GET"]}}],"collection":[{"href":"https:\/\/www.europesays.com\/lv\/wp-json\/wp\/v2\/posts"}],"about":[{"href":"https:\/\/www.europesays.com\/lv\/wp-json\/wp\/v2\/types\/post"}],"author":[{"embeddable":true,"href":"https:\/\/www.europesays.com\/lv\/wp-json\/wp\/v2\/users\/2"}],"replies":[{"embeddable":true,"href":"https:\/\/www.europesays.com\/lv\/wp-json\/wp\/v2\/comments?post=103392"}],"version-history":[{"count":0,"href":"https:\/\/www.europesays.com\/lv\/wp-json\/wp\/v2\/posts\/103392\/revisions"}],"wp:featuredmedia":[{"embeddable":true,"href":"https:\/\/www.europesays.com\/lv\/wp-json\/wp\/v2\/media\/103393"}],"wp:attachment":[{"href":"https:\/\/www.europesays.com\/lv\/wp-json\/wp\/v2\/media?parent=103392"}],"wp:term":[{"taxonomy":"category","embeddable":true,"href":"https:\/\/www.europesays.com\/lv\/wp-json\/wp\/v2\/categories?post=103392"},{"taxonomy":"post_tag","embeddable":true,"href":"https:\/\/www.europesays.com\/lv\/wp-json\/wp\/v2\/tags?post=103392"}],"curies":[{"name":"wp","href":"https:\/\/api.w.org\/{rel}","templated":true}]}}