{"id":103405,"date":"2026-01-13T18:00:14","date_gmt":"2026-01-13T18:00:14","guid":{"rendered":"https:\/\/www.europesays.com\/lv\/103405\/"},"modified":"2026-01-13T18:00:14","modified_gmt":"2026-01-13T18:00:14","slug":"dziedataja-buu-iepriecina-klausitajus-ar-jauno-dziesmu-join-me-lente-lv","status":"publish","type":"post","link":"https:\/\/www.europesays.com\/lv\/103405\/","title":{"rendered":"Dzied\u0101t\u0101ja B\u016b\u016b iepriecina klaus\u012bt\u0101jus ar jauno dziesmu &#8220;Join me&#8221;\u00a0\u2014\u00a0Lente.lv"},"content":{"rendered":"<p>Jaunais singls &#8220;Join me&#8221; pau\u017e par vesel\u012bgu m\u012blest\u012bbu<\/p>\n<p>Dzied\u0101t\u0101ja B\u016b\u016b jaun\u0101 gada s\u0101kum\u0101 ir laidusi klaj\u0101 savu jaun\u0101ko singlu &#8220;Join me&#8221;, kas ir silts un dz\u012bvespriec\u012bgs velt\u012bjums ide\u0101lajam partnerim. K\u0101 zi\u0146o telekan\u0101ls TV3, m\u0101ksliniece savu jauno ska\u0146darbu prezent\u0113jusi raid\u012bjum\u0101 &#8220;900 sekund\u0113s&#8221;. Dziesma &#8220;Join me&#8221; iest\u0101jas par apzin\u0101tu, vesel\u012bgu un juteklisku m\u012blest\u012bbu, kur\u0101 nav vietas haosam, s\u0101p\u0113m vai dr\u0101mai. T\u0101s viet\u0101 tiek uzsv\u0113rts labs miegs, dejo\u0161ana un iek\u0161\u0113js miers.<\/p>\n<p>Iedvesmojoties no terapijas, rado\u0161as atvese\u013co\u0161an\u0101s procesiem un popul\u0101r\u0101s &#8220;book husband&#8221; idejas, B\u016b\u016b rad\u012bjusi savu muzik\u0101lo interpret\u0101ciju ide\u0101lajam partnerim, ko d\u0113v\u0113 par &#8220;song husband&#8221;. Dziesma mudina atteikties no drud\u017eainas m\u012blest\u012bbas mekl\u0113\u0161anas un t\u0101 viet\u0101 izv\u0113l\u0113ties iek\u0161\u0113ju stabilit\u0101ti, lai m\u012blest\u012bba var\u0113tu pien\u0101kt pati \u2013 esot silta, dz\u012bva un emocion\u0101li dro\u0161a.<\/p>\n<p>M\u016bzi\u0137es rado\u0161ais rokraksts un n\u0101kotnes pl\u0101ni<\/p>\n<p>Ar jauno dziesmu B\u016b\u016b turpina att\u012bst\u012bt savu unik\u0101lo muzik\u0101lo stilu, veidojot emocion\u0101li atkl\u0101tu popm\u016bziku. Vi\u0146as dai\u013crad\u0113 netiek glorific\u0113ts toksiskums, bet gan normaliz\u0113tas t\u0101das v\u0113rt\u012bbas k\u0101 miers, vesel\u012bgas robe\u017eas un tuv\u012bba attiec\u012bb\u0101s. \u0160is pieg\u0101jiens padara vi\u0146as m\u016bziku par elpo\u0161anas vingrin\u0101jumu tiem, kas mekl\u0113 emocion\u0101lu patv\u0113rumu un mieru.<\/p>\n<p>M\u0101ksliniece pl\u0101no turpin\u0101t att\u012bst\u012bt savu starptautisko karjeru, veidojot sadarb\u012bbas ar\u012b \u0101rpus Latvijas robe\u017e\u0101m. Vienlaikus vi\u0146a sola ar\u012b jaunus ska\u0146darbus latvie\u0161u valod\u0101, t\u0101d\u0113j\u0101di iepriecinot gan viet\u0113jos, gan starptautiskos klaus\u012bt\u0101jus.<\/p>\n","protected":false},"excerpt":{"rendered":"Jaunais singls &#8220;Join me&#8221; pau\u017e par vesel\u012bgu m\u012blest\u012bbu Dzied\u0101t\u0101ja B\u016b\u016b jaun\u0101 gada s\u0101kum\u0101 ir laidusi klaj\u0101 savu jaun\u0101ko&hellip;\n","protected":false},"author":2,"featured_media":103406,"comment_status":"","ping_status":"","sticky":false,"template":"","format":"standard","meta":{"footnotes":""},"categories":[19],"tags":[24985,89,90,2043,24986,35,39,38,194,36,37,34,40,762],"class_list":{"0":"post-103405","1":"post","2":"type-post","3":"status-publish","4":"format-standard","5":"has-post-thumbnail","7":"category-izklaide","8":"tag-buu","9":"tag-entertainment","10":"tag-izklaide","11":"tag-jauna-dziesma","12":"tag-join-me","13":"tag-latvia","14":"tag-latvian","15":"tag-latviesu","16":"tag-latviesu-muzika","17":"tag-latviesu-valoda","18":"tag-latviesuvaloda","19":"tag-latvija","20":"tag-lv","21":"tag-milestiba"},"share_on_mastodon":{"url":"https:\/\/pubeurope.com\/@lv\/115889099441890972","error":""},"_links":{"self":[{"href":"https:\/\/www.europesays.com\/lv\/wp-json\/wp\/v2\/posts\/103405","targetHints":{"allow":["GET"]}}],"collection":[{"href":"https:\/\/www.europesays.com\/lv\/wp-json\/wp\/v2\/posts"}],"about":[{"href":"https:\/\/www.europesays.com\/lv\/wp-json\/wp\/v2\/types\/post"}],"author":[{"embeddable":true,"href":"https:\/\/www.europesays.com\/lv\/wp-json\/wp\/v2\/users\/2"}],"replies":[{"embeddable":true,"href":"https:\/\/www.europesays.com\/lv\/wp-json\/wp\/v2\/comments?post=103405"}],"version-history":[{"count":0,"href":"https:\/\/www.europesays.com\/lv\/wp-json\/wp\/v2\/posts\/103405\/revisions"}],"wp:featuredmedia":[{"embeddable":true,"href":"https:\/\/www.europesays.com\/lv\/wp-json\/wp\/v2\/media\/103406"}],"wp:attachment":[{"href":"https:\/\/www.europesays.com\/lv\/wp-json\/wp\/v2\/media?parent=103405"}],"wp:term":[{"taxonomy":"category","embeddable":true,"href":"https:\/\/www.europesays.com\/lv\/wp-json\/wp\/v2\/categories?post=103405"},{"taxonomy":"post_tag","embeddable":true,"href":"https:\/\/www.europesays.com\/lv\/wp-json\/wp\/v2\/tags?post=103405"}],"curies":[{"name":"wp","href":"https:\/\/api.w.org\/{rel}","templated":true}]}}