{"id":103407,"date":"2026-01-13T18:03:07","date_gmt":"2026-01-13T18:03:07","guid":{"rendered":"https:\/\/www.europesays.com\/lv\/103407\/"},"modified":"2026-01-13T18:03:07","modified_gmt":"2026-01-13T18:03:07","slug":"dienvidkorejas-bijusajam-prezidentam-pieprasa-navessodu","status":"publish","type":"post","link":"https:\/\/www.europesays.com\/lv\/103407\/","title":{"rendered":"Dienvidkorejas biju\u0161ajam prezidentam pieprasa n\u0101vessodu"},"content":{"rendered":"<p>Prokurori Junu aps\u016bdz\u0113ja sacel\u0161an\u0101s sar\u012bko\u0161an\u0101, v\u0113sta zi\u0146u a\u0123ent\u016bra &#8220;Yonhap&#8221;.<\/p>\n<p>Saska\u0146\u0101 ar mediju inform\u0101ciju spriedums gaid\u0101ms janv\u0101ra beig\u0101s vai febru\u0101ra s\u0101kum\u0101.<\/p>\n<p>Lai gan Dienvidkorej\u0101 joproj\u0101m ir sp\u0113k\u0101 n\u0101vessods, kop\u0161 1997. gada past\u0101v neofici\u0101ls n\u0101vessodu izpildes moratorijs.<\/p>\n<p>Kop\u0161 pag\u0101ju\u0161\u0101 gada vidus valsti vada <a href=\"https:\/\/www.tvnet.lv\/term\/595935\/prezidents\" class=\"topicLink\" target=\"_blank\" rel=\"nofollow noopener\">prezidents<\/a> Li D\u017eemjuns, centriski kreisais politi\u0137is un ilggad\u0113js Juna politiskais s\u0101ncensis.<\/p>\n<p>Juns decembr\u012b skaidroja, ka l\u0113mums izsludin\u0101t karast\u0101vokli bija pamatots ar c\u012b\u0146u pret &#8220;\u0136\u012bnu atbalsto\u0161\u0101m, Zieme\u013ckoreju atbalsto\u0161\u0101m un nodev\u012bg\u0101m darb\u012bb\u0101m&#8221;.<\/p>\n<p>2024. gada 3. decembra vakar\u0101 Juns p\u0101rsteidza valsti un starptautisko sabiedr\u012bbu, izsludinot karast\u0101vokli pirmoreiz kop\u0161 asto\u0146desmitajiem gadiem un nos\u016btot karav\u012brus un helikopterus uz parlamentu.<\/p>\n<p>Prezidents 4. decembra r\u012bt\u0101 atc\u0113la karast\u0101vokli p\u0113c tam, kad visi kl\u0101teso\u0161ie Nacion\u0101l\u0101s asamblejas deput\u0101ti bija aicin\u0101ju\u0161i prezidentu to atcelt. L\u0113mums izrais\u012bja ar\u012b pla\u0161us protestus.<\/p>\n<p>Parlaments 2024. gada 14. decembr\u012b atst\u0101din\u0101ja Junu no prezidenta amata imp\u012b\u010dmenta ce\u013c\u0101, bet p\u0113rn apr\u012bl\u012b vi\u0146u no amata ofici\u0101li atc\u0113la Konstitucion\u0101l\u0101 tiesa.<\/p>\n<p>Juns p\u0113rn 19. janv\u0101r\u012b tika apcietin\u0101ts par \u012bslaic\u012bgo karast\u0101vok\u013ca izsludin\u0101\u0161anu, bet 8. mart\u0101 tika atbr\u012bvots no pirmstiesas apcietin\u0101juma. J\u016blij\u0101 vi\u0146\u0161 atkal tika aiztur\u0113ts.<\/p>\n","protected":false},"excerpt":{"rendered":"Prokurori Junu aps\u016bdz\u0113ja sacel\u0161an\u0101s sar\u012bko\u0161an\u0101, v\u0113sta zi\u0146u a\u0123ent\u016bra &#8220;Yonhap&#8221;. Saska\u0146\u0101 ar mediju inform\u0101ciju spriedums gaid\u0101ms janv\u0101ra beig\u0101s vai&hellip;\n","protected":false},"author":2,"featured_media":103408,"comment_status":"","ping_status":"","sticky":false,"template":"","format":"standard","meta":{"footnotes":""},"categories":[14],"tags":[23,57,24987,28,29,2378,32,33,22,30,31,35,39,38,36,37,34,40,20,26,27,1073,24,25,54,55,56,21,58],"class_list":{"0":"post-103407","1":"post","2":"type-post","3":"status-publish","4":"format-standard","5":"has-post-thumbnail","7":"category-zinas-no-arvalstim","8":"tag-aktualitates","9":"tag-arvalstim","10":"tag-azija","11":"tag-breaking-news","12":"tag-breakingnews","13":"tag-dienvidkoreja","14":"tag-featured-news","15":"tag-featurednews","16":"tag-headlines","17":"tag-latest-news","18":"tag-latestnews","19":"tag-latvia","20":"tag-latvian","21":"tag-latviesu","22":"tag-latviesu-valoda","23":"tag-latviesuvaloda","24":"tag-latvija","25":"tag-lv","26":"tag-news","27":"tag-popularakas-zinas","28":"tag-popularakaszinas","29":"tag-prezidents","30":"tag-top-stories","31":"tag-topstories","32":"tag-world","33":"tag-world-news","34":"tag-worldnews","35":"tag-zinas","36":"tag-zinas-no-arvalstim"},"share_on_mastodon":{"url":"https:\/\/pubeurope.com\/@lv\/115889111373718741","error":""},"_links":{"self":[{"href":"https:\/\/www.europesays.com\/lv\/wp-json\/wp\/v2\/posts\/103407","targetHints":{"allow":["GET"]}}],"collection":[{"href":"https:\/\/www.europesays.com\/lv\/wp-json\/wp\/v2\/posts"}],"about":[{"href":"https:\/\/www.europesays.com\/lv\/wp-json\/wp\/v2\/types\/post"}],"author":[{"embeddable":true,"href":"https:\/\/www.europesays.com\/lv\/wp-json\/wp\/v2\/users\/2"}],"replies":[{"embeddable":true,"href":"https:\/\/www.europesays.com\/lv\/wp-json\/wp\/v2\/comments?post=103407"}],"version-history":[{"count":0,"href":"https:\/\/www.europesays.com\/lv\/wp-json\/wp\/v2\/posts\/103407\/revisions"}],"wp:featuredmedia":[{"embeddable":true,"href":"https:\/\/www.europesays.com\/lv\/wp-json\/wp\/v2\/media\/103408"}],"wp:attachment":[{"href":"https:\/\/www.europesays.com\/lv\/wp-json\/wp\/v2\/media?parent=103407"}],"wp:term":[{"taxonomy":"category","embeddable":true,"href":"https:\/\/www.europesays.com\/lv\/wp-json\/wp\/v2\/categories?post=103407"},{"taxonomy":"post_tag","embeddable":true,"href":"https:\/\/www.europesays.com\/lv\/wp-json\/wp\/v2\/tags?post=103407"}],"curies":[{"name":"wp","href":"https:\/\/api.w.org\/{rel}","templated":true}]}}