{"id":103411,"date":"2026-01-13T18:05:13","date_gmt":"2026-01-13T18:05:13","guid":{"rendered":"https:\/\/www.europesays.com\/lv\/103411\/"},"modified":"2026-01-13T18:05:13","modified_gmt":"2026-01-13T18:05:13","slug":"sigulda-valda-politiska-spriedze-martins-zemitis-un-janis-zilvers-atkapjas-no-komiteju-priekssedetaju-vietnieku-amatiem","status":"publish","type":"post","link":"https:\/\/www.europesays.com\/lv\/103411\/","title":{"rendered":"Siguld\u0101 valda politiska spriedze: M\u0101rti\u0146\u0161 Zem\u012btis un J\u0101nis Zilvers atk\u0101pjas no komiteju priek\u0161s\u0113d\u0113t\u0101ju vietnieku amatiem"},"content":{"rendered":"<p>    <img decoding=\"async\" src=\"https:\/\/www.europesays.com\/lv\/wp-content\/uploads\/2026\/01\/portfelis-un-kresls-800x528.jpg\" alt=\"&#10;Ilustrat\u012bvs foto.&#10;\"\/><\/p>\n<p>Ilustrat\u012bvs foto.<\/p>\n<p>Foto: Evija Trifanova\/LETA\n<\/p>\n<p>13:36, 13. janv\u0101ris 2026<\/p>\n<p>Protest\u0113jot pret ieceri izveidot papildu komiteju, Siguldas novada partijas deput\u0101ti M\u0101rti\u0146\u0161 Zem\u012btis un J\u0101nis Zilvers (jaun\u0101kais) atk\u0101pjas no komiteju priek\u0161s\u0113d\u0113t\u0101ju vietnieku amatiem, a\u0123ent\u016bru LETA inform\u0113ja Siguldas novada partijas valdes loceklis Erlends Eisaks.<\/p>\n<p>        Las\u012bt\u0101kie<br \/>\n        <a data-imagesrc=\"{&quot;300&quot;:&quot;https:\\\/\\\/lastatic.ams3.cdn.digitaloceanspaces.com\\\/2017\\\/10\\\/Pauls2_TS_4-300x264.jpg&quot;,&quot;768&quot;:&quot;https:\\\/\\\/lastatic.ams3.cdn.digitaloceanspaces.com\\\/2017\\\/10\\\/Pauls2_TS_4-768x676.jpg&quot;,&quot;80&quot;:&quot;https:\\\/\\\/lastatic.ams3.cdn.digitaloceanspaces.com\\\/2017\\\/10\\\/Pauls2_TS_4-80x48.jpg&quot;,&quot;112&quot;:&quot;https:\\\/\\\/lastatic.ams3.cdn.digitaloceanspaces.com\\\/2017\\\/10\\\/Pauls2_TS_4-112x64.jpg&quot;,&quot;664&quot;:&quot;https:\\\/\\\/lastatic.ams3.cdn.digitaloceanspaces.com\\\/2017\\\/10\\\/Pauls2_TS_4-664x584.jpg&quot;,&quot;182&quot;:&quot;https:\\\/\\\/lastatic.ams3.cdn.digitaloceanspaces.com\\\/2017\\\/10\\\/Pauls2_TS_4-182x160.jpg&quot;,&quot;263&quot;:&quot;https:\\\/\\\/lastatic.ams3.cdn.digitaloceanspaces.com\\\/2017\\\/10\\\/Pauls2_TS_4-263x231.jpg&quot;,&quot;384&quot;:&quot;https:\\\/\\\/lastatic.ams3.cdn.digitaloceanspaces.com\\\/2017\\\/10\\\/Pauls2_TS_4-384x338.jpg&quot;,&quot;118&quot;:&quot;https:\\\/\\\/lastatic.ams3.cdn.digitaloceanspaces.com\\\/2017\\\/10\\\/Pauls2_TS_4-118x70.jpg&quot;,&quot;348&quot;:&quot;https:\\\/\\\/lastatic.ams3.cdn.digitaloceanspaces.com\\\/2017\\\/10\\\/Pauls2_TS_4-348x225.jpg&quot;,&quot;640&quot;:&quot;https:\\\/\\\/lastatic.ams3.cdn.digitaloceanspaces.com\\\/2017\\\/10\\\/Pauls2_TS_4-640x640.jpg&quot;,&quot;90&quot;:&quot;https:\\\/\\\/lastatic.ams3.cdn.digitaloceanspaces.com\\\/2017\\\/10\\\/Pauls2_TS_4-90x58.jpg&quot;,&quot;1000&quot;:&quot;https:\\\/\\\/lastatic.ams3.cdn.digitaloceanspaces.com\\\/2017\\\/10\\\/Pauls2_TS_4.jpg&quot;}\" data-focuspoint=\"&quot;&quot;\" data-p=\"2492257\" href=\"https:\/\/www.la.lv\/slapjs-uzvalka-bailes-no-porzinga-un-brauciens-uz-krematoriju-raimonda-paula-joku-izlase-kas-sasmidina-lidz-asaram\" class=\"content-item lazy-load\" wp_automatic_readability=\"27.5\" rel=\"nofollow noopener\" target=\"_blank\"><\/p>\n<p>                                <img decoding=\"async\" src=\"\" alt=\"\" style=\"\" data-imageid=\"\"\/><\/p>\n<p>                                Kokteilis<\/p>\n<p>\n                                                Slapj\u0161 uzvalk\u0101, bailes no Porzi\u0146\u0123a un brauciens uz krematoriju \u2013 Raimonda Paula joku izlase, kas sasm\u012bdina l\u012bdz asar\u0101m<\/p>\n<p><\/a><a data-imagesrc=\"{&quot;300&quot;:&quot;https:\\\/\\\/lastatic.ams3.cdn.digitaloceanspaces.com\\\/2025\\\/11\\\/pexels-ketut-subiyanto-4246061-300x200.jpg&quot;,&quot;1024&quot;:&quot;https:\\\/\\\/lastatic.ams3.cdn.digitaloceanspaces.com\\\/2025\\\/11\\\/pexels-ketut-subiyanto-4246061-1024x683.jpg&quot;,&quot;1536&quot;:&quot;https:\\\/\\\/lastatic.ams3.cdn.digitaloceanspaces.com\\\/2025\\\/11\\\/pexels-ketut-subiyanto-4246061-1536x1024.jpg&quot;,&quot;500&quot;:&quot;https:\\\/\\\/lastatic.ams3.cdn.digitaloceanspaces.com\\\/2025\\\/11\\\/pexels-ketut-subiyanto-4246061-500x333.jpg&quot;,&quot;800&quot;:&quot;https:\\\/\\\/lastatic.ams3.cdn.digitaloceanspaces.com\\\/2025\\\/11\\\/pexels-ketut-subiyanto-4246061-800x533.jpg&quot;,&quot;2560&quot;:&quot;https:\\\/\\\/lastatic.ams3.cdn.digitaloceanspaces.com\\\/2025\\\/11\\\/pexels-ketut-subiyanto-4246061-scaled.jpg&quot;}\" data-focuspoint=\"&quot;&quot;\" data-p=\"2492892\" href=\"https:\/\/www.la.lv\/ja-tavs-vards-sakas-ar-vienu-no-siem-pieciem-burtiem-tev-ir-paveicies\" class=\"content-item lazy-load\" wp_automatic_readability=\"26.5\" rel=\"nofollow noopener\" target=\"_blank\"><\/p>\n<p>                                <img decoding=\"async\" src=\"\" alt=\"\" style=\"\" data-imageid=\"\"\/><\/p>\n<p>\n                                                Ja tavs v\u0101rds s\u0101kas ar vienu no \u0161iem pieciem burtiem, tev ir paveicies\n                            <\/p>\n<p><\/a><a data-imagesrc=\"{&quot;300&quot;:&quot;https:\\\/\\\/lastatic.ams3.cdn.digitaloceanspaces.com\\\/2026\\\/01\\\/pexels-cottonbro-9654725-300x200.jpg&quot;,&quot;1024&quot;:&quot;https:\\\/\\\/lastatic.ams3.cdn.digitaloceanspaces.com\\\/2026\\\/01\\\/pexels-cottonbro-9654725-1024x683.jpg&quot;,&quot;1536&quot;:&quot;https:\\\/\\\/lastatic.ams3.cdn.digitaloceanspaces.com\\\/2026\\\/01\\\/pexels-cottonbro-9654725-1536x1024.jpg&quot;,&quot;500&quot;:&quot;https:\\\/\\\/lastatic.ams3.cdn.digitaloceanspaces.com\\\/2026\\\/01\\\/pexels-cottonbro-9654725-500x333.jpg&quot;,&quot;800&quot;:&quot;https:\\\/\\\/lastatic.ams3.cdn.digitaloceanspaces.com\\\/2026\\\/01\\\/pexels-cottonbro-9654725-800x533.jpg&quot;,&quot;2560&quot;:&quot;https:\\\/\\\/lastatic.ams3.cdn.digitaloceanspaces.com\\\/2026\\\/01\\\/pexels-cottonbro-9654725-scaled.jpg&quot;}\" data-focuspoint=\"&quot;&quot;\" data-p=\"2488952\" href=\"https:\/\/www.la.lv\/astrologi-sarindojusi-zodiaka-zimes-pec-prata-spejam-pirmo-vietu-aiznem-dvini-bet-pedejo\" class=\"content-item lazy-load\" wp_automatic_readability=\"27\" rel=\"nofollow noopener\" target=\"_blank\"><\/p>\n<p>                                <img decoding=\"async\" src=\"\" alt=\"\" style=\"\" data-imageid=\"\"\/><\/p>\n<p>                                Kokteilis<\/p>\n<p>\n                                                Astrologi sarindoju\u0161i zodiaka z\u012bmes p\u0113c pr\u0101ta sp\u0113j\u0101m: pirmo vietu aiz\u0146em Dv\u012b\u0146i, bet p\u0113d\u0113jo\u2026\n                            <\/p>\n<p><\/a><br \/>\n        <a class=\"read-more\" href=\"https:\/\/www.la.lv\/top\" rel=\"nofollow noopener\" target=\"_blank\">Las\u012bt citas zi\u0146as<\/a><\/p>\n<p>LETA jau v\u0113st\u012bja, ka Siguldas novada pa\u0161vald\u012bb\u0101 pl\u0101nots domes priek\u0161s\u0113d\u0113t\u0101ja vietnieku skaitu samazin\u0101t l\u012bdz vienam un izveidot jaunu komiteju \u2013 Teritorijas pl\u0101no\u0161anas un \u012bpa\u0161umu komiteju piecu locek\u013cu sast\u0101v\u0101.<\/p>\n<blockquote><p>Protest\u0113jot pret ieceri izveidot papildu komiteju pa\u0161vald\u012bb\u0101, otrdien divi Siguldas novada partijas deput\u0101ti iesniegu\u0161i iesniegumus par atk\u0101p\u0161anos no komiteju priek\u0161s\u0113d\u0113t\u0101ju vietnieku amatiem.<\/p><\/blockquote>\n<p>    CITI \u0160OBR\u012aD LASA<\/p>\n<p>Siguldas novada partijas p\u0101rst\u0101vji uzskata, ka, izveidojot papildu deput\u0101tu komiteju, tiek m\u0101ksl\u012bgi paaugstin\u0101tas atsevi\u0161\u0137u deput\u0101tu alga, tiek noteikta nepiecie\u0161am\u012bba novirz\u012bt papildu bud\u017eeta l\u012bdzek\u013cus komitejas darb\u012bbai, t\u0101d\u0113j\u0101di tiek iz\u0161\u0137\u0113rd\u0113t\u0101 iedz\u012bvot\u0101ju nauda, k\u0101 ar\u012b tiek m\u0101ksl\u012bgi rad\u012bts papildu administrat\u012bvais slogs un administrat\u012bv\u0101s izmaksas pa\u0161vald\u012bbai un t\u0101s darbiniekiem, skaidro Eisaks.<\/p>\n<p>Izsakot \u0161\u0101du neuztic\u012bbu Linarda Kumska (LZS) vad\u012bbai un iecer\u0113m, taj\u0101 skait\u0101 ar\u012b atsevi\u0161\u0137u komiteju deput\u0101tu skaita palielin\u0101\u0161ana, no Att\u012bst\u012bbas un uz\u0146\u0113m\u0113jdarb\u012bbas komitejas priek\u0161s\u0113d\u0113t\u0101ja vietnieka amata atk\u0101pjas Zem\u012btis un no Izgl\u012bt\u012bbas, kult\u016bras, jaunatnes un sporta lietu komitejas priek\u0161s\u0113d\u0113t\u0101ja vietnieka amata Zilvers (jaun\u0101kais).<\/p>\n<blockquote><p>K\u0101 v\u0113st\u012bts, sabiedriskajai apsprie\u0161anai nodotie groz\u012bjumi pa\u0161vald\u012bbas nolikum\u0101 paredz no septi\u0146iem l\u012bdz devi\u0146iem palielin\u0101t domes Finan\u0161u komitejas locek\u013cu skaitu. Pl\u0101nota ar\u012b jaunas domes past\u0101v\u012bg\u0101s komitejas izveide \u2013 taps Teritorijas pl\u0101no\u0161anas un \u012bpa\u0161umu komiteja piecu locek\u013cu sast\u0101v\u0101.<\/p><\/blockquote>\n<p>T\u0101pat preciz\u0113ta Att\u012bst\u012bbas un uz\u0146\u0113m\u0113jdarb\u012bbas komitejas kompetence, da\u013cu no l\u012bdz\u0161in\u0113j\u0101s kompetences novirzot jaunizveidotajai Teritorijas pl\u0101no\u0161anas un \u012bpa\u0161umu komitejai.<\/p>\n<p>Izgl\u012bt\u012bbas, kult\u016bras, jaunatnes un sporta lietu komitejas locek\u013cu skaits palielin\u0101ts no septi\u0146iem uz devi\u0146iem locek\u013ciem. Soci\u0101l\u0101s un vesel\u012bbas komiteju turpm\u0101ks sauks Soci\u0101lo, vesel\u012bbas un dro\u0161\u012bbas jaut\u0101jumu komiteja, vienlaikus preciz\u0113jot min\u0113t\u0101s komitejas kompetenci.<\/p>\n<p>Paredz\u0113ts, ka no 1. febru\u0101ra b\u016bs tikai viens domes priek\u0161s\u0113d\u0113t\u0101ja vietnieks un vakant\u0101 domes priek\u0161s\u0113d\u0113t\u0101ja vietnieka uz\u0146\u0113m\u0113jdarb\u012bbas att\u012bst\u012bbas jaut\u0101jumos amata vieta tiks likvid\u0113ta no 1. febru\u0101ra. Priek\u0161s\u0113d\u0113t\u0101ja vietnieka izgl\u012bt\u012bbas un digit\u0101l\u0101s att\u012bst\u012bbas jaut\u0101jumos amata vietu p\u0101rveidos par domes priek\u0161s\u0113d\u0113t\u0101ja vietnieka amata vietu.<\/p>\n<p>Ar 1. martu tiks main\u012bts Pa\u0161vald\u012bbas infrastrukt\u016bras un saimniecisk\u0101 nodro\u0161in\u0101juma p\u0101rvaldes nosaukums, to p\u0101rd\u0113v\u0113jot par Siguldas novada Infrastrukt\u016bras p\u0101rvaldi.<\/p>\n<p>K\u0101 v\u0113st\u012bts, pag\u0101ju\u0161\u0101 gada ruden\u012b no Siguldas m\u0113ra amata tika g\u0101zts J\u0101nis Vimba (Siguldas novada partija) un vi\u0146a viet\u0101 par domes priek\u0161s\u0113d\u0113t\u0101ju iev\u0113l\u0113ja iepriek\u0161\u0113jo domes priek\u0161s\u0113d\u0113t\u0101ja vietnieku izgl\u012bt\u012bbas un digit\u0101l\u0101s att\u012bst\u012bbas jaut\u0101jumos Linardu Kumski (LZS).<\/p>\n<p>Kumska viet\u0101 par m\u0113ra vietnieci iev\u0113l\u0113ja Anci Kaimi\u0146u no Nacion\u0101l\u0101s apvien\u012bbas, Latvijas Re\u0123ionu apvien\u012bbas, Vidzemes partijas un Jaun\u0101s konservat\u012bv\u0101s partijas saraksta, kura pazi\u0146oja, ka ir iecere, ka domes priek\u0161s\u0113d\u0113t\u0101jam turpm\u0101k b\u016bs tikai viens vietnieks.<\/p>\n<p>Pirms jauna Siguldas novada domes priek\u0161s\u0113d\u0113t\u0101ja iev\u0113l\u0113\u0161anas Siguldas novada domes priek\u0161s\u0113d\u0113t\u0101ja vietniece uz\u0146\u0113m\u0113jdarb\u012bbas att\u012bst\u012bbas jaut\u0101jumos Ina Stupele (JV), kura tobr\u012bd pild\u012bja domes priek\u0161s\u0113d\u0113t\u0101jas pien\u0101kumus, aicin\u0101ja visiem deput\u0101tiem uz\u0146emties atbild\u012bbu par balsojumu, lai b\u016btu p\u0101rliec\u012bba, ka izv\u0113l\u0113ju\u0161ies lab\u0101ko kandid\u0101tu Siguldas novadam. <\/p>\n<p>Vi\u0146as ieskat\u0101, \u201c\u0161is neb\u016bs st\u0101sts par jaunu startu vai salied\u0113tu komandu\u201d, t\u0101p\u0113c vi\u0146a neatbalst\u012bja Kumska kandidat\u016bru priek\u0161s\u0113d\u0113t\u0101ja amatam. Stupele p\u0113rn decembr\u012b atk\u0101p\u0101s no domes priek\u0161s\u0113d\u0113t\u0101ja vietnieces amata. Uz vi\u0146as amata vietu jauns kandid\u0101ts netika virz\u012bts.<\/p>\n<p>T\u0113mas<\/p>\n<p>    SAIST\u012aTIE RAKSTI<\/p>\n","protected":false},"excerpt":{"rendered":"Ilustrat\u012bvs foto. Foto: Evija Trifanova\/LETA 13:36, 13. janv\u0101ris 2026 Protest\u0113jot pret ieceri izveidot papildu komiteju, Siguldas novada partijas&hellip;\n","protected":false},"author":2,"featured_media":103412,"comment_status":"","ping_status":"","sticky":false,"template":"","format":"standard","meta":{"footnotes":""},"categories":[5],"tags":[23,28,29,32,33,22,30,31,35,39,38,36,37,34,40,20,26,27,24,25,21],"class_list":{"0":"post-103411","1":"post","2":"type-post","3":"status-publish","4":"format-standard","5":"has-post-thumbnail","7":"category-aktualitates","8":"tag-aktualitates","9":"tag-breaking-news","10":"tag-breakingnews","11":"tag-featured-news","12":"tag-featurednews","13":"tag-headlines","14":"tag-latest-news","15":"tag-latestnews","16":"tag-latvia","17":"tag-latvian","18":"tag-latviesu","19":"tag-latviesu-valoda","20":"tag-latviesuvaloda","21":"tag-latvija","22":"tag-lv","23":"tag-news","24":"tag-popularakas-zinas","25":"tag-popularakaszinas","26":"tag-top-stories","27":"tag-topstories","28":"tag-zinas"},"share_on_mastodon":{"url":"https:\/\/pubeurope.com\/@lv\/115889119330374040","error":""},"_links":{"self":[{"href":"https:\/\/www.europesays.com\/lv\/wp-json\/wp\/v2\/posts\/103411","targetHints":{"allow":["GET"]}}],"collection":[{"href":"https:\/\/www.europesays.com\/lv\/wp-json\/wp\/v2\/posts"}],"about":[{"href":"https:\/\/www.europesays.com\/lv\/wp-json\/wp\/v2\/types\/post"}],"author":[{"embeddable":true,"href":"https:\/\/www.europesays.com\/lv\/wp-json\/wp\/v2\/users\/2"}],"replies":[{"embeddable":true,"href":"https:\/\/www.europesays.com\/lv\/wp-json\/wp\/v2\/comments?post=103411"}],"version-history":[{"count":0,"href":"https:\/\/www.europesays.com\/lv\/wp-json\/wp\/v2\/posts\/103411\/revisions"}],"wp:featuredmedia":[{"embeddable":true,"href":"https:\/\/www.europesays.com\/lv\/wp-json\/wp\/v2\/media\/103412"}],"wp:attachment":[{"href":"https:\/\/www.europesays.com\/lv\/wp-json\/wp\/v2\/media?parent=103411"}],"wp:term":[{"taxonomy":"category","embeddable":true,"href":"https:\/\/www.europesays.com\/lv\/wp-json\/wp\/v2\/categories?post=103411"},{"taxonomy":"post_tag","embeddable":true,"href":"https:\/\/www.europesays.com\/lv\/wp-json\/wp\/v2\/tags?post=103411"}],"curies":[{"name":"wp","href":"https:\/\/api.w.org\/{rel}","templated":true}]}}