{"id":103413,"date":"2026-01-13T18:06:20","date_gmt":"2026-01-13T18:06:20","guid":{"rendered":"https:\/\/www.europesays.com\/lv\/103413\/"},"modified":"2026-01-13T18:06:20","modified_gmt":"2026-01-13T18:06:20","slug":"no-15-janvara-atsaksies-sova-koru-kari-atlases-maratons-santa","status":"publish","type":"post","link":"https:\/\/www.europesays.com\/lv\/103413\/","title":{"rendered":"No 15. janv\u0101ra ats\u0101ksies \u0161ova Koru kari atlases maratons \u2014 Santa"},"content":{"rendered":"<p>\u0160ova Koru karu\u00a0nosl\u0113dzo\u0161\u0101s atlases norisin\u0101sies \u0161\u0101dos datumos un viet\u0101s:<\/p>\n<p>Ceturtdien, 15. janv\u0101r\u012b, pulksten 10\u00a0Apollo Kino Akropole R\u012bga\u00a0telp\u0101s notiks El\u012bnas F\u016brmanes vad\u012bt\u0101 R\u012bgas kora atlase.<\/p>\n<p>        <a href=\"https:\/\/www.europesays.com\/lv\/wp-content\/uploads\/2026\/01\/5b3013450f37.jpg\"><img decoding=\"async\" alt=\"\" class=\"no-convert\" src=\"https:\/\/www.europesays.com\/lv\/wp-content\/uploads\/2026\/01\/5b3013450f37.jpg\"\/><\/a><\/p>\n<p> Foto: Publicit\u0101tes foto<\/p>\n<p>Piektdien, 16. janv\u0101r\u012b, pulksten 15\u00a0Olaines 1. vidusskol\u0101 notiks Chris Noah vad\u012bt\u0101 Olaines kora atlase.<\/p>\n<p>        <a href=\"https:\/\/www.europesays.com\/lv\/wp-content\/uploads\/2026\/01\/887b07b3539a.jpg\"><img decoding=\"async\" alt=\"\" class=\"no-convert\" src=\"https:\/\/www.europesays.com\/lv\/wp-content\/uploads\/2026\/01\/887b07b3539a.jpg\"\/><\/a><\/p>\n<p> Foto: Publicit\u0101tes foto<\/p>\n<p>Sestdien, 17. janv\u0101r\u012b, pulksten 14\u00a0Madonas M\u016bzikas skol\u0101 notiks Fi\u0146\u0137a vad\u012bt\u0101 Madonas kora atlase.<\/p>\n<p>        <a href=\"https:\/\/www.europesays.com\/lv\/wp-content\/uploads\/2026\/01\/29cdd3fac032.jpg\"><img decoding=\"async\" alt=\"\" class=\"no-convert\" src=\"https:\/\/www.europesays.com\/lv\/wp-content\/uploads\/2026\/01\/29cdd3fac032.jpg\"\/><\/a><\/p>\n<p> Foto: Publicit\u0101tes foto<\/p>\n<p>Sv\u0113tdien, 18. janv\u0101r\u012b, pulksten 14\u00a0Liep\u0101jas Olimpiskaj\u0101 centr\u0101 notiks Andra \u0112rg\u013ca vad\u012bt\u0101 Liep\u0101jas kora atlase.<\/p>\n<p>        <a href=\"https:\/\/www.europesays.com\/lv\/wp-content\/uploads\/2026\/01\/bbd77ba7d59b.jpg\"><img decoding=\"async\" alt=\"\" class=\"no-convert\" src=\"https:\/\/www.europesays.com\/lv\/wp-content\/uploads\/2026\/01\/bbd77ba7d59b.jpg\"\/><\/a><\/p>\n<p> Foto: Publicit\u0101tes foto<\/p>\n<p>Sv\u0113tdien, 25. janv\u0101r\u012b, pulksten 14\u00a0Saulkrastu kult\u016bras nam\u0101 \u201cZvejniekciems\u201d notiks Asnates Ranc\u0101nes vad\u012bt\u0101 Saulkrastu kora atlase.<\/p>\n<p>        <a href=\"https:\/\/www.europesays.com\/lv\/wp-content\/uploads\/2026\/01\/7bf9300b06e1.jpg\"><img decoding=\"async\" alt=\"\" class=\"no-convert\" src=\"https:\/\/www.europesays.com\/lv\/wp-content\/uploads\/2026\/01\/7bf9300b06e1.jpg\"\/><\/a><\/p>\n<p> Foto: Publicit\u0101tes foto<\/p>\n<p>    <img decoding=\"async\" class=\"no-convert\" alt=\"\" data-init=\"lazy-image\" src=\"https:\/\/www.europesays.com\/lv\/wp-content\/uploads\/2026\/01\/8960d8b7896d.jpg\"\/><a target=\"_self\" href=\"https:\/\/www.santa.lv\/raksts\/ieva\/sova-_koru-kari_-pirmas-atlases-jau-sonedel-kur-tas-notiks-80012\/\" aria-label=\"\u0160ova &lt;em&gt;Koru kari&lt;\/em&gt; pirm\u0101s atlases jau \u0161oned\u0113\u013c! Kur t\u0101s notiks?\" rel=\"nofollow noopener\"><\/p>\n<p>Estere Jansone<\/p>\n<p><img decoding=\"async\" class=\"no-convert\" alt=\"\" data-init=\"lazy-image\" src=\"https:\/\/www.europesays.com\/lv\/wp-content\/uploads\/2026\/01\/d70193ab7f10.jpg\"\/><a target=\"_self\" href=\"https:\/\/www.santa.lv\/raksts\/ieva\/upmane-holsteine-finkis-rancane-un-citi-atklati-sova-_koru-kari_-jaunas-sezonas-visu-10-koru-vaditaji-79689\/\" aria-label=\"Upmane-Hol\u0161teine, Fi\u0146\u0137is, Ranc\u0101ne un citi\u2026 Atkl\u0101ti \u0161ova &lt;em&gt;Koru kari&lt;\/em&gt; jaun\u0101s sezonas visu 10 koru vad\u012bt\u0101ji\" rel=\"nofollow noopener\"><img decoding=\"async\" class=\"no-convert\" alt=\"\" data-init=\"lazy-image\" src=\"https:\/\/www.europesays.com\/lv\/wp-content\/uploads\/2026\/01\/a3a1415a530d.jpg\"\/><a target=\"_self\" href=\"https:\/\/www.santa.lv\/raksts\/perle\/markus-riva-parada-savu-brinumkremu-un-pulveri-kas-lauj-izskatities-lieliski-73114\/\" aria-label=\"Markus Riva &lt;strong&gt;par\u0101da savu br\u012bnumkr\u0113mu un pulveri,&lt;\/strong&gt; kas \u013cauj izskat\u012bties lieliski\" rel=\"nofollow noopener\"><\/p>\n<p>Marta Kalni\u0146a<\/p>\n","protected":false},"excerpt":{"rendered":"\u0160ova Koru karu\u00a0nosl\u0113dzo\u0161\u0101s atlases norisin\u0101sies \u0161\u0101dos datumos un viet\u0101s: Ceturtdien, 15. janv\u0101r\u012b, pulksten 10\u00a0Apollo Kino Akropole R\u012bga\u00a0telp\u0101s notiks&hellip;\n","protected":false},"author":2,"featured_media":103145,"comment_status":"","ping_status":"","sticky":false,"template":"","format":"standard","meta":{"footnotes":""},"categories":[19],"tags":[89,90,35,39,38,36,37,34,40],"class_list":{"0":"post-103413","1":"post","2":"type-post","3":"status-publish","4":"format-standard","5":"has-post-thumbnail","7":"category-izklaide","8":"tag-entertainment","9":"tag-izklaide","10":"tag-latvia","11":"tag-latvian","12":"tag-latviesu","13":"tag-latviesu-valoda","14":"tag-latviesuvaloda","15":"tag-latvija","16":"tag-lv"},"share_on_mastodon":{"url":"https:\/\/pubeurope.com\/@lv\/115889123051955388","error":""},"_links":{"self":[{"href":"https:\/\/www.europesays.com\/lv\/wp-json\/wp\/v2\/posts\/103413","targetHints":{"allow":["GET"]}}],"collection":[{"href":"https:\/\/www.europesays.com\/lv\/wp-json\/wp\/v2\/posts"}],"about":[{"href":"https:\/\/www.europesays.com\/lv\/wp-json\/wp\/v2\/types\/post"}],"author":[{"embeddable":true,"href":"https:\/\/www.europesays.com\/lv\/wp-json\/wp\/v2\/users\/2"}],"replies":[{"embeddable":true,"href":"https:\/\/www.europesays.com\/lv\/wp-json\/wp\/v2\/comments?post=103413"}],"version-history":[{"count":0,"href":"https:\/\/www.europesays.com\/lv\/wp-json\/wp\/v2\/posts\/103413\/revisions"}],"wp:featuredmedia":[{"embeddable":true,"href":"https:\/\/www.europesays.com\/lv\/wp-json\/wp\/v2\/media\/103145"}],"wp:attachment":[{"href":"https:\/\/www.europesays.com\/lv\/wp-json\/wp\/v2\/media?parent=103413"}],"wp:term":[{"taxonomy":"category","embeddable":true,"href":"https:\/\/www.europesays.com\/lv\/wp-json\/wp\/v2\/categories?post=103413"},{"taxonomy":"post_tag","embeddable":true,"href":"https:\/\/www.europesays.com\/lv\/wp-json\/wp\/v2\/tags?post=103413"}],"curies":[{"name":"wp","href":"https:\/\/api.w.org\/{rel}","templated":true}]}}