{"id":103414,"date":"2026-01-13T18:09:26","date_gmt":"2026-01-13T18:09:26","guid":{"rendered":"https:\/\/www.europesays.com\/lv\/103414\/"},"modified":"2026-01-13T18:09:26","modified_gmt":"2026-01-13T18:09:26","slug":"donalda-trampa-veselibas-stavoklis-jaunakas-zinas-un-baumas","status":"publish","type":"post","link":"https:\/\/www.europesays.com\/lv\/103414\/","title":{"rendered":"Donalda Trampa vesel\u012bbas st\u0101voklis: jaun\u0101k\u0101s zi\u0146as un baumas"},"content":{"rendered":"<p class=\"descr\">Donalda Trampa vesel\u012bbas st\u0101voklis ir izrais\u012bjis satraukumu, liekot vi\u0146a pal\u012bgiem piel\u0101got savu komunik\u0101ciju. Baltais nams ir atzinis komunik\u0101cijas gr\u016bt\u012bbas. Pla\u0161sazi\u0146as l\u012bdzek\u013cos akt\u012bvi cirkul\u0113 baumas, s\u0101kot no katetra n\u0113s\u0101\u0161anas l\u012bdz demences paz\u012bm\u0113m.<\/p>\n<p>ASV prezidenta <a href=\"https:\/\/nra.lv\/birka\/donalds-tramps\/\" target=\"_blank\" rel=\"noopener nofollow\">Donalda Trampa<\/a> vesel\u012bba atkal ir non\u0101kusi mediju uzman\u012bbas centr\u0101. Saska\u0146\u0101 ar amerik\u0101\u0146u mediju zi\u0146ojumiem, prezidenta pal\u012bgiem ir n\u0101cies veikt b\u016btiskas izmai\u0146as sazi\u0146as veid\u0101 ar vi\u0146u, pieaugot jaut\u0101jumiem par vi\u0146a fizisko un kognit\u012bvo st\u0101vokli.<\/p>\n<blockquote><p>Saska\u0146\u0101 ar The Wall Street Journal inform\u0101ciju, darbinieki, pal\u012bgi un prezidentam tuvi cilv\u0113ki tagad ir spiesti run\u0101t iev\u0113rojami ska\u013c\u0101k tik\u0161an\u0101s laik\u0101, jo Tramps slikti dzird.<\/p><\/blockquote>\n<p>Pats prezidents uz \u0161\u012bm baum\u0101m publiski rea\u0123\u0113jis ar ironiju. Vien\u0101 preses konferenc\u0113 vi\u0146\u0161 sarkastiski pazi\u0146oja:<\/p>\n<p>&#8220;Es j\u016bs nedzirdu. Es j\u016bs nedzirdu. Es nedzirdu ne v\u0101rda, ko j\u016bs sak\u0101t,&#8221;<br \/>v\u0113l\u0101k preciz\u0113jot, ka probl\u0113mas rodas tikai &#8220;tad, kad vienlaikus run\u0101 p\u0101r\u0101k daudz cilv\u0113ku&#8221;.<\/p>\n<p>Donaldam Trampam ir 79 gadi, un kop\u0161 st\u0101\u0161an\u0101s amat\u0101 jaut\u0101jumi par vi\u0146a sp\u0113ju nostr\u0101d\u0101t pilnu termi\u0146u joproj\u0101m ir aktu\u0101li. Neskatoties uz to, ka vi\u0146a \u0101rsts \u0160ons Barbabella ofici\u0101li apstiprin\u0101ja, ka prezidents ir sp\u0113j\u012bgs turpin\u0101t darbu, medijos cirkul\u0113 baumas, s\u0101kot no katetra lieto\u0161anas l\u012bdz demences paz\u012bm\u0113m. Baltais nams kategoriski noliedz \u0161os apgalvojumus.<\/p>\n<p>Papildu uzman\u012bba ir piev\u0113rsta zilumiem uz Trampa rok\u0101m, kas, p\u0113c Balt\u0101 nama preses sekret\u0101res Karol\u012bnas L\u012bvitas teikt\u0101, ir bie\u017eas rokasspiedienu sekas, k\u0101 ar\u012b miegain\u012bbas epizod\u0113m san\u0101ksmju laik\u0101 un gad\u012bjumiem, kad prezidentam, p\u0113c \u017eurn\u0101listu teikt\u0101, bija gr\u016bt\u012bbas saprast, ko citi saka.<\/p>\n<p>\u0160o diskusiju laik\u0101 Donalda Trampa biogr\u0101fs Maikls Volfs ir ie\u0146\u0113mis stingr\u0101ku nost\u0101ju. Podk\u0101st\u0101 \u201cInside Trump&#8217;s Head\u201d vi\u0146\u0161 koment\u0113ja Balt\u0101 nama administr\u0101cijas vad\u012bt\u0101jas Sj\u016bzijas Vailzas koment\u0101rus, kura iepriek\u0161 Trampu bija raksturojusi k\u0101 t\u0101du, kam piem\u012bt \u201calkoholiska person\u012bba\u201d. Volfs uzskata, ka t\u0101s var\u0113tu b\u016bt nopietn\u0101kas ar vecumu saist\u012btas izmai\u0146as.<\/p>\n<p>&#8220;Vi\u0146a tikpat labi var\u0113ja teikt, ka tas ir k\u0101 mijiedarb\u012bba ar demences pacientu. Nekontrol\u0113tas person\u012bbas iez\u012bmes \u2014 dusmas, sevis \u017e\u0113lo\u0161ana \u2014 k\u013c\u016bst arvien izteikt\u0101kas,&#8221; pazi\u0146oja Vulfs, uzsverot, ka l\u012bdz\u012bgi jaut\u0101jumi iepriek\u0161 ir izrais\u012bju\u0161i kritiku pret D\u017eo Baidenu vi\u0146a prezidenta pilnvaru laik\u0101.<\/p>\n<p>Vienlaikus eksperts atz\u012bm\u0113ja, ka nav meh\u0101nisma, lai objekt\u012bvi un neatkar\u012bgi nov\u0113rt\u0113tu pa\u0161reiz\u0113j\u0101 prezidenta st\u0101vokli.<\/p>\n<p>Neskatoties uz ofici\u0101lajiem Balt\u0101 nama noliegumiem, Donalda Trampa vesel\u012bba joproj\u0101m ir viena no visvair\u0101k apspriestaj\u0101m t\u0113m\u0101m Amerikas politik\u0101 un, visticam\u0101k, v\u0113l ilgi paliks av\u012b\u017eu pirmaj\u0101s lap\u0101s.<\/p>\n<p>\t\t\t\t\t\tinfo<\/p>\n<p>Uzzini pirmais<br \/>kas interesants noticis Latvij\u0101 un pasaul\u0113,<br \/>pievienojoties mums <a href=\"https:\/\/t.me\/neatkariga\" rel=\"nofollow\">Telegram<\/a> vai <a href=\"https:\/\/whatsapp.com\/channel\/0029VaMLFUH5K3zLU5s4wm3y\" rel=\"nofollow noopener\" target=\"_blank\">Whatsapp<\/a> kan\u0101l\u0101<\/p>\n","protected":false},"excerpt":{"rendered":"Donalda Trampa vesel\u012bbas st\u0101voklis ir izrais\u012bjis satraukumu, liekot vi\u0146a pal\u012bgiem piel\u0101got savu komunik\u0101ciju. Baltais nams ir atzinis komunik\u0101cijas&hellip;\n","protected":false},"author":2,"featured_media":103415,"comment_status":"","ping_status":"","sticky":false,"template":"","format":"standard","meta":{"footnotes":""},"categories":[14],"tags":[23,57,28,29,32,33,22,30,31,35,39,38,36,37,34,40,20,26,27,24,25,54,55,56,21,58],"class_list":{"0":"post-103414","1":"post","2":"type-post","3":"status-publish","4":"format-standard","5":"has-post-thumbnail","7":"category-zinas-no-arvalstim","8":"tag-aktualitates","9":"tag-arvalstim","10":"tag-breaking-news","11":"tag-breakingnews","12":"tag-featured-news","13":"tag-featurednews","14":"tag-headlines","15":"tag-latest-news","16":"tag-latestnews","17":"tag-latvia","18":"tag-latvian","19":"tag-latviesu","20":"tag-latviesu-valoda","21":"tag-latviesuvaloda","22":"tag-latvija","23":"tag-lv","24":"tag-news","25":"tag-popularakas-zinas","26":"tag-popularakaszinas","27":"tag-top-stories","28":"tag-topstories","29":"tag-world","30":"tag-world-news","31":"tag-worldnews","32":"tag-zinas","33":"tag-zinas-no-arvalstim"},"share_on_mastodon":{"url":"https:\/\/pubeurope.com\/@lv\/115889134816724609","error":""},"_links":{"self":[{"href":"https:\/\/www.europesays.com\/lv\/wp-json\/wp\/v2\/posts\/103414","targetHints":{"allow":["GET"]}}],"collection":[{"href":"https:\/\/www.europesays.com\/lv\/wp-json\/wp\/v2\/posts"}],"about":[{"href":"https:\/\/www.europesays.com\/lv\/wp-json\/wp\/v2\/types\/post"}],"author":[{"embeddable":true,"href":"https:\/\/www.europesays.com\/lv\/wp-json\/wp\/v2\/users\/2"}],"replies":[{"embeddable":true,"href":"https:\/\/www.europesays.com\/lv\/wp-json\/wp\/v2\/comments?post=103414"}],"version-history":[{"count":0,"href":"https:\/\/www.europesays.com\/lv\/wp-json\/wp\/v2\/posts\/103414\/revisions"}],"wp:featuredmedia":[{"embeddable":true,"href":"https:\/\/www.europesays.com\/lv\/wp-json\/wp\/v2\/media\/103415"}],"wp:attachment":[{"href":"https:\/\/www.europesays.com\/lv\/wp-json\/wp\/v2\/media?parent=103414"}],"wp:term":[{"taxonomy":"category","embeddable":true,"href":"https:\/\/www.europesays.com\/lv\/wp-json\/wp\/v2\/categories?post=103414"},{"taxonomy":"post_tag","embeddable":true,"href":"https:\/\/www.europesays.com\/lv\/wp-json\/wp\/v2\/tags?post=103414"}],"curies":[{"name":"wp","href":"https:\/\/api.w.org\/{rel}","templated":true}]}}