{"id":103420,"date":"2026-01-13T18:13:07","date_gmt":"2026-01-13T18:13:07","guid":{"rendered":"https:\/\/www.europesays.com\/lv\/103420\/"},"modified":"2026-01-13T18:13:07","modified_gmt":"2026-01-13T18:13:07","slug":"neatlaidigais-roma-ar-parsistam-riepam-uzvar-dakara-devitaja-posma","status":"publish","type":"post","link":"https:\/\/www.europesays.com\/lv\/103420\/","title":{"rendered":"Neatlaid\u012bgais Roma ar p\u0101rsist\u0101m riep\u0101m uzvar \u201cDakara\u201d dev\u012btaj\u0101 posm\u0101"},"content":{"rendered":"<p>Pirmaj\u0101s div\u0101s viet\u0101s bija \u201cEnergylandia\u201d p\u0101rst\u0101vo\u0161ie po\u013ci \u0112riks Go\u010dals un vi\u0146a t\u0113vocis Mihals. \u0112riks fini\u0161\u0113ja tr\u012bs stund\u0101s 46 min\u016bt\u0113s un 42 sekund\u0113s, par septi\u0146\u0101m min\u016bt\u0113m un 45 sekund\u0113m p\u0101rsp\u0113jot Mihalu. \u0112rika t\u0113vs Mareks fini\u0161\u0113ja 26. viet\u0101.<\/p>\n<p>Kopv\u0113rt\u0113jum\u0101 Roma (\u201cFord\u201d) savu tautieti un komandas biedru Sainsu apsteidz par 57 sekund\u0113m, bet v\u0113l 13 sekundes atpaliek Al-Atija.<\/p>\n<p>Motociklu klas\u0113 418 kilometrus garaj\u0101 posm\u0101 pirmais fini\u0161u sasniedza sp\u0101nis To\u0161a \u0160areins (\u201cHonda\u201d), kur\u0161 fini\u0161\u0113ja tr\u012bs stund\u0101s 45 min\u016bt\u0113s un 42 sekund\u0113s. \u010cetras min\u016btes un 35 sekundes vi\u0146am zaud\u0113ja austr\u0101lietis Daniels Sanderss (\u201cRed Bull KTM\u201d), bet v\u0113l 15 sekundes l\u0113n\u0101ks bija Dienvid\u0101frikas motosportists Maikls Doertijs (\u201cBas World KTM\u201d).<\/p>\n<p>Kopv\u0113rt\u0113jum\u0101 Sanderss k\u013cuvis par l\u012bderi, par se\u0161\u0101m min\u016bt\u0113m un 24 sekund\u0113m apsteidzot amerik\u0101ni Rikiju Breibeku (\u201cMonster Energy Honda\u201d). Septi\u0146as min\u016btes un piecas sekundes zaud\u0113 l\u012bdz\u0161in\u0113jais l\u012bderis argent\u012bnietis Lusjano Benavidess (\u201cRed Bull KTM\u201d).<\/p>\n<p>\u201cDakaras\u201d rallijreids norisin\u0101s 48. reizi. P\u0113rn vieglo automa\u0161\u012bnu klas\u0113 uzvar\u0113ja Sa\u016bda Ar\u0101bijas pilots Jaz\u012bds Al-Rad\u017ei, bet motociklu klas\u0113 kopv\u0113rt\u0113jum\u0101 pirmais bija austr\u0101lietis Daniels Sanderss.<\/p>\n<p class=\"ad-desc ad-desc-main\">Saturs turpin\u0101s p\u0113c rekl\u0101mas<\/p>\n<p class=\"ad-desc ad-desc-sec\">Rekl\u0101ma<\/p>\n<p>Rallijreids no 1979. l\u012bdz 2007. gadam 29 reizes norisin\u0101j\u0101s \u0100frik\u0101. 2008. gad\u0101 tas dro\u0161\u012bbas iemeslu d\u0113\u013c tika atcelts, bet n\u0101kamaj\u0101 gad\u0101 tas debit\u0113ja Dienvidamerik\u0101.<\/p>\n<p class=\"tv3-fw-500\">Zi\u0146o par k\u013c\u016bdu rakst\u0101<\/p>\n<p class=\"d-md-block d-none\">Iez\u012bm\u0113 k\u013c\u016bdaino tekstu un spied Ctrl+Enter.<\/p>\n<p class=\"d-md-none d-block\">Iez\u012bm\u0113 k\u013c\u016bdaino tekstu un zi\u0146o par to!<\/p>\n","protected":false},"excerpt":{"rendered":"Pirmaj\u0101s div\u0101s viet\u0101s bija \u201cEnergylandia\u201d p\u0101rst\u0101vo\u0161ie po\u013ci \u0112riks Go\u010dals un vi\u0146a t\u0113vocis Mihals. \u0112riks fini\u0161\u0113ja tr\u012bs stund\u0101s 46&hellip;\n","protected":false},"author":2,"featured_media":103421,"comment_status":"","ping_status":"","sticky":false,"template":"","format":"standard","meta":{"footnotes":""},"categories":[17],"tags":[23582,35,39,38,36,37,34,40,67],"class_list":{"0":"post-103420","1":"post","2":"type-post","3":"status-publish","4":"format-standard","5":"has-post-thumbnail","7":"category-sports","8":"tag-dakaras-rallijreids","9":"tag-latvia","10":"tag-latvian","11":"tag-latviesu","12":"tag-latviesu-valoda","13":"tag-latviesuvaloda","14":"tag-latvija","15":"tag-lv","16":"tag-sports"},"share_on_mastodon":{"url":"https:\/\/pubeurope.com\/@lv\/115889150548420193","error":""},"_links":{"self":[{"href":"https:\/\/www.europesays.com\/lv\/wp-json\/wp\/v2\/posts\/103420","targetHints":{"allow":["GET"]}}],"collection":[{"href":"https:\/\/www.europesays.com\/lv\/wp-json\/wp\/v2\/posts"}],"about":[{"href":"https:\/\/www.europesays.com\/lv\/wp-json\/wp\/v2\/types\/post"}],"author":[{"embeddable":true,"href":"https:\/\/www.europesays.com\/lv\/wp-json\/wp\/v2\/users\/2"}],"replies":[{"embeddable":true,"href":"https:\/\/www.europesays.com\/lv\/wp-json\/wp\/v2\/comments?post=103420"}],"version-history":[{"count":0,"href":"https:\/\/www.europesays.com\/lv\/wp-json\/wp\/v2\/posts\/103420\/revisions"}],"wp:featuredmedia":[{"embeddable":true,"href":"https:\/\/www.europesays.com\/lv\/wp-json\/wp\/v2\/media\/103421"}],"wp:attachment":[{"href":"https:\/\/www.europesays.com\/lv\/wp-json\/wp\/v2\/media?parent=103420"}],"wp:term":[{"taxonomy":"category","embeddable":true,"href":"https:\/\/www.europesays.com\/lv\/wp-json\/wp\/v2\/categories?post=103420"},{"taxonomy":"post_tag","embeddable":true,"href":"https:\/\/www.europesays.com\/lv\/wp-json\/wp\/v2\/tags?post=103420"}],"curies":[{"name":"wp","href":"https:\/\/api.w.org\/{rel}","templated":true}]}}