{"id":103430,"date":"2026-01-13T18:21:07","date_gmt":"2026-01-13T18:21:07","guid":{"rendered":"https:\/\/www.europesays.com\/lv\/103430\/"},"modified":"2026-01-13T18:21:07","modified_gmt":"2026-01-13T18:21:07","slug":"kad-kritis-putina-rezims-nra-lv","status":"publish","type":"post","link":"https:\/\/www.europesays.com\/lv\/103430\/","title":{"rendered":"Kad krit\u012bs Putina re\u017e\u012bms &#8211; nra.lv"},"content":{"rendered":"<p class=\"descr\">Ukrainas Bru\u0146oto sp\u0113ku majors Jurijs Fedorenko paredz, ka Putina re\u017e\u012bms krit\u012bs n\u0101kamaj\u0101 dien\u0101 p\u0113c pamiera, raksta \u201cDialog UA\u201d.<\/p>\n<p><a href=\"https:\/\/nra.lv\/birka\/vladimirs-putins\/\" target=\"_blank\" rel=\"noopener nofollow\">Putins<\/a> nevar izbeigt karu, jo no t\u0101 ir tie\u0161i atkar\u012bga vi\u0146a karjera un dz\u012bv\u012bba, sac\u012bja Jurijs Fedorenko. Vi\u0146\u0161 ar\u012b paskaidroja, ka ra\u0137e\u0161u terors ir veids, k\u0101 c\u012bn\u012bties pret ukrai\u0146iem, m\u0113\u0123inot salauzt vi\u0146u gribu un piespiest uz mieru Krievijas gaum\u0113. Jurijs Fedorenko pauda savu situ\u0101cijas redz\u0113jumu kan\u0101l\u0101 &#8220;\u0422\u0421\u041d&#8221; vietn\u0113 \u201cYouTube\u201d. Pieredz\u0113jus\u012b milit\u0101rpersona paskaidroja: &#8220;K\u0101p\u0113c vi\u0146\u0161 to dara? Vi\u0146\u0161 to dara, lai, pirmk\u0101rt, piespiestu ukrai\u0146us pamest m\u016bsu valsti &#8211; jo maz\u0101k Ukrain\u0101 ir palicis ukrai\u0146u, jo maz\u0101k str\u0101dnieku un atbalsta Aizsardz\u012bbas sp\u0113kiem. Bet armija uzvar kauj\u0101s, un tauta vienm\u0113r uzvar kar\u0101. Cita ce\u013ca nav, t\u0101p\u0113c Putins cen\u0161as m\u016bs padz\u012bt.&#8221;<\/p>\n<p>&#8220;Otr\u0101 komponente ir iesp\u0113ja censties ietekm\u0113t Ukrainas sabiedr\u012bbu, lai cilv\u0113ki, kas atrodas aukstum\u0101 bez elektr\u012bbas, kuri atrodas sare\u017e\u0123\u012bt\u0101 ekonomiskaj\u0101 situ\u0101cij\u0101, piepras\u012btu no savas milit\u0101ri politisk\u0101s vad\u012bbas karadarb\u012bbas p\u0101rtrauk\u0161anu par katru cenu, tas ir, paties\u012bb\u0101 runa ir par kapitul\u0101ciju. Tie\u0161i uz to tiecas Putins,&#8221; atz\u012bm\u0113ja Fedorenko. Vienlaikus majors uzsv\u0113ra: &#8220;Lai paceltu visa \u0161\u012b l\u012bmeni, ir j\u0101par\u0101da kaut k\u0101ds superierocis, kam b\u016bs ar\u012b \u013coti nopietna psiholo\u0123iska ietekme uz m\u016bsu tautu, t\u0101p\u0113c Putins lieto &#8220;Ore\u0161\u0146ik&#8221;. Bet paties\u012bb\u0101 Putins mok\u0101s. Vi\u0146\u0161 atrodas \u013coti sare\u017e\u0123\u012bt\u0101 situ\u0101cij\u0101. Vi\u0146\u0161 nevar aptur\u0113t karu.<\/p>\n<p>K\u0101p\u0113c vi\u0146\u0161 to nevar? Jo n\u0101kamaj\u0101 dien\u0101, kad iero\u010di p\u0101rst\u0101s darboties, Putins vairs nes\u0113d\u0113s sav\u0101 kr\u0113sl\u0101, vi\u0146\u0161 tiks no\u0146emts, jo vi\u0146\u0161 nav guvis nek\u0101dus rezult\u0101tus Ukrain\u0101 \u010detru garo Liel\u0101 kara gadu laik\u0101.&#8221;<\/p>\n<p>\t\t\t\t\t\tinfo<\/p>\n<p>Uzzini pirmais<br \/>kas interesants noticis Latvij\u0101 un pasaul\u0113,<br \/>pievienojoties mums <a href=\"https:\/\/t.me\/neatkariga\" rel=\"nofollow\">Telegram<\/a> vai <a href=\"https:\/\/whatsapp.com\/channel\/0029VaMLFUH5K3zLU5s4wm3y\" rel=\"nofollow noopener\" target=\"_blank\">Whatsapp<\/a> kan\u0101l\u0101<\/p>\n","protected":false},"excerpt":{"rendered":"Ukrainas Bru\u0146oto sp\u0113ku majors Jurijs Fedorenko paredz, ka Putina re\u017e\u012bms krit\u012bs n\u0101kamaj\u0101 dien\u0101 p\u0113c pamiera, raksta \u201cDialog UA\u201d.&hellip;\n","protected":false},"author":2,"featured_media":103431,"comment_status":"","ping_status":"","sticky":false,"template":"","format":"standard","meta":{"footnotes":""},"categories":[14],"tags":[23,57,28,29,32,33,22,30,31,35,39,38,36,37,34,40,20,26,27,24,25,54,55,56,21,58],"class_list":{"0":"post-103430","1":"post","2":"type-post","3":"status-publish","4":"format-standard","5":"has-post-thumbnail","7":"category-zinas-no-arvalstim","8":"tag-aktualitates","9":"tag-arvalstim","10":"tag-breaking-news","11":"tag-breakingnews","12":"tag-featured-news","13":"tag-featurednews","14":"tag-headlines","15":"tag-latest-news","16":"tag-latestnews","17":"tag-latvia","18":"tag-latvian","19":"tag-latviesu","20":"tag-latviesu-valoda","21":"tag-latviesuvaloda","22":"tag-latvija","23":"tag-lv","24":"tag-news","25":"tag-popularakas-zinas","26":"tag-popularakaszinas","27":"tag-top-stories","28":"tag-topstories","29":"tag-world","30":"tag-world-news","31":"tag-worldnews","32":"tag-zinas","33":"tag-zinas-no-arvalstim"},"share_on_mastodon":{"url":"https:\/\/pubeurope.com\/@lv\/115889182154049864","error":""},"_links":{"self":[{"href":"https:\/\/www.europesays.com\/lv\/wp-json\/wp\/v2\/posts\/103430","targetHints":{"allow":["GET"]}}],"collection":[{"href":"https:\/\/www.europesays.com\/lv\/wp-json\/wp\/v2\/posts"}],"about":[{"href":"https:\/\/www.europesays.com\/lv\/wp-json\/wp\/v2\/types\/post"}],"author":[{"embeddable":true,"href":"https:\/\/www.europesays.com\/lv\/wp-json\/wp\/v2\/users\/2"}],"replies":[{"embeddable":true,"href":"https:\/\/www.europesays.com\/lv\/wp-json\/wp\/v2\/comments?post=103430"}],"version-history":[{"count":0,"href":"https:\/\/www.europesays.com\/lv\/wp-json\/wp\/v2\/posts\/103430\/revisions"}],"wp:featuredmedia":[{"embeddable":true,"href":"https:\/\/www.europesays.com\/lv\/wp-json\/wp\/v2\/media\/103431"}],"wp:attachment":[{"href":"https:\/\/www.europesays.com\/lv\/wp-json\/wp\/v2\/media?parent=103430"}],"wp:term":[{"taxonomy":"category","embeddable":true,"href":"https:\/\/www.europesays.com\/lv\/wp-json\/wp\/v2\/categories?post=103430"},{"taxonomy":"post_tag","embeddable":true,"href":"https:\/\/www.europesays.com\/lv\/wp-json\/wp\/v2\/tags?post=103430"}],"curies":[{"name":"wp","href":"https:\/\/api.w.org\/{rel}","templated":true}]}}