{"id":103440,"date":"2026-01-13T18:28:22","date_gmt":"2026-01-13T18:28:22","guid":{"rendered":"https:\/\/www.europesays.com\/lv\/103440\/"},"modified":"2026-01-13T18:28:22","modified_gmt":"2026-01-13T18:28:22","slug":"vilcienu-grafiku-korekcijas-janvari-kas-jazina-pasazieriem","status":"publish","type":"post","link":"https:\/\/www.europesays.com\/lv\/103440\/","title":{"rendered":"Vilcienu grafiku korekcijas janv\u0101r\u012b: kas j\u0101zina pasa\u017eieriem"},"content":{"rendered":"<p class=\"descr\">Elektrovilcieni vis\u0101s \u010detr\u0101s l\u012bnij\u0101s 17. janv\u0101r\u012b kurs\u0113s p\u0113c darba dienu grafika. Vair\u0101kiem d\u012bze\u013cvilcienu reisiem, kas ikdien\u0101 netiek nodro\u0161in\u0101ti katru dienu, b\u016bs kori\u0123\u0113ts kust\u012bbas grafiks no ceturtdienas, 15. janv\u0101ra, l\u012bdz sv\u0113tdienai, 18. janv\u0101rim. Vivi aicina \u0161aj\u0101 period\u0101 \u012bpa\u0161u v\u0113r\u012bbu vilcienu grafikam piev\u0113rst Gulbenes, Madonas, Daugavpils un Valmieras virziena pasa\u017eieriem.<\/p>\n<p>Vair\u0101ki d\u012bze\u013cvilcieni ceturtdien, 15. janv\u0101r\u012b, kurs\u0113s p\u0113c tre\u0161dienas grafika, piektdien, 16. janv\u0101r\u012b &#8211; p\u0113c ceturtdienas grafika, sestdien, 17. janv\u0101r\u012b &#8211; p\u0113c piektdienas grafika, bet sv\u0113tdien, 18. janv\u0101r\u012b atsevi\u0161\u0137i vilcieni kurs\u0113s p\u0113c sestdienas grafika, bet citi &#8211; p\u0113c sv\u0113tdienas grafika. Vienlaikus vilcieni Liep\u0101jas, Ludzas un Zilupes virzien\u0101 kurs\u0113s bez izmai\u0146\u0101m.<\/p>\n<p><a href=\"https:\/\/nra.lv\/birka\/vivi\/\" rel=\"nofollow noopener\" target=\"_blank\">Vivi<\/a> t\u012bmek\u013cvietn\u0113 un mobilaj\u0101 lietotn\u0113 public\u0113tais <a href=\"https:\/\/nra.lv\/birka\/vilcienu-saraksts\/\" rel=\"nofollow noopener\" target=\"_blank\">vilcienu kust\u012bbas saraksts<\/a> ietver visas aktu\u0101l\u0101s izmai\u0146as.<\/p>\n<p>Par vilcienu kust\u012bbas sarakstiem, bi\u013ce\u0161u ieg\u0101di vai citiem ar braucieniem saist\u012btiem jaut\u0101jumiem aicin\u0101m sazin\u0101ties ar Vivi klientu apkalpo\u0161anas centru, zvanot pa diennakts bezmaksas t\u0101lruni 8760.<\/p>\n<p>\t\t\t\t\t\tinfo<\/p>\n<p>Uzzini pirmais<br \/>kas interesants noticis Latvij\u0101 un pasaul\u0113,<br \/>pievienojoties mums <a href=\"https:\/\/t.me\/neatkariga\" rel=\"nofollow\">Telegram<\/a> vai <a href=\"https:\/\/whatsapp.com\/channel\/0029VaMLFUH5K3zLU5s4wm3y\" rel=\"nofollow noopener\" target=\"_blank\">Whatsapp<\/a> kan\u0101l\u0101<\/p>\n","protected":false},"excerpt":{"rendered":"Elektrovilcieni vis\u0101s \u010detr\u0101s l\u012bnij\u0101s 17. janv\u0101r\u012b kurs\u0113s p\u0113c darba dienu grafika. Vair\u0101kiem d\u012bze\u013cvilcienu reisiem, kas ikdien\u0101 netiek nodro\u0161in\u0101ti&hellip;\n","protected":false},"author":2,"featured_media":103441,"comment_status":"","ping_status":"","sticky":false,"template":"","format":"standard","meta":{"footnotes":""},"categories":[12],"tags":[23,28,29,32,33,22,30,31,35,39,38,36,37,34,40,20,26,27,24,25,21],"class_list":{"0":"post-103440","1":"post","2":"type-post","3":"status-publish","4":"format-standard","5":"has-post-thumbnail","7":"category-latvija","8":"tag-aktualitates","9":"tag-breaking-news","10":"tag-breakingnews","11":"tag-featured-news","12":"tag-featurednews","13":"tag-headlines","14":"tag-latest-news","15":"tag-latestnews","16":"tag-latvia","17":"tag-latvian","18":"tag-latviesu","19":"tag-latviesu-valoda","20":"tag-latviesuvaloda","21":"tag-latvija","22":"tag-lv","23":"tag-news","24":"tag-popularakas-zinas","25":"tag-popularakaszinas","26":"tag-top-stories","27":"tag-topstories","28":"tag-zinas"},"share_on_mastodon":{"url":"https:\/\/pubeurope.com\/@lv\/115889209596471740","error":""},"_links":{"self":[{"href":"https:\/\/www.europesays.com\/lv\/wp-json\/wp\/v2\/posts\/103440","targetHints":{"allow":["GET"]}}],"collection":[{"href":"https:\/\/www.europesays.com\/lv\/wp-json\/wp\/v2\/posts"}],"about":[{"href":"https:\/\/www.europesays.com\/lv\/wp-json\/wp\/v2\/types\/post"}],"author":[{"embeddable":true,"href":"https:\/\/www.europesays.com\/lv\/wp-json\/wp\/v2\/users\/2"}],"replies":[{"embeddable":true,"href":"https:\/\/www.europesays.com\/lv\/wp-json\/wp\/v2\/comments?post=103440"}],"version-history":[{"count":0,"href":"https:\/\/www.europesays.com\/lv\/wp-json\/wp\/v2\/posts\/103440\/revisions"}],"wp:featuredmedia":[{"embeddable":true,"href":"https:\/\/www.europesays.com\/lv\/wp-json\/wp\/v2\/media\/103441"}],"wp:attachment":[{"href":"https:\/\/www.europesays.com\/lv\/wp-json\/wp\/v2\/media?parent=103440"}],"wp:term":[{"taxonomy":"category","embeddable":true,"href":"https:\/\/www.europesays.com\/lv\/wp-json\/wp\/v2\/categories?post=103440"},{"taxonomy":"post_tag","embeddable":true,"href":"https:\/\/www.europesays.com\/lv\/wp-json\/wp\/v2\/tags?post=103440"}],"curies":[{"name":"wp","href":"https:\/\/api.w.org\/{rel}","templated":true}]}}