{"id":103442,"date":"2026-01-13T18:29:07","date_gmt":"2026-01-13T18:29:07","guid":{"rendered":"https:\/\/www.europesays.com\/lv\/103442\/"},"modified":"2026-01-13T18:29:07","modified_gmt":"2026-01-13T18:29:07","slug":"ukrainu-izglitibai-un-latviesu-valodas-macibam-pieskirs-astonus-miljonus-eiro","status":"publish","type":"post","link":"https:\/\/www.europesays.com\/lv\/103442\/","title":{"rendered":"Ukrai\u0146u izgl\u012bt\u012bbai un latvie\u0161u valodas m\u0101c\u012bb\u0101m pie\u0161\u0137irs asto\u0146us miljonus eiro"},"content":{"rendered":"<p>316 miljoni eiro paredz\u0113ti pa\u0161vald\u012bbu pamata un visp\u0101r\u0113j\u0101s vid\u0113j\u0101s izgl\u012bt\u012bbas iest\u0101\u017eu, pa\u0161vald\u012bbu speci\u0101l\u0101s izgl\u012bt\u012bbas iest\u0101\u017eu, pa\u0161vald\u012bbu profesion\u0101l\u0101s izgl\u012bt\u012bbas darba samaksai un valsts soci\u0101l\u0101s apdro\u0161in\u0101\u0161anas oblig\u0101taj\u0101m iemaks\u0101m (VSAOI).<\/p>\n<p>Pa\u0161vald\u012bbu speci\u0101lo pirmsskolas izgl\u012bt\u012bbas grupu pedagogu darba samaksai un VSAOI, speci\u0101laj\u0101m izgl\u012bt\u012bbas iest\u0101d\u0113m, kas nodro\u0161ina intern\u0101ta pakalpojumus sadal\u012bti 49,588 miljoni eiro eiro. Pirmsskolas izgl\u012bt\u012bb\u0101 pa\u0161vald\u012bbu izgl\u012bt\u012bbas iest\u0101d\u0113s b\u0113rnu no piecu gadu vecuma izgl\u012bto\u0161an\u0101 nodarbin\u0101to pedagogu darba samaksai sadal\u012bti 47,369 miljoni eiro. V\u0113l 25,8 miljoni eiro tiks atv\u0113l\u0113ti intere\u0161u izgl\u012bt\u012bbas programmu pedagogiem.<\/p>\n<p>IZM atg\u0101dina, ka no pag\u0101ju\u0161\u0101 gada septembra pedagogu darba samaksai tiek pie\u0161\u0137irts papildu finans\u0113jums, ievie\u0161ot jauno skolu finans\u0113\u0161anas modeli &#8220;Programma skol\u0101&#8221;. Reformas ievie\u0161anai \u0161ogad paredz\u0113ti papildus 45 miljoni eiro.<\/p>\n<p>Finans\u0113jumu latvie\u0161u valodas m\u0101c\u012bb\u0101m Ukrainas iedz\u012bvot\u0101jiem pie\u0161\u0137irs Sabiedr\u012bbas integr\u0101cijas fondam, savuk\u0101rt Kult\u016bras ministrija noteikta par atbild\u012bgo iest\u0101di programmas \u012bsteno\u0161an\u0101. Paredz\u0113ts, ka programm\u0101 latvie\u0161u valodas m\u0101c\u012bb\u0101s kopum\u0101 var\u0113s piedal\u012bties l\u012bdz 2994 Ukrainas iedz\u012bvot\u0101jiem, un t\u0101s \u012bsteno\u0161ana pl\u0101nota l\u012bdz 2026. gada novembrim.<\/p>\n<p>Programma paredz nodro\u0161in\u0101t Ukrainas iedz\u012bvot\u0101jiem bezmaksas latvie\u0161u valodas m\u0101c\u012bbas visos Latvijas re\u0123ionos vismaz 120 akad\u0113misko stundu apjom\u0101, s\u0101kot no A1 valodas prasmes l\u012bme\u0146a, tostarp nepilngad\u012bgajiem Ukrainas iedz\u012bvot\u0101jiem ar ieg\u016btu vid\u0113jo izgl\u012bt\u012bbu Ukrain\u0101 un 16 gadus sasniegu\u0161\u0101m person\u0101m, kuras nav re\u0123istr\u0113tas Latvijas izgl\u012bt\u012bbas iest\u0101d\u0113s, k\u0101 ar\u012b Ukrainas iedz\u012bvot\u0101ju b\u0113rniem vecum\u0101 no pieciem l\u012bdz 16 gadiem neform\u0101laj\u0101 izgl\u012bt\u012bb\u0101.<\/p>\n","protected":false},"excerpt":{"rendered":"316 miljoni eiro paredz\u0113ti pa\u0161vald\u012bbu pamata un visp\u0101r\u0113j\u0101s vid\u0113j\u0101s izgl\u012bt\u012bbas iest\u0101\u017eu, pa\u0161vald\u012bbu speci\u0101l\u0101s izgl\u012bt\u012bbas iest\u0101\u017eu, pa\u0161vald\u012bbu profesion\u0101l\u0101s izgl\u012bt\u012bbas&hellip;\n","protected":false},"author":2,"featured_media":103443,"comment_status":"","ping_status":"","sticky":false,"template":"","format":"standard","meta":{"footnotes":""},"categories":[5],"tags":[23,28,29,32,33,22,30,31,35,39,38,36,37,34,40,20,26,27,1913,24,25,276,21],"class_list":{"0":"post-103442","1":"post","2":"type-post","3":"status-publish","4":"format-standard","5":"has-post-thumbnail","7":"category-aktualitates","8":"tag-aktualitates","9":"tag-breaking-news","10":"tag-breakingnews","11":"tag-featured-news","12":"tag-featurednews","13":"tag-headlines","14":"tag-latest-news","15":"tag-latestnews","16":"tag-latvia","17":"tag-latvian","18":"tag-latviesu","19":"tag-latviesu-valoda","20":"tag-latviesuvaloda","21":"tag-latvija","22":"tag-lv","23":"tag-news","24":"tag-popularakas-zinas","25":"tag-popularakaszinas","26":"tag-skolas-un-izglitiba","27":"tag-top-stories","28":"tag-topstories","29":"tag-ukraina","30":"tag-zinas"},"share_on_mastodon":{"url":"https:\/\/pubeurope.com\/@lv\/115889213417866097","error":""},"_links":{"self":[{"href":"https:\/\/www.europesays.com\/lv\/wp-json\/wp\/v2\/posts\/103442","targetHints":{"allow":["GET"]}}],"collection":[{"href":"https:\/\/www.europesays.com\/lv\/wp-json\/wp\/v2\/posts"}],"about":[{"href":"https:\/\/www.europesays.com\/lv\/wp-json\/wp\/v2\/types\/post"}],"author":[{"embeddable":true,"href":"https:\/\/www.europesays.com\/lv\/wp-json\/wp\/v2\/users\/2"}],"replies":[{"embeddable":true,"href":"https:\/\/www.europesays.com\/lv\/wp-json\/wp\/v2\/comments?post=103442"}],"version-history":[{"count":0,"href":"https:\/\/www.europesays.com\/lv\/wp-json\/wp\/v2\/posts\/103442\/revisions"}],"wp:featuredmedia":[{"embeddable":true,"href":"https:\/\/www.europesays.com\/lv\/wp-json\/wp\/v2\/media\/103443"}],"wp:attachment":[{"href":"https:\/\/www.europesays.com\/lv\/wp-json\/wp\/v2\/media?parent=103442"}],"wp:term":[{"taxonomy":"category","embeddable":true,"href":"https:\/\/www.europesays.com\/lv\/wp-json\/wp\/v2\/categories?post=103442"},{"taxonomy":"post_tag","embeddable":true,"href":"https:\/\/www.europesays.com\/lv\/wp-json\/wp\/v2\/tags?post=103442"}],"curies":[{"name":"wp","href":"https:\/\/api.w.org\/{rel}","templated":true}]}}