{"id":103444,"date":"2026-01-13T18:34:18","date_gmt":"2026-01-13T18:34:18","guid":{"rendered":"https:\/\/www.europesays.com\/lv\/103444\/"},"modified":"2026-01-13T18:34:18","modified_gmt":"2026-01-13T18:34:18","slug":"kapec-paleninata-brauksana-var-liecinat-par-bistamu-situaciju-lente-lv","status":"publish","type":"post","link":"https:\/\/www.europesays.com\/lv\/103444\/","title":{"rendered":"k\u0101p\u0113c pal\u0113nin\u0101ta brauk\u0161ana var liecin\u0101t par b\u012bstamu situaciju\u00a0\u2014\u00a0Lente.lv"},"content":{"rendered":"<p>Main\u012bgie laikapst\u0101k\u013ci un ce\u013cu st\u0101voklis prasa \u012bpa\u0161u uzman\u012bbu<\/p>\n<p>Sv\u0113tdien Latvijas ce\u013cus kl\u0101ja sniegs un apledojums, radot apgr\u016btin\u0101tus brauk\u0161anas apst\u0101k\u013cus vis\u0101 valst\u012b. K\u0101 zi\u0146o telekan\u0101ls TV3, da\u017eviet ce\u013cu st\u0101voklis bija kritisks, un to uztur\u0113\u0161an\u0101 tika iesaist\u012btas vair\u0101kas ziemas dienesta tehnikas vien\u012bbas. Main\u012bgie laikapst\u0101k\u013ci, kad vien\u0101 viet\u0101 ce\u013c\u0161 ir t\u012brs un sauss, bet cit\u0101 \u2013 apledojis vai aizputin\u0101ts, prasa no autovad\u012bt\u0101jiem pastiprin\u0101tu uzman\u012bbu un gatav\u012bbu rea\u0123\u0113t uz izmai\u0146\u0101m.<\/p>\n<p>L\u0113n\u0101ka brauk\u0161ana \u2013 ne vienm\u0113r dro\u0161\u012bbas paz\u012bme<\/p>\n<p>Neraugoties uz to, ka daudzi autovad\u012bt\u0101ji m\u0113dz kritiz\u0113t l\u0113n\u0101k brauco\u0161os satiksmes dal\u012bbniekus, ziemas apst\u0101k\u013cos pal\u0113nin\u0101ta brauk\u0161ana var b\u016bt nevis nev\u0113r\u012bbas, bet gan sapr\u0101t\u012bgas piesardz\u012bbas paz\u012bme. Ce\u013cu st\u0101voklis var strauji pasliktin\u0101ties, \u012bpa\u0161i viet\u0101s, kur p\u016b\u0161 v\u0113j\u0161 un sniegs \u0101tri vien veido sanesumus, at\u0161\u0137aidot pretapledojuma materi\u0101lus un veicinot apledojuma veido\u0161anos pat uz apstr\u0101d\u0101tiem ce\u013ciem. Autovad\u012bt\u0101jiem j\u0101b\u016bt gataviem piel\u0101goties \u0161\u012bm izmai\u0146\u0101m, izv\u0113loties atbilsto\u0161u \u0101trumu un distanci.<\/p>\n<p>Ekspertu ieteikumi dro\u0161\u0101kai ziemas brauk\u0161anai<\/p>\n<p>Dro\u0161as brauk\u0161anas skolas eksperti uzsver, ka ziem\u0101 ir iz\u0161\u0137iro\u0161a vad\u012bt\u0101ja sp\u0113ja piel\u0101goties apst\u0101k\u013ciem. Tas ietver sev\u012b atbilsto\u0161a brauk\u0161anas \u0101truma izv\u0113li, dro\u0161as distances iev\u0113ro\u0161anu un laic\u012bgu pagrieziena sign\u0101lu r\u0101d\u012b\u0161anu. Bie\u017ei vien negad\u012bjumi notiek, neiev\u0113rojot \u0161\u012bs pamata dro\u0161\u012bbas lietas, un ziemas apst\u0101k\u013cos to sekas var b\u016bt smag\u0101kas. Lai gan Valsts policija regul\u0101ri fiks\u0113 agres\u012bvus brauc\u0113jus, \u012bpa\u0161i braucot agres\u012bvi vai veicot s\u0101nsl\u012bdes, tiek aicin\u0101ts savas prasmes pilnveidot dro\u0161\u0101s vid\u0113s, nevis uz publiskiem ce\u013ciem.<\/p>\n<p>Ziemas brauk\u0161anas konsult\u0101cijas un sagatavo\u0161an\u0101s<\/p>\n<p>Ce\u013cu satiksmes dro\u0161\u012bbas direkcija (CSDD) \u0161oned\u0113\u013c r\u012bko bezmaksas ziemas brauk\u0161anas konsult\u0101cijas vair\u0101k\u0101s Latvijas pils\u0113t\u0101s, lai pal\u012bdz\u0113tu autovad\u012bt\u0101jiem pilnveidot prasmes sare\u017e\u0123\u012btos apst\u0101k\u013cos. Nodarb\u012bb\u0101s tiek skaidroti dro\u0161as brauk\u0161anas principi, bremz\u0113\u0161anas ce\u013ca garums un faktori, kas to ietekm\u0113, k\u0101 ar\u012b izvair\u012b\u0161an\u0101s no sadursm\u0113m. T\u0101pat svar\u012bga ir ar\u012b automa\u0161\u012bnas sagatavo\u0161ana ziemai \u2013 ziemas riepu st\u0101voklis, logu t\u012br\u012bba un tehnisko \u0161\u0137idrumu atbilst\u012bba aukstajam laikam. Oblig\u0101t\u0101s ziemas riepas Latvij\u0101 ir sp\u0113k\u0101 no 1. decembra l\u012bdz 1. martam.<\/p>\n","protected":false},"excerpt":{"rendered":"Main\u012bgie laikapst\u0101k\u013ci un ce\u013cu st\u0101voklis prasa \u012bpa\u0161u uzman\u012bbu Sv\u0113tdien Latvijas ce\u013cus kl\u0101ja sniegs un apledojums, radot apgr\u016btin\u0101tus brauk\u0161anas&hellip;\n","protected":false},"author":2,"featured_media":103445,"comment_status":"","ping_status":"","sticky":false,"template":"","format":"standard","meta":{"footnotes":""},"categories":[12],"tags":[23,28,29,1145,4832,32,33,22,397,30,31,35,39,38,36,37,34,2857,40,20,26,27,24,25,24989,21],"class_list":{"0":"post-103444","1":"post","2":"type-post","3":"status-publish","4":"format-standard","5":"has-post-thumbnail","7":"category-latvija","8":"tag-aktualitates","9":"tag-breaking-news","10":"tag-breakingnews","11":"tag-csdd","12":"tag-drosiba-uz-cela","13":"tag-featured-news","14":"tag-featurednews","15":"tag-headlines","16":"tag-laikapstakli","17":"tag-latest-news","18":"tag-latestnews","19":"tag-latvia","20":"tag-latvian","21":"tag-latviesu","22":"tag-latviesu-valoda","23":"tag-latviesuvaloda","24":"tag-latvija","25":"tag-latvijas-valsts-celi","26":"tag-lv","27":"tag-news","28":"tag-popularakas-zinas","29":"tag-popularakaszinas","30":"tag-top-stories","31":"tag-topstories","32":"tag-ziemas-brauksana","33":"tag-zinas"},"share_on_mastodon":{"url":"https:\/\/pubeurope.com\/@lv\/115889233234428891","error":""},"_links":{"self":[{"href":"https:\/\/www.europesays.com\/lv\/wp-json\/wp\/v2\/posts\/103444","targetHints":{"allow":["GET"]}}],"collection":[{"href":"https:\/\/www.europesays.com\/lv\/wp-json\/wp\/v2\/posts"}],"about":[{"href":"https:\/\/www.europesays.com\/lv\/wp-json\/wp\/v2\/types\/post"}],"author":[{"embeddable":true,"href":"https:\/\/www.europesays.com\/lv\/wp-json\/wp\/v2\/users\/2"}],"replies":[{"embeddable":true,"href":"https:\/\/www.europesays.com\/lv\/wp-json\/wp\/v2\/comments?post=103444"}],"version-history":[{"count":0,"href":"https:\/\/www.europesays.com\/lv\/wp-json\/wp\/v2\/posts\/103444\/revisions"}],"wp:featuredmedia":[{"embeddable":true,"href":"https:\/\/www.europesays.com\/lv\/wp-json\/wp\/v2\/media\/103445"}],"wp:attachment":[{"href":"https:\/\/www.europesays.com\/lv\/wp-json\/wp\/v2\/media?parent=103444"}],"wp:term":[{"taxonomy":"category","embeddable":true,"href":"https:\/\/www.europesays.com\/lv\/wp-json\/wp\/v2\/categories?post=103444"},{"taxonomy":"post_tag","embeddable":true,"href":"https:\/\/www.europesays.com\/lv\/wp-json\/wp\/v2\/tags?post=103444"}],"curies":[{"name":"wp","href":"https:\/\/api.w.org\/{rel}","templated":true}]}}