{"id":103447,"date":"2026-01-13T18:36:07","date_gmt":"2026-01-13T18:36:07","guid":{"rendered":"https:\/\/www.europesays.com\/lv\/103447\/"},"modified":"2026-01-13T18:36:07","modified_gmt":"2026-01-13T18:36:07","slug":"reitere-sanem-gada-balvu-makslas-kritika","status":"publish","type":"post","link":"https:\/\/www.europesays.com\/lv\/103447\/","title":{"rendered":"Reitere sa\u0146em Gada balvu m\u0101kslas kritik\u0101"},"content":{"rendered":"<p>\u017d\u016brijas priek\u0161s\u0113d\u0113t\u0101js Ilm\u0101rs \u0160l\u0101pins atzina, ka ar\u012b \u0161oreiz \u017e\u016brijas iz\u0161\u0137ir\u0161an\u0101s starp labu un v\u0113l lab\u0101ku bija \u0101rk\u0101rt\u012bgi gr\u016bta.<\/p>\n<p>&#8220;M\u016bs p\u0101rliecin\u0101ja kriti\u0137es sp\u0113ja izmantot akad\u0113miskas zin\u0101\u0161anas un teor\u0113tiskas atzi\u0146as, ne vien analiz\u0113jot m\u0101kslinieciskos pa\u0146\u0113mienus un rado\u0161\u0101s idejas, bet ar\u012b v\u0113r\u0161ot uzman\u012bbu uz m\u0101kslas darba autora profesion\u0101lo \u0113tiku un cilv\u0113cisko mor\u0101li,&#8221; pauda \u0160l\u0101pins, piebilstot, ka laikmet\u012bga attieksme un skaidras poz\u012bcijas pau\u0161ana \u0161\u012bs recenzijas padara \u012bpa\u0161i noz\u012bm\u012bgas.<\/p>\n<p>Jaun\u0101 kriti\u0137a balva pie\u0161\u0137irta Arno Titovam par grupas &#8220;Alejas&#8221;, dueta &#8220;Domenique Dumont&#8221; un Keitijas B\u0101rbales m\u016bzikas albumu recenzij\u0101m.<\/p>\n<p>Normunda Nauma\u0146a Gada balva m\u0101kslas kritik\u0101 tika pasniegta 11. reizi. \u0160ogad ceremonija jeb &#8220;NN nakts&#8221; pirmo reizi notika Latvijas Radio pirmaj\u0101 studij\u0101, bet t\u0101s tie\u0161raides ierakstu b\u016bs iesp\u0113jams noskat\u012bties port\u0101los &#8220;Satori&#8221; un &#8220;LSM.lv&#8221;, k\u0101 ar\u012b Normunda Nauma\u0146a biedr\u012bbas &#8220;Youtube&#8221; kan\u0101l\u0101.<\/p>\n<p>Ceremonijas papla\u0161in\u0101tais nosaukums \u0161ogad bija &#8220;Kritikas j\u0113gas pier\u0101d\u012b\u0161ana visu m\u0101kslu m\u012b\u013cot\u0101jam&#8221;.<\/p>\n<p>Balvai \u0161ogad bija nomin\u0113ti \u010detri kandid\u0101ti &#8211; Reitere, te\u0101tra kriti\u0137is Atis Rozent\u0101ls, literat\u016bras kriti\u0137is Arvis Viguls un operas kriti\u0137e Lauma Mell\u0113na-Bartkevi\u010da.<\/p>\n<p>Jaun\u0101 kriti\u0137a balvai bija nomin\u0113ts Titovs, L\u012bva Marta Roze, Valters Liberts, R\u0113zija Krievi\u0146a un Signija Joce.<\/p>\n<p>Balvas \u017e\u016brij\u0101 darbojas Ed\u012bte Ti\u0161heizere, Anda Bakl\u0101ne, K\u0101rlis V\u0113rdi\u0146\u0161, Aivars Madris, Andris Dzen\u012btis, Santa Hir\u0161a un Ilm\u0101rs \u0160l\u0101pins.<\/p>\n","protected":false},"excerpt":{"rendered":"\u017d\u016brijas priek\u0161s\u0113d\u0113t\u0101js Ilm\u0101rs \u0160l\u0101pins atzina, ka ar\u012b \u0161oreiz \u017e\u016brijas iz\u0161\u0137ir\u0161an\u0101s starp labu un v\u0113l lab\u0101ku bija \u0101rk\u0101rt\u012bgi gr\u016bta.&hellip;\n","protected":false},"author":2,"featured_media":103448,"comment_status":"","ping_status":"","sticky":false,"template":"","format":"standard","meta":{"footnotes":""},"categories":[19],"tags":[89,90,35,39,38,36,37,34,40,19999],"class_list":{"0":"post-103447","1":"post","2":"type-post","3":"status-publish","4":"format-standard","5":"has-post-thumbnail","7":"category-izklaide","8":"tag-entertainment","9":"tag-izklaide","10":"tag-latvia","11":"tag-latvian","12":"tag-latviesu","13":"tag-latviesu-valoda","14":"tag-latviesuvaloda","15":"tag-latvija","16":"tag-lv","17":"tag-normunda-naumana-balva"},"share_on_mastodon":{"url":"https:\/\/pubeurope.com\/@lv\/115889241063438985","error":""},"_links":{"self":[{"href":"https:\/\/www.europesays.com\/lv\/wp-json\/wp\/v2\/posts\/103447","targetHints":{"allow":["GET"]}}],"collection":[{"href":"https:\/\/www.europesays.com\/lv\/wp-json\/wp\/v2\/posts"}],"about":[{"href":"https:\/\/www.europesays.com\/lv\/wp-json\/wp\/v2\/types\/post"}],"author":[{"embeddable":true,"href":"https:\/\/www.europesays.com\/lv\/wp-json\/wp\/v2\/users\/2"}],"replies":[{"embeddable":true,"href":"https:\/\/www.europesays.com\/lv\/wp-json\/wp\/v2\/comments?post=103447"}],"version-history":[{"count":0,"href":"https:\/\/www.europesays.com\/lv\/wp-json\/wp\/v2\/posts\/103447\/revisions"}],"wp:featuredmedia":[{"embeddable":true,"href":"https:\/\/www.europesays.com\/lv\/wp-json\/wp\/v2\/media\/103448"}],"wp:attachment":[{"href":"https:\/\/www.europesays.com\/lv\/wp-json\/wp\/v2\/media?parent=103447"}],"wp:term":[{"taxonomy":"category","embeddable":true,"href":"https:\/\/www.europesays.com\/lv\/wp-json\/wp\/v2\/categories?post=103447"},{"taxonomy":"post_tag","embeddable":true,"href":"https:\/\/www.europesays.com\/lv\/wp-json\/wp\/v2\/tags?post=103447"}],"curies":[{"name":"wp","href":"https:\/\/api.w.org\/{rel}","templated":true}]}}