{"id":103453,"date":"2026-01-13T18:40:20","date_gmt":"2026-01-13T18:40:20","guid":{"rendered":"https:\/\/www.europesays.com\/lv\/103453\/"},"modified":"2026-01-13T18:40:20","modified_gmt":"2026-01-13T18:40:20","slug":"valsts-prezidenta-edgara-rinkevica-tiksanas-ar-saeimas-frakciju-progresivie-lv-portals","status":"publish","type":"post","link":"https:\/\/www.europesays.com\/lv\/103453\/","title":{"rendered":"Valsts prezidenta Edgara Rink\u0113vi\u010da tik\u0161an\u0101s ar Saeimas frakciju \u201cProgres\u012bvie\u201d &#8211; LV port\u0101ls"},"content":{"rendered":"<ol>\n<li><a href=\"https:\/\/news.google.com\/rss\/articles\/CBMivwFBVV95cUxQMno1djM2UHIzLTBxVEZjN21CTy1Rc19naG55QlJPcFpZQmlLUXFWallOOEFBY0hab21vMDA1R19zV0lPYWZjMWNnUVNfUk9XbnFsaTgtSDRseHJJV1Z0SExNVUczVThVckxjbnhaSW5nSTFUUlNqTFlQOXlvZlMydFdXeFljM2EzMXBuelVYNjQwZTlSR1Ayck50dm5tNzNPSUVLbmVocWxNSHZmYXBKdHkxWHRxVFNGaWpSa3p4WQ?oc=5\" target=\"_blank\" rel=\"nofollow noopener\">Valsts prezidenta Edgara Rink\u0113vi\u010da tik\u0161an\u0101s ar Saeimas frakciju \u201cProgres\u012bvie\u201d<\/a>&nbsp;&nbsp;LV port\u0101ls<\/li>\n<li><a href=\"https:\/\/news.google.com\/rss\/articles\/CBMi0gFBVV95cUxQR1hmUjlNenlESWQ4VEdvSU9YbUduMHVMUkpWUXA1eHRqTHBWSV9IdXMwNDN2aFd0dlRGNzA1QTlMcnE2d0pwNGh1LUgwMkVRdFUzeVFVS3JUUFN5eDNxMTQ4czhEdVZvMU9ZVWpjWkNFbGJUdWlQNjNhdm1WY0oxUTJ1Ulg1Vkp5c1FvUEhIbTRITmJBYlFoTmZ5TGRCamVmdHZEMTFkTmRoS2s2QVYxNEloc3dVeWFoZ3dyNzV2Q01vdW5mOE5YRTNydDI5dkY2bXfSAdcBQVVfeXFMTzZMdHA3aXlOQVQ1empkWUVXeDV1WHpOTmVFU2t4V09PX1JVZWJ5ejZsRVJQT0gzMWdRZ3FsOVptVzc5eWd4aVN1dm1hdGZjaER1ZFp2djdkdXM3N1oxaTE3ajdoR2I3ekVKR3F0ckxzMm51RjdFeFhwT1B2X3dJajE1TmtLeFUzUjlZOF9ZOHBzb2tkckFGclIyanlNUTZIR3RCU1M3c21jNEVIZ09uMFJjX19DdDJyV20weXRGS1pEa193eVBKQ3o5SjRqc1ZWZ2V6Q2FiTDQ?oc=5\" target=\"_blank\" rel=\"nofollow noopener\">Dro\u0161\u012bba, iedz\u012bvot\u0101ju dz\u012bves l\u012bme\u0146a paaugstin\u0101\u0161ana un rindu mazin\u0101\u0161ana vesel\u012bbas apr\u016bp\u0113<\/a>&nbsp;&nbsp;bb.lv<\/li>\n<li><a href=\"https:\/\/news.google.com\/rss\/articles\/CBMivgFBVV95cUxQemNYS2J3Q09faWtrMk43ZEk5T3d6T3VHS2lvQVMwWEZza2RaMjFZUGpxOGJHSnppcTY2S3JlZXdVM25QRW94d0h0QkhFSFNISEhSWUg0b2tRVDNTX1FxVE9pSXRYZlZZSDlMdS1kN012elVBcWJ2Ujdna0xtbzVrUnFRTGQ3eHZaMGtqS3JYeURTOXVQZHJUYnBidWE4bDlUR1Uzc3dNSWphYXo3S29IR1M1QVNGSnh2WkRnZi1n?oc=5\" target=\"_blank\" rel=\"nofollow noopener\">FOTO\/VIDEO: Valsts prezidenta Edgara Rink\u0113vi\u010da tik\u0161an\u0101s ar Saeimas frakciju \u201cProgres\u012bvie\u201d<\/a>&nbsp;&nbsp;Valsts prezidenta kanceleja<\/li>\n<li><a href=\"https:\/\/news.google.com\/rss\/articles\/CBMiqwFBVV95cUxOM25xeTNkUDVta3Nfd24tU1FrUFVsTW1LYVYzSzRXNi1oT3hGaE50c1pYeW5RbGJnay1EQ0h3R21DTDJ0WHR5czlTOU0ySTJSa0M2ajNHZjZzaXlVOHd6UmRkQTFYcjRiaEQtQzdMbGNDajZLTTBrYlNtbW1SRTZ3UHp5SjRfV1c0YVpYNVdHSkhtcEdjZkUzZmowWnVJUHYtblJrOUloS010Nms?oc=5\" target=\"_blank\" rel=\"nofollow noopener\">Valsts prezidents tiekas ar Saeimas frakciju \u201cJaun\u0101 Vienot\u012bba\u201d<\/a>&nbsp;&nbsp;LV port\u0101ls<\/li>\n<\/ol>\n","protected":false},"excerpt":{"rendered":"Valsts prezidenta Edgara Rink\u0113vi\u010da tik\u0161an\u0101s ar Saeimas frakciju \u201cProgres\u012bvie\u201d&nbsp;&nbsp;LV port\u0101ls Dro\u0161\u012bba, iedz\u012bvot\u0101ju dz\u012bves l\u012bme\u0146a paaugstin\u0101\u0161ana un rindu mazin\u0101\u0161ana&hellip;\n","protected":false},"author":2,"featured_media":103454,"comment_status":"","ping_status":"","sticky":false,"template":"","format":"standard","meta":{"footnotes":""},"categories":[12],"tags":[23,28,29,32,33,22,30,31,35,39,38,36,37,34,40,20,26,27,24,25,21],"class_list":{"0":"post-103453","1":"post","2":"type-post","3":"status-publish","4":"format-standard","5":"has-post-thumbnail","7":"category-latvija","8":"tag-aktualitates","9":"tag-breaking-news","10":"tag-breakingnews","11":"tag-featured-news","12":"tag-featurednews","13":"tag-headlines","14":"tag-latest-news","15":"tag-latestnews","16":"tag-latvia","17":"tag-latvian","18":"tag-latviesu","19":"tag-latviesu-valoda","20":"tag-latviesuvaloda","21":"tag-latvija","22":"tag-lv","23":"tag-news","24":"tag-popularakas-zinas","25":"tag-popularakaszinas","26":"tag-top-stories","27":"tag-topstories","28":"tag-zinas"},"share_on_mastodon":{"url":"https:\/\/pubeurope.com\/@lv\/115889256784219165","error":""},"_links":{"self":[{"href":"https:\/\/www.europesays.com\/lv\/wp-json\/wp\/v2\/posts\/103453","targetHints":{"allow":["GET"]}}],"collection":[{"href":"https:\/\/www.europesays.com\/lv\/wp-json\/wp\/v2\/posts"}],"about":[{"href":"https:\/\/www.europesays.com\/lv\/wp-json\/wp\/v2\/types\/post"}],"author":[{"embeddable":true,"href":"https:\/\/www.europesays.com\/lv\/wp-json\/wp\/v2\/users\/2"}],"replies":[{"embeddable":true,"href":"https:\/\/www.europesays.com\/lv\/wp-json\/wp\/v2\/comments?post=103453"}],"version-history":[{"count":0,"href":"https:\/\/www.europesays.com\/lv\/wp-json\/wp\/v2\/posts\/103453\/revisions"}],"wp:featuredmedia":[{"embeddable":true,"href":"https:\/\/www.europesays.com\/lv\/wp-json\/wp\/v2\/media\/103454"}],"wp:attachment":[{"href":"https:\/\/www.europesays.com\/lv\/wp-json\/wp\/v2\/media?parent=103453"}],"wp:term":[{"taxonomy":"category","embeddable":true,"href":"https:\/\/www.europesays.com\/lv\/wp-json\/wp\/v2\/categories?post=103453"},{"taxonomy":"post_tag","embeddable":true,"href":"https:\/\/www.europesays.com\/lv\/wp-json\/wp\/v2\/tags?post=103453"}],"curies":[{"name":"wp","href":"https:\/\/api.w.org\/{rel}","templated":true}]}}