{"id":103457,"date":"2026-01-13T18:43:07","date_gmt":"2026-01-13T18:43:07","guid":{"rendered":"https:\/\/www.europesays.com\/lv\/103457\/"},"modified":"2026-01-13T18:43:07","modified_gmt":"2026-01-13T18:43:07","slug":"germane-flahava-piedzivo-sapigu-kritienu-bet-traumu-negust-ziemas-sports-sportacentrs-com","status":"publish","type":"post","link":"https:\/\/www.europesays.com\/lv\/103457\/","title":{"rendered":"\u0122\u0113rmane Flahav\u0101 piedz\u012bvo s\u0101p\u012bgu kritienu, bet traumu neg\u016bst \u2013 Ziemas sports \u2013 Sportacentrs.com"},"content":{"rendered":"<p><a href=\"https:\/\/sportacentrs.com\/ziemas_sports\/sleposana\/13012026-germane_flahava_centisies_sasniegt_kartej\" target=\"_self\" rel=\"nofollow noopener\">D\u017eenifera \u0122\u0113rmane Flahav\u0101 start\u0113ja tre\u0161o reizi. 2023.gada janv\u0101r\u012b debijas reiz\u0113 Pasaules kaus\u0101 vi\u0146a<\/a> nefini\u0161\u0113ja pirmaj\u0101 braucien\u0101, bet gadu v\u0113l\u0101k ar 8.vietu pirmo reizi iek\u013cuva desmitniek\u0101. Tre\u0161\u0101 reize Flahav\u0101 \u201cApex 2100\u201d p\u0101rst\u0101vei no Latvijas nesan\u0101ca sekm\u012bga.<\/p>\n<p>Pasaules kausa kopv\u0113rt\u0113jum\u0101 slalom\u0101 desmitniek\u0101 eso\u0161\u0101 D\u017eenifera, start\u0113jot ar 17.numuru, nedaudz sasl\u012bd\u0113ja pie otr\u0101 mieta, tad labi atguv\u0101s, bet dr\u012bz sekoja k\u013c\u016bda un kritiens, kur\u0101 san\u0101ca izgriezt k\u0101ju. Pirmaj\u0101 br\u012bd\u012b, kad \u0122\u0113rmane palika gu\u013cot, \u0161\u0137ita, ka Latvijas kalnu sl\u0113pot\u0101ja iedz\u012bvojusies traum\u0101, ta\u010du p\u0113c neilga laika vi\u0146a tom\u0113r piec\u0113l\u0101s, radot iespaidu, ka var\u0113tu viss b\u016bt k\u0101rt\u012bb\u0101.<\/p>\n<p>\u0160aj\u0101 sezon\u0101 \u0122\u0113rmane tr\u012bs reizes ir tikusi desmitniek\u0101, iepriek\u0161\u0113j\u0101 posm\u0101 ar 7.vietu sasniedzot neatkar\u012bg\u0101s Latvijas augst\u0101ko rezult\u0101tu.<\/p>\n<p>Ar 74.numuru start\u0113ja Liene Bondare, kura k\u013c\u016bd\u012bj\u0101s s\u0101kum\u0101 jau padang\u0101taj\u0101 tras\u0113 un ar\u012b nefini\u0161\u0113ja.<\/p>\n<p>P\u0113c divu slalomu p\u0101rtraukuma Mika\u0113la \u0160ifrina atgriez\u0101s l\u012bderpoz\u012bcij\u0101s p\u0113c pirm\u0101 brauciena, bet iepriek\u0161\u0113jo divu rei\u017eu l\u012bdere Kamilla Rasta \u0161oreiz tikai ceturt\u0101, turkl\u0101t ar vair\u0101k nek\u0101 pussekundes defic\u012btu.<\/p>\n<p>Gr\u016bti kl\u0101j\u0101s Larai Kolturi un Zrinkai \u013buti\u010dai, kuras zaud\u0113ja attiec\u012bgi divas  ar pusi un vair\u0101k nek\u0101 tr\u012bs sekundes, atrodoties otraj\u0101 desmit\u0101.<\/p>\n<p>\u0160odien l\u012bdz\u012bgi k\u0101 decembra beig\u0101s Zemmering\u0101 tr\u012bsdesmitniek\u0101 var\u0113s tikt ar palielu defic\u012btu.<\/p>\n<p>Pasaules kausa posms kalnu sl\u0113po\u0161an\u0101, slaloms sieviet\u0113m, 1.brauciens, Flahava  (Austrija)<\/p>\n<tr>V.SportisteValstsRezult\u0101ts<\/tr>\n<tr class=\"even\">\n<td>1.<\/td>\n<td>Mika\u0113la \u0160ifrina<\/td>\n<td>ASV<\/td>\n<td class=\"ralign\">56.22<\/td>\n<\/tr>\n<tr class=\"odd\">\n<td>2.<\/td>\n<td>Paula Molcana<\/td>\n<td>ASV<\/td>\n<td class=\"ralign\">+0.19<\/td>\n<\/tr>\n<tr class=\"even\">\n<td>3.<\/td>\n<td>Katarina Trupe<\/td>\n<td>Austrija<\/td>\n<td class=\"ralign\">+0.35<\/td>\n<\/tr>\n<tr class=\"odd\">\n<td>4.<\/td>\n<td>Kamilla Rasta<\/td>\n<td>\u0160veice<\/td>\n<td class=\"ralign\">_078<\/td>\n<\/tr>\n<tr class=\"even\">\n<td>5.<\/td>\n<td>Vendija Holdenere<\/td>\n<td>\u0160veice<\/td>\n<td class=\"ralign\">+0.80<\/td>\n<\/tr>\n<tr class=\"odd\">\n<td>5.<\/td>\n<td>Anna Svenna-Larsone<\/td>\n<td>Zviedrija<\/td>\n<td class=\"ralign\">+0.80<\/td>\n<\/tr>\n<tr class=\"even\">\n<td>6.<\/td>\n<td>Emma Aihere<\/td>\n<td>V\u0101cija<\/td>\n<td class=\"ralign\">+0.87<\/td>\n<\/tr>\n<tr class=\"odd\">\n<td\/>\n<td\/>\n<td\/>\n<td class=\"ralign\"\/><\/tr>\n<tr class=\"even\">\n<td>&#8230;<\/td>\n<td>D\u017eenifera \u0122\u0113rmane<\/td>\n<td>Latvija<\/td>\n<td class=\"ralign\">DNF<\/td>\n<\/tr>\n<tr class=\"odd\">\n<td>&#8230;<\/td>\n<td>Liene Bondare<\/td>\n<td>Latvija<\/td>\n<td class=\"ralign\">DNF<\/td>\n<\/tr>\n","protected":false},"excerpt":{"rendered":"D\u017eenifera \u0122\u0113rmane Flahav\u0101 start\u0113ja tre\u0161o reizi. 2023.gada janv\u0101r\u012b debijas reiz\u0113 Pasaules kaus\u0101 vi\u0146a nefini\u0161\u0113ja pirmaj\u0101 braucien\u0101, bet gadu&hellip;\n","protected":false},"author":2,"featured_media":103458,"comment_status":"","ping_status":"","sticky":false,"template":"","format":"standard","meta":{"footnotes":""},"categories":[17],"tags":[35,39,38,36,37,34,40,67,620],"class_list":{"0":"post-103457","1":"post","2":"type-post","3":"status-publish","4":"format-standard","5":"has-post-thumbnail","7":"category-sports","8":"tag-latvia","9":"tag-latvian","10":"tag-latviesu","11":"tag-latviesu-valoda","12":"tag-latviesuvaloda","13":"tag-latvija","14":"tag-lv","15":"tag-sports","16":"tag-ziemas-sports"},"share_on_mastodon":{"url":"https:\/\/pubeurope.com\/@lv\/115889268482213843","error":""},"_links":{"self":[{"href":"https:\/\/www.europesays.com\/lv\/wp-json\/wp\/v2\/posts\/103457","targetHints":{"allow":["GET"]}}],"collection":[{"href":"https:\/\/www.europesays.com\/lv\/wp-json\/wp\/v2\/posts"}],"about":[{"href":"https:\/\/www.europesays.com\/lv\/wp-json\/wp\/v2\/types\/post"}],"author":[{"embeddable":true,"href":"https:\/\/www.europesays.com\/lv\/wp-json\/wp\/v2\/users\/2"}],"replies":[{"embeddable":true,"href":"https:\/\/www.europesays.com\/lv\/wp-json\/wp\/v2\/comments?post=103457"}],"version-history":[{"count":0,"href":"https:\/\/www.europesays.com\/lv\/wp-json\/wp\/v2\/posts\/103457\/revisions"}],"wp:featuredmedia":[{"embeddable":true,"href":"https:\/\/www.europesays.com\/lv\/wp-json\/wp\/v2\/media\/103458"}],"wp:attachment":[{"href":"https:\/\/www.europesays.com\/lv\/wp-json\/wp\/v2\/media?parent=103457"}],"wp:term":[{"taxonomy":"category","embeddable":true,"href":"https:\/\/www.europesays.com\/lv\/wp-json\/wp\/v2\/categories?post=103457"},{"taxonomy":"post_tag","embeddable":true,"href":"https:\/\/www.europesays.com\/lv\/wp-json\/wp\/v2\/tags?post=103457"}],"curies":[{"name":"wp","href":"https:\/\/api.w.org\/{rel}","templated":true}]}}