{"id":103460,"date":"2026-01-13T18:46:07","date_gmt":"2026-01-13T18:46:07","guid":{"rendered":"https:\/\/www.europesays.com\/lv\/103460\/"},"modified":"2026-01-13T18:46:07","modified_gmt":"2026-01-13T18:46:07","slug":"ne-vini-ne-liela-dala-vinu-vecaku-nepieredzeja-barikades-vairak-neka-100-jauniesu-dod-jaunsarga-solijumu-raksts","status":"publish","type":"post","link":"https:\/\/www.europesays.com\/lv\/103460\/","title":{"rendered":"Ne vi\u0146i, ne liela da\u013ca vi\u0146u vec\u0101ku nepieredz\u0113ja barik\u0101des. Vair\u0101k nek\u0101 100 jaunie\u0161u dod jaunsarga sol\u012bjumu \/ Raksts"},"content":{"rendered":"<p>Jaunsargu sol\u012bjumu otrdien, 13. janv\u0101r\u012b, deva vair\u0101k nek\u0101 100 jaunie\u0161u. Barik\u0101des dz\u012bv\u0113 nepieredz\u0113ja ne vi\u0146i, ne liela da\u013ca vi\u0146u vec\u0101ku.<\/p>\n<p>Jaunie\u0161i st\u0101st\u012bja:<\/p>\n<p style=\"margin-left:40px; margin-right:0cm\">Mana vecmamma vi\u0146a bija tur, un tad vi\u0146a tur t\u0101 k\u0101 tie\u0161i ap to laiku str\u0101d\u0101ja taj\u0101 viet\u0101. Tie\u0161i tad vi\u0146u tas \u013coti iesaist\u012bja. Mana mamma tie\u0161i taj\u0101 gad\u0101 piedzima \u012bsten\u012bb\u0101.<\/p>\n<p style=\"margin-left:40px; margin-right:0cm\">Man liekas, barik\u0101des ir t\u0101, ka m\u0113s, latvie\u0161i, visi sp\u0113j\u0101m sadarboties, lai padz\u012btu PSRS un krievus \u0101rpus m\u016bsu valsts. Un, ja m\u0113s n\u0101kamreiz, kad kaut kas t\u0101ds notiks, m\u0113s atkal sadarbosimies un m\u0113s uzvar\u0113sim.<\/p>\n<p style=\"margin-left:0cm; margin-right:0cm\">Atbildot uz jaut\u0101jumu, vai jaunie\u0161i izprot, kas notika barik\u0101\u017eu laik\u0101, 1991. gada barik\u0101\u017eu dal\u012bbnieku biedr\u012bbas prezidents Ren\u0101rs Za\u013cais st\u0101st\u012bja: &#8220;Tas ir praktiski m\u016bsu uzdevums jums st\u0101st\u012bt un veidot to izpratni, kas notika taj\u0101 laik\u0101. Un tas, ka jaunie\u0161i svin\u012bgo sol\u012bjumu nodod tie\u0161i \u0161eit, Za\u0137usal\u0101 un tie\u0161i barik\u0101\u017eu aizst\u0101vju kl\u0101tb\u016btn\u0113&#8230; Tas ir \u013coti simboliski, jo tas ir tilts ar pag\u0101tni un n\u0101kotni.&#8221;<\/p>\n<p style=\"margin-left:0cm; margin-right:0cm\">Barik\u0101d\u0113s savulaik k\u0101 skolnieks piedal\u012bjies ar\u012b Valsts prezidents Edgars Rink\u0113vi\u010ds.<\/p>\n<p style=\"margin-left:0cm; margin-right:0cm\">&#8220;\u0160eit cilv\u0113ki st\u0101st\u012bja par to, ko vi\u0146i dar\u012bja taj\u0101 laik\u0101, kas zupu v\u0101r\u012bja, kas n\u0101ca \u0161eit sarg\u0101t telev\u012bziju vai kaut ko dar\u012bja Doma laukum\u0101. Man j\u0101saka, ka man tik \u013coti aizraujo\u0161i tas nebija. Es ar\u012b braucu kop\u0101 ar klasesbiedriem, bet, b\u016bsim god\u012bgi, man liekas, ka m\u0113s vair\u0101k trauc\u0113j\u0101m nek\u0101 pal\u012bdz\u0113j\u0101m,&#8221; st\u0101st\u012bja Rink\u0113vi\u010ds.<\/p>\n<p style=\"margin-left:0cm; margin-right:0cm\">Prezidents nor\u0101d\u012bja, ka 1991. gad\u0101 viena no galvenaj\u0101m c\u012b\u0146\u0101m bija par br\u012bvu inform\u0101ciju un presi, un ar\u012b m\u016bsdien\u0101s \u0161\u012bs v\u0113rt\u012bbas nav pa\u0161saprotamas.<\/p>\n<p style=\"margin-left:0cm; margin-right:0cm\">&#8220;Sav\u0101 zi\u0146\u0101 j\u0101saka, ka 35 gadus v\u0113l\u0101k es ar\u012b redzu m\u0113\u0123in\u0101jumus tom\u0113r ietekm\u0113t atkal \u0161os te br\u012bv\u012bbas un demokr\u0101tijas instrumentus, draudot \u017eurn\u0101listiem, m\u0113\u0123inot apspiest v\u0101rda br\u012bv\u012bbu, solot izr\u0113\u0137in\u0101ties. Tas sav\u0101 zi\u0146\u0101 kaut kur sasaucas,&#8221; uzsv\u0113ra Rink\u0113vi\u010ds.<\/p>\n<p style=\"margin-left:0cm; margin-right:0cm\">\n<p>            <img decoding=\"async\" src=\"https:\/\/www.europesays.com\/lv\/wp-content\/uploads\/2026\/01\/sgjh.jpg\" alt=\"Valsts prezidents piedal\u0101s Za\u0137usalas 1991. gada barik\u0101\u017eu aizst\u0101vju atceres pas\u0101kum\u0101\"\/><\/p>\n<p>Valsts prezidents piedal\u0101s Za\u0137usalas 1991. gada barik\u0101\u017eu aizst\u0101vju atceres pas\u0101kum\u0101<\/p>\n<p>Foto: LETA, Evija Trifanova<\/p>\n<\/p>\n<p style=\"margin-left:0cm; margin-right:0cm\">KONTEKSTS:<\/p>\n<p style=\"margin-left:0cm; margin-right:0cm\">Pirms 35 gadiem p\u0113c Padomju armijas asi\u0146ain\u0101 uzbrukuma civiliedz\u012bvot\u0101jiem pie telev\u012bzijas tor\u0146a Vi\u013c\u0146\u0101 13. janv\u0101r\u012b iedz\u012bvot\u0101ji ar\u012b R\u012bg\u0101 s\u0101ka pulc\u0113ties Doma laukum\u0101, lai aizst\u0101v\u0113tu Latvijai strat\u0113\u0123iski svar\u012bgus objektus. Pils\u0113t\u0101 s\u0101ka ierasties ar\u012b smag\u0101 lauksaimniec\u012bbas tehnika, lai celtu barik\u0101des. <a href=\"https:\/\/www.lsm.lv\/raksts\/zinas\/latvija\/13.01.2026-visa-latvija-barikazu-atceres-35-gadadienai-plasa-pasakumu-programma.a629650\/\" class=\"lsm-link\" data-type=\"article\" data-id=\"629650\" rel=\"nofollow noopener\" target=\"_blank\">Godinot barik\u0101\u017eu aizst\u0101vjus,<\/a> no otrdienas, 13. janv\u0101ra, l\u012bdz 20. janv\u0101rim R\u012bg\u0101 un citviet Latvij\u0101 norit\u0113s koncerti, piemi\u0146as pas\u0101kumi, ekskursijas, atmi\u0146u st\u0101stu vakari, foto izst\u0101des un citas aktivit\u0101tes.<\/p>\n<p>                    Valodas k\u013c\u016bda rakst\u0101?<\/p>\n<p class=\"d-none d-md-block\">Iez\u012bm\u0113jiet tekstu un spiediet Ctrl+Enter, lai nos\u016bt\u012btu labojamo teksta fragmentu redaktoram! Par faktu k\u013c\u016bd\u0101m l\u016bdzam zi\u0146ot e-past\u0101 <a href=\"https:\/\/www.lsm.lv\/cdn-cgi\/l\/email-protection\" class=\"__cf_email__\" data-cfemail=\"51233435303a32383b30113d223c7f3d27\" rel=\"nofollow noopener\" target=\"_blank\">[email\u00a0protected]<\/a>.<\/p>\n<p class=\"d-md-none\">Iez\u012bm\u0113jiet tekstu un spiediet uz Zi\u0146ot par k\u013c\u016bdu pogas, lai nos\u016bt\u012btu labojamo teksta fragmentu redaktoram!<\/p>\n<p>\n                    Zi\u0146ot par k\u013c\u016bdu\n                <\/p>\n","protected":false},"excerpt":{"rendered":"Jaunsargu sol\u012bjumu otrdien, 13. janv\u0101r\u012b, deva vair\u0101k nek\u0101 100 jaunie\u0161u. Barik\u0101des dz\u012bv\u0113 nepieredz\u0113ja ne vi\u0146i, ne liela da\u013ca&hellip;\n","protected":false},"author":2,"featured_media":103461,"comment_status":"","ping_status":"","sticky":false,"template":"","format":"standard","meta":{"footnotes":""},"categories":[12],"tags":[23,28,29,32,33,22,30,31,35,39,38,36,37,34,40,20,26,27,24,25,21],"class_list":{"0":"post-103460","1":"post","2":"type-post","3":"status-publish","4":"format-standard","5":"has-post-thumbnail","7":"category-latvija","8":"tag-aktualitates","9":"tag-breaking-news","10":"tag-breakingnews","11":"tag-featured-news","12":"tag-featurednews","13":"tag-headlines","14":"tag-latest-news","15":"tag-latestnews","16":"tag-latvia","17":"tag-latvian","18":"tag-latviesu","19":"tag-latviesu-valoda","20":"tag-latviesuvaloda","21":"tag-latvija","22":"tag-lv","23":"tag-news","24":"tag-popularakas-zinas","25":"tag-popularakaszinas","26":"tag-top-stories","27":"tag-topstories","28":"tag-zinas"},"share_on_mastodon":{"url":"https:\/\/pubeurope.com\/@lv\/115889280267414622","error":""},"_links":{"self":[{"href":"https:\/\/www.europesays.com\/lv\/wp-json\/wp\/v2\/posts\/103460","targetHints":{"allow":["GET"]}}],"collection":[{"href":"https:\/\/www.europesays.com\/lv\/wp-json\/wp\/v2\/posts"}],"about":[{"href":"https:\/\/www.europesays.com\/lv\/wp-json\/wp\/v2\/types\/post"}],"author":[{"embeddable":true,"href":"https:\/\/www.europesays.com\/lv\/wp-json\/wp\/v2\/users\/2"}],"replies":[{"embeddable":true,"href":"https:\/\/www.europesays.com\/lv\/wp-json\/wp\/v2\/comments?post=103460"}],"version-history":[{"count":0,"href":"https:\/\/www.europesays.com\/lv\/wp-json\/wp\/v2\/posts\/103460\/revisions"}],"wp:featuredmedia":[{"embeddable":true,"href":"https:\/\/www.europesays.com\/lv\/wp-json\/wp\/v2\/media\/103461"}],"wp:attachment":[{"href":"https:\/\/www.europesays.com\/lv\/wp-json\/wp\/v2\/media?parent=103460"}],"wp:term":[{"taxonomy":"category","embeddable":true,"href":"https:\/\/www.europesays.com\/lv\/wp-json\/wp\/v2\/categories?post=103460"},{"taxonomy":"post_tag","embeddable":true,"href":"https:\/\/www.europesays.com\/lv\/wp-json\/wp\/v2\/tags?post=103460"}],"curies":[{"name":"wp","href":"https:\/\/api.w.org\/{rel}","templated":true}]}}