{"id":103463,"date":"2026-01-13T18:52:09","date_gmt":"2026-01-13T18:52:09","guid":{"rendered":"https:\/\/www.europesays.com\/lv\/103463\/"},"modified":"2026-01-13T18:52:09","modified_gmt":"2026-01-13T18:52:09","slug":"slidens-cels-un-meza-dzivnieki-ka-ziema-braukt-drosi-1188-lv","status":"publish","type":"post","link":"https:\/\/www.europesays.com\/lv\/103463\/","title":{"rendered":"Slidens ce\u013c\u0161 un me\u017ea dz\u012bvnieki &#8211; k\u0101 ziem\u0101 braukt dro\u0161i? &#8211; 1188.lv"},"content":{"rendered":"<ol>\n<li><a href=\"https:\/\/news.google.com\/rss\/articles\/CBMijAFBVV95cUxQX1JodnRfSmdUb1RsTmdKWHZZSWh5Tk9KOEJTeERpb2hydHh0LW1sQTc3N09xRVhEZFNQWGhCM3RKMG1qSl82Qnc1OGVOeTRlR1hvQkRYVTdqRmp5MHFNVmt5QW1SVDY3VjNHTVNPOXJmZW1yUXc1NDZWWXE5RXBIZjBaazdOZ1ktVHJRVQ?oc=5\" target=\"_blank\" rel=\"nofollow noopener\">Slidens ce\u013c\u0161 un me\u017ea dz\u012bvnieki &#8211; k\u0101 ziem\u0101 braukt dro\u0161i?<\/a>&nbsp;&nbsp;1188.lv<\/li>\n<li><a href=\"https:\/\/news.google.com\/rss\/articles\/CBMisAFBVV95cUxPQkVUZ0dLOUk2UnUtQ3JrSXZmMjNNYnkyQW15THE5dTZ1akh0V1lReTlSVXJNa2swelE3SEdwdl9tdGpWT1dyOVhEM3ZPWWJpa28zUzY1SlVLVEpaSmhpajJrVm14RDd5cEg5dEdEdGtVYVZfLU1RbThSNTJEWTQ2b2NoSjRSb1F2aVU1MzlGMmZxdlJUUDZ6U2NnUlBVd1Z6QklpRS1MSEFXcDctM2FqOQ?oc=5\" target=\"_blank\" rel=\"nofollow noopener\">Intervija ar Dro\u0161as brauk\u0161anas skolas direktoru J\u0101ni Vanku \/ 13.01.2026<\/a>&nbsp;&nbsp;REplay.lv<\/li>\n<li><a href=\"https:\/\/news.google.com\/rss\/articles\/CBMitAFBVV95cUxOMmNqQl9EdVZzcVRvV005TTR5dURCNnpjTkp1VjJGc2lTYnJnZGExRy1IaVN6aU9OSjIwdzBFMEhVb3NtUy1YdzRJVVcwRzFCQmhNYlFFdWhmcVhzVmtRUXN1LWJSS1RaeC1yblNfUDdxQVNaazNGcXZSM24tZ2hpTDgwcENNN25DNFQ1QXBGYkRUTWhqd2JPUkU4M2c3dTA5b3VlZlZFZVJGRVhuUGY4Z3B5cHc?oc=5\" target=\"_blank\" rel=\"nofollow noopener\">CSDD \u0161oned\u0113\u013c r\u012bkos bezmaksas ziemas brauk\u0161anas konsult\u0101cijas R\u012bg\u0101, Jelgav\u0101 un Valmier\u0101<\/a>&nbsp;&nbsp;TVNET<\/li>\n<li><a href=\"https:\/\/news.google.com\/rss\/articles\/CBMirwFBVV95cUxOWlR5bjRGdkdMdzNDTURxaF9XbXgtbU5iM0dZRDVrM0xWYWNPNjhpTUdnUEtReHFmbzRkNkJUblB0cmVmM2Q4NlRwZ193MG0tOW1SY2kxN0FFQmtHazdFZkhXWEJJXzI3NTR4QUVmMFFMUTBLckZRQ3puQ1YtZXZyOWU0QzQyMFVvY3VobjdGYzZ3SkFkM0FOT1J4b2xmbUtBWjdRLTRLVGxWUVhxOW1z?oc=5\" target=\"_blank\" rel=\"nofollow noopener\">Autovad\u012bt\u0101j, \u0161o noteikti ir v\u0113rts izlas\u012bt! Praktiski padomi dro\u0161ai brauk\u0161anai ziemas apst\u0101k\u013cos<\/a>&nbsp;&nbsp;LA.LV<\/li>\n<li><a href=\"https:\/\/news.google.com\/rss\/articles\/CBMiZkFVX3lxTFBYWFBxcWFNSjdIVzdCNEVrYzUzVi1OTGxSaThOcldFY1VSQ3duZmVpXzhZQmRGcDhwSUpaZlBDTkVhM0IxdDB1YXFUQU82SEhFN1FqWVRvZ1RLbUNjdnB6cERWTHhtdw?oc=5\" target=\"_blank\" rel=\"nofollow noopener\">J\u0113kabpil\u012b atv\u0113rta ledus trase<\/a>&nbsp;&nbsp;ReTV<\/li>\n<\/ol>\n","protected":false},"excerpt":{"rendered":"Slidens ce\u013c\u0161 un me\u017ea dz\u012bvnieki &#8211; k\u0101 ziem\u0101 braukt dro\u0161i?&nbsp;&nbsp;1188.lv Intervija ar Dro\u0161as brauk\u0161anas skolas direktoru J\u0101ni Vanku&hellip;\n","protected":false},"author":2,"featured_media":103464,"comment_status":"","ping_status":"","sticky":false,"template":"","format":"standard","meta":{"footnotes":""},"categories":[12],"tags":[129,4274,3296,23,28,29,32,33,22,30,31,35,39,38,36,37,34,40,20,26,27,3297,4275,3298,4276,24,25,21],"class_list":{"0":"post-103463","1":"post","2":"type-post","3":"status-publish","4":"format-standard","5":"has-post-thumbnail","7":"category-latvija","8":"tag-__typenameadvicekeyword","9":"tag-id558","10":"tag-id645","11":"tag-aktualitates","12":"tag-breaking-news","13":"tag-breakingnews","14":"tag-featured-news","15":"tag-featurednews","16":"tag-headlines","17":"tag-latest-news","18":"tag-latestnews","19":"tag-latvia","20":"tag-latvian","21":"tag-latviesu","22":"tag-latviesu-valoda","23":"tag-latviesuvaloda","24":"tag-latvija","25":"tag-lv","26":"tag-news","27":"tag-popularakas-zinas","28":"tag-popularakaszinas","29":"tag-slugautomasinas","30":"tag-slugcelu-satiksme","31":"tag-titleautomasinas","32":"tag-titlecelu-satiksme","33":"tag-top-stories","34":"tag-topstories","35":"tag-zinas"},"share_on_mastodon":{"url":"https:\/\/pubeurope.com\/@lv\/115889303995194588","error":""},"_links":{"self":[{"href":"https:\/\/www.europesays.com\/lv\/wp-json\/wp\/v2\/posts\/103463","targetHints":{"allow":["GET"]}}],"collection":[{"href":"https:\/\/www.europesays.com\/lv\/wp-json\/wp\/v2\/posts"}],"about":[{"href":"https:\/\/www.europesays.com\/lv\/wp-json\/wp\/v2\/types\/post"}],"author":[{"embeddable":true,"href":"https:\/\/www.europesays.com\/lv\/wp-json\/wp\/v2\/users\/2"}],"replies":[{"embeddable":true,"href":"https:\/\/www.europesays.com\/lv\/wp-json\/wp\/v2\/comments?post=103463"}],"version-history":[{"count":0,"href":"https:\/\/www.europesays.com\/lv\/wp-json\/wp\/v2\/posts\/103463\/revisions"}],"wp:featuredmedia":[{"embeddable":true,"href":"https:\/\/www.europesays.com\/lv\/wp-json\/wp\/v2\/media\/103464"}],"wp:attachment":[{"href":"https:\/\/www.europesays.com\/lv\/wp-json\/wp\/v2\/media?parent=103463"}],"wp:term":[{"taxonomy":"category","embeddable":true,"href":"https:\/\/www.europesays.com\/lv\/wp-json\/wp\/v2\/categories?post=103463"},{"taxonomy":"post_tag","embeddable":true,"href":"https:\/\/www.europesays.com\/lv\/wp-json\/wp\/v2\/tags?post=103463"}],"curies":[{"name":"wp","href":"https:\/\/api.w.org\/{rel}","templated":true}]}}