{"id":103465,"date":"2026-01-13T18:53:08","date_gmt":"2026-01-13T18:53:08","guid":{"rendered":"https:\/\/www.europesays.com\/lv\/103465\/"},"modified":"2026-01-13T18:53:08","modified_gmt":"2026-01-13T18:53:08","slug":"elina-garanca-no-arzemem-atbrauc-samilot-maestro-paulu-santa","status":"publish","type":"post","link":"https:\/\/www.europesays.com\/lv\/103465\/","title":{"rendered":"El\u012bna Garan\u010da no \u0101rzem\u0113m atbrauc sam\u012b\u013cot Maestro Paulu \u2014 Santa"},"content":{"rendered":"<p>\u00abKatru reizi, satiekot Raimondu Paulu, man ir sv\u0113tki,\u00bb Priv\u0101tajai Dz\u012bvei\u00a0atzin\u0101s operd\u012bva El\u012bna Garan\u010da. Uz \u012bsu br\u012bdi vi\u0146a bija atbraukusi no dz\u012bvesvietas Malag\u0101, lai ar savu balsi priec\u0113tu <a data-id=\"123940\" href=\"https:\/\/www.santa.lv\/tema\/123940\/latvijas-radio?utm_source=internal&amp;utm_medium=article&amp;utm_campaign=theme_link\" target=\"_blank\" rel=\"nofollow noopener\">Latvijas Radio<\/a> 3 programmas Klasika 30. jubilejas koncerta skat\u012bt\u0101jus un klaus\u012bt\u0101jus.<\/p>\n<p>Koncerta nosl\u0113gum\u0101 vi\u0146a uzst\u0101j\u0101s kop\u0101 ar Maestro Raimondu Paulu, izpildot Kerijas dziesmu no m\u016bzikla M\u0101sa Kerija. Abu performance izpeln\u012bj\u0101s tik lielas ov\u0101cijas, ka koncerta fin\u0101la priek\u0161nesumu vajadz\u0113ja atk\u0101rtot.\u00a0<\/p>\n<p>Kad Kerijas dziesma bija izskan\u0113jusi, El\u012bna m\u012b\u013ci apsk\u0101va Maestro, kuru paz\u012bst jau kop\u0161 b\u0113rn\u012bbas.<\/p>\n<p>                    <a data-role=\"gallery.trigger\" href=\"https:\/\/www.santa.lv\/raksts\/personibas\/foto-elina-garanca-no-arzemem-atbrauc-samilot-maestro-paulu-80159\/javascript:;\" style=\"background-image:url(&#039;https:\/\/cdn.santa.lv\/media\/2026\/01\/2\/xlarge\/ebbb8114bef1.jpg&#039;)\" aria-label=\"Atv\u0113rt galeriju\" rel=\"nofollow noopener\" target=\"_blank\"><\/p>\n<p>                                            <a data-role=\"gallery.trigger\" href=\"https:\/\/www.santa.lv\/raksts\/personibas\/foto-elina-garanca-no-arzemem-atbrauc-samilot-maestro-paulu-80159\/javascript:;\" style=\"background-image:url(&#039;https:\/\/cdn.santa.lv\/media\/2026\/01\/2\/small\/be2c8a6dd5bd.jpg&#039;)\" aria-label=\"Atv\u0113rt galeriju\" rel=\"nofollow noopener\" target=\"_blank\"><br \/>\n                                                    <\/a><br \/>\n                                                <a data-role=\"gallery.trigger\" href=\"https:\/\/www.santa.lv\/raksts\/personibas\/foto-elina-garanca-no-arzemem-atbrauc-samilot-maestro-paulu-80159\/javascript:;\" style=\"background-image:url(&#039;https:\/\/cdn.santa.lv\/media\/2026\/01\/2\/small\/9658546db8f5.jpg&#039;)\" aria-label=\"Atv\u0113rt galeriju\" rel=\"nofollow noopener\" target=\"_blank\"><br \/>\n                                                    <\/a><br \/>\n                                                <a data-role=\"gallery.trigger\" href=\"https:\/\/www.santa.lv\/raksts\/personibas\/foto-elina-garanca-no-arzemem-atbrauc-samilot-maestro-paulu-80159\/javascript:;\" style=\"background-image:url(&#039;https:\/\/cdn.santa.lv\/media\/2026\/01\/2\/small\/41e7f20e52c8.jpg&#039;)\" aria-label=\"Atv\u0113rt galeriju\" rel=\"nofollow noopener\" target=\"_blank\"><br \/>\n                            +1                        <\/a><\/p>\n<p>\u00a0<\/p>\n<p>Raimonds Pauls bija draudz\u012bg\u0101s attiec\u012bb\u0101s ar vi\u0146as mammu vok\u0101lo pedago\u0123i Anitu Garan\u010du. Pirms devi\u0146iem gadiem El\u012bna kop\u0101 ar Paulu rad\u012bja emocion\u0101lu programmu ar Vizmas Bel\u0161evicas dzeju Balt\u0101s pasl\u0113pes.<\/p>\n<p>\u00a0<\/p>\n<p>\u0160is vakars bija El\u012bnas iesp\u0113ja kl\u0101tien\u0113 sirsn\u012bgi apsveikt Maestro, jo \u0161oned\u0113\u013c, kad tiek svin\u0113ta Raimonda Paula 90. jubileja, vi\u0146a nevar\u00a0b\u016bt Latvij\u0101. Garan\u010da \u0161obr\u012bd aiz\u0146emta ar m\u0113\u0123in\u0101jumiem C\u012brihes oper\u0101.\u00a0kur janv\u0101ra otraj\u0101 pus\u0113 b\u016bs jauns iestud\u0113jums operai Karmena.\u00a0\u00abVismaz pasp\u0113ju satikt un aprun\u0101ties,\u00bb par Maestro jubileju piebilda El\u012bna.<\/p>\n<p>Vair\u0101k lasi \u017eurn\u0101l\u0101 Priv\u0101t\u0101 Dz\u012bve!<\/p>\n<p>&#13;<\/p>\n<ul>&#13;<\/p>\n<li>\u00abNesp\u0113j\u0101m pal\u012bdz\u0113t&#8230;\u00bb Ikstenas m\u0101sa par Noras m\u016b\u017ea izska\u0146u<\/li>\n<p>&#13;<\/p>\n<li>Artu Skuju un T\u0101li Eipuru atlai\u017e no darba TV<\/li>\n<p>&#13;<\/p>\n<li>10 amizanti fakti, ko daudzi nezina par Maestro Paulu<\/li>\n<p>&#13;<\/p>\n<li>Juris \u017dagars par p\u0101rmai\u0146\u0101m Dailes \u0161tat\u0101<\/li>\n<p>&#13;<\/p>\n<li>U\u013cjanas Semjonovas dz\u012bv\u012bba izdzisa tr\u012bs dien\u0101s<\/li>\n<p>&#13;<\/p>\n<li>Aija Andrejeva atkl\u0101j, ko uzd\u0101vin\u0101jusi sev 40. jubilej\u0101<\/li>\n<p>&#13;<\/p>\n<li>\u0112rk\u0161\u0137u \u0161ova zvaigzne Ksenija J\u0113kabpil\u012b nones ce\u013caz\u012bmes<\/li>\n<p>&#13;<\/p>\n<li>K\u0101 p\u0113c dz\u012bvesbiedres n\u0101ves dz\u012bvo J\u0101nis Jenzis<\/li>\n<p>&#13;\n<\/ul>\n<p>\t&#13;<br \/>\n\t&#13;<br \/>\n\t\t\t\t<img decoding=\"async\" class=\"no-convert\" data-init=\"lazy-image\" src=\"https:\/\/cdn.santa.lv\/magazines\/17682117336964c5158f37a.jpg\" alt=\"Priv\u0101t\u0101 Dzive nr02\/2026\" style=\"margin-top: 15px;\"\/>&#13;<br \/>\n\t\t\t&#13;<br \/>\n&#13;\n<\/p>\n<p>\u00a0<\/p>\n<p>\u00a0<\/p>\n","protected":false},"excerpt":{"rendered":"\u00abKatru reizi, satiekot Raimondu Paulu, man ir sv\u0113tki,\u00bb Priv\u0101tajai Dz\u012bvei\u00a0atzin\u0101s operd\u012bva El\u012bna Garan\u010da. Uz \u012bsu br\u012bdi vi\u0146a bija&hellip;\n","protected":false},"author":2,"featured_media":103466,"comment_status":"","ping_status":"","sticky":false,"template":"","format":"standard","meta":{"footnotes":""},"categories":[5],"tags":[23,28,29,32,33,22,30,31,35,39,38,36,37,34,40,20,26,27,24,25,21],"class_list":{"0":"post-103465","1":"post","2":"type-post","3":"status-publish","4":"format-standard","5":"has-post-thumbnail","7":"category-aktualitates","8":"tag-aktualitates","9":"tag-breaking-news","10":"tag-breakingnews","11":"tag-featured-news","12":"tag-featurednews","13":"tag-headlines","14":"tag-latest-news","15":"tag-latestnews","16":"tag-latvia","17":"tag-latvian","18":"tag-latviesu","19":"tag-latviesu-valoda","20":"tag-latviesuvaloda","21":"tag-latvija","22":"tag-lv","23":"tag-news","24":"tag-popularakas-zinas","25":"tag-popularakaszinas","26":"tag-top-stories","27":"tag-topstories","28":"tag-zinas"},"share_on_mastodon":{"url":"https:\/\/pubeurope.com\/@lv\/115889307833864631","error":""},"_links":{"self":[{"href":"https:\/\/www.europesays.com\/lv\/wp-json\/wp\/v2\/posts\/103465","targetHints":{"allow":["GET"]}}],"collection":[{"href":"https:\/\/www.europesays.com\/lv\/wp-json\/wp\/v2\/posts"}],"about":[{"href":"https:\/\/www.europesays.com\/lv\/wp-json\/wp\/v2\/types\/post"}],"author":[{"embeddable":true,"href":"https:\/\/www.europesays.com\/lv\/wp-json\/wp\/v2\/users\/2"}],"replies":[{"embeddable":true,"href":"https:\/\/www.europesays.com\/lv\/wp-json\/wp\/v2\/comments?post=103465"}],"version-history":[{"count":0,"href":"https:\/\/www.europesays.com\/lv\/wp-json\/wp\/v2\/posts\/103465\/revisions"}],"wp:featuredmedia":[{"embeddable":true,"href":"https:\/\/www.europesays.com\/lv\/wp-json\/wp\/v2\/media\/103466"}],"wp:attachment":[{"href":"https:\/\/www.europesays.com\/lv\/wp-json\/wp\/v2\/media?parent=103465"}],"wp:term":[{"taxonomy":"category","embeddable":true,"href":"https:\/\/www.europesays.com\/lv\/wp-json\/wp\/v2\/categories?post=103465"},{"taxonomy":"post_tag","embeddable":true,"href":"https:\/\/www.europesays.com\/lv\/wp-json\/wp\/v2\/tags?post=103465"}],"curies":[{"name":"wp","href":"https:\/\/api.w.org\/{rel}","templated":true}]}}