{"id":103469,"date":"2026-01-13T18:57:10","date_gmt":"2026-01-13T18:57:10","guid":{"rendered":"https:\/\/www.europesays.com\/lv\/103469\/"},"modified":"2026-01-13T18:57:10","modified_gmt":"2026-01-13T18:57:10","slug":"piespriest-navessodu-dienvidkorejas-eksprezidents-juns-sukjols-kluvis-par-kartejo-valsts-vaditaju-kuru-velas-pakart","status":"publish","type":"post","link":"https:\/\/www.europesays.com\/lv\/103469\/","title":{"rendered":"Piespriest n\u0101vessodu! Dienvidkorejas eksprezidents Juns Sukjols k\u013cuvis par k\u0101rt\u0113jo valsts vad\u012bt\u0101ju, kuru v\u0113las pak\u0101rt"},"content":{"rendered":"<p>J\u0101piebilst, ka \u010cona Duhvana prezident\u016bras laik\u0101 1980. gad\u0101 n\u0101vessods tika piespriests v\u0113l\u0101kajam prezidentam Kimam Ted\u017eunam aps\u016bdz\u012bb\u0101s par valsts apv\u0113rsumu, n\u0101ves spriedums starptautisk\u0101 spiediena rezult\u0101t\u0101 tika aizst\u0101ts ar 20 gadu ieslodz\u012bjumu. Savuk\u0101rt pa\u0161am \u010conam Duhvanam 1996. gad\u0101 piesprieda n\u0101vessodu par korupciju un vi\u0146a diktat\u016bras laik\u0101 pastr\u0101d\u0101taj\u0101m zv\u0113r\u012bb\u0101m, v\u0113l\u0101k to aizst\u0101jot ar m\u016b\u017ea ieslodz\u012bjumu, ta\u010du dr\u012bzum\u0101 vi\u0146u ap\u017e\u0113loja prezidents Kims Jonsams p\u0113c tobr\u012bd jauniev\u0113l\u0113t\u0101 prezidenta, v\u0113l\u0101k\u0101 Nobela miera pr\u0113mijas laure\u0101ta Kima Ted\u017euna ieteikuma \u2014 t\u0101 pa\u0161a, kuru savulaik \u010cons grib\u0113ja pak\u0101rt.<\/p>\n","protected":false},"excerpt":{"rendered":"J\u0101piebilst, ka \u010cona Duhvana prezident\u016bras laik\u0101 1980. gad\u0101 n\u0101vessods tika piespriests v\u0113l\u0101kajam prezidentam Kimam Ted\u017eunam aps\u016bdz\u012bb\u0101s par valsts&hellip;\n","protected":false},"author":2,"featured_media":103470,"comment_status":"","ping_status":"","sticky":false,"template":"","format":"standard","meta":{"footnotes":""},"categories":[14],"tags":[23,57,28,29,32,33,22,30,31,35,39,38,36,37,34,40,20,26,27,24,25,54,55,56,21,58],"class_list":{"0":"post-103469","1":"post","2":"type-post","3":"status-publish","4":"format-standard","5":"has-post-thumbnail","7":"category-zinas-no-arvalstim","8":"tag-aktualitates","9":"tag-arvalstim","10":"tag-breaking-news","11":"tag-breakingnews","12":"tag-featured-news","13":"tag-featurednews","14":"tag-headlines","15":"tag-latest-news","16":"tag-latestnews","17":"tag-latvia","18":"tag-latvian","19":"tag-latviesu","20":"tag-latviesu-valoda","21":"tag-latviesuvaloda","22":"tag-latvija","23":"tag-lv","24":"tag-news","25":"tag-popularakas-zinas","26":"tag-popularakaszinas","27":"tag-top-stories","28":"tag-topstories","29":"tag-world","30":"tag-world-news","31":"tag-worldnews","32":"tag-zinas","33":"tag-zinas-no-arvalstim"},"share_on_mastodon":{"url":"https:\/\/pubeurope.com\/@lv\/115889323642445043","error":""},"_links":{"self":[{"href":"https:\/\/www.europesays.com\/lv\/wp-json\/wp\/v2\/posts\/103469","targetHints":{"allow":["GET"]}}],"collection":[{"href":"https:\/\/www.europesays.com\/lv\/wp-json\/wp\/v2\/posts"}],"about":[{"href":"https:\/\/www.europesays.com\/lv\/wp-json\/wp\/v2\/types\/post"}],"author":[{"embeddable":true,"href":"https:\/\/www.europesays.com\/lv\/wp-json\/wp\/v2\/users\/2"}],"replies":[{"embeddable":true,"href":"https:\/\/www.europesays.com\/lv\/wp-json\/wp\/v2\/comments?post=103469"}],"version-history":[{"count":0,"href":"https:\/\/www.europesays.com\/lv\/wp-json\/wp\/v2\/posts\/103469\/revisions"}],"wp:featuredmedia":[{"embeddable":true,"href":"https:\/\/www.europesays.com\/lv\/wp-json\/wp\/v2\/media\/103470"}],"wp:attachment":[{"href":"https:\/\/www.europesays.com\/lv\/wp-json\/wp\/v2\/media?parent=103469"}],"wp:term":[{"taxonomy":"category","embeddable":true,"href":"https:\/\/www.europesays.com\/lv\/wp-json\/wp\/v2\/categories?post=103469"},{"taxonomy":"post_tag","embeddable":true,"href":"https:\/\/www.europesays.com\/lv\/wp-json\/wp\/v2\/tags?post=103469"}],"curies":[{"name":"wp","href":"https:\/\/api.w.org\/{rel}","templated":true}]}}