{"id":103471,"date":"2026-01-13T18:58:09","date_gmt":"2026-01-13T18:58:09","guid":{"rendered":"https:\/\/www.europesays.com\/lv\/103471\/"},"modified":"2026-01-13T18:58:09","modified_gmt":"2026-01-13T18:58:09","slug":"slimnicu-slegsana-nav-planota-dalu-reforma-ietaupitas-naudas-sola-atstat-pasam-arstniecibas-iestadem","status":"publish","type":"post","link":"https:\/\/www.europesays.com\/lv\/103471\/","title":{"rendered":"Slimn\u012bcu sl\u0113g\u0161ana nav pl\u0101nota, da\u013cu reform\u0101 ietaup\u012bt\u0101s naudas sola atst\u0101t pa\u0161\u0101m \u0101rstniec\u012bbas iest\u0101d\u0113m"},"content":{"rendered":"<p>To ir saska\u0146ojusi Latvijas Jauno \u0100rstu asoci\u0101cija, Latvijas Pacientu organiz\u0101ciju t\u012bkls un Lielo pils\u0113tu asoci\u0101cija. Savuk\u0101rt to nav saska\u0146ojusi Latvijas Neonatologu biedr\u012bba, Latvijas Slimn\u012bcu biedr\u012bba (LSB), Latvijas Br\u012bvo arodbiedr\u012bbu savien\u012bba, Latvijas Ginekologu un dzemd\u012bbu speci\u0101listu asoci\u0101cija, Bauskas slimn\u012bca, Latvijas Pa\u0161vald\u012bbu savien\u012bba, k\u0101 ar\u012b Paula Stradi\u0146a kl\u012bnisk\u0101 universit\u0101tes slimn\u012bca, Kuld\u012bgas slimn\u012bca, Sievie\u0161u sadarb\u012bbas t\u012bkls, R\u012bgas Austrumu kl\u012bnisk\u0101 universit\u0101tes slimn\u012bca, R\u012bgas Dzemd\u012bbu nams un Latvijas M\u0101su asoci\u0101cija.<\/p>\n","protected":false},"excerpt":{"rendered":"To ir saska\u0146ojusi Latvijas Jauno \u0100rstu asoci\u0101cija, Latvijas Pacientu organiz\u0101ciju t\u012bkls un Lielo pils\u0113tu asoci\u0101cija. Savuk\u0101rt to nav&hellip;\n","protected":false},"author":2,"featured_media":103472,"comment_status":"","ping_status":"","sticky":false,"template":"","format":"standard","meta":{"footnotes":""},"categories":[12],"tags":[23,28,29,32,33,22,30,31,35,39,38,36,37,34,40,20,26,27,24,25,21],"class_list":{"0":"post-103471","1":"post","2":"type-post","3":"status-publish","4":"format-standard","5":"has-post-thumbnail","7":"category-latvija","8":"tag-aktualitates","9":"tag-breaking-news","10":"tag-breakingnews","11":"tag-featured-news","12":"tag-featurednews","13":"tag-headlines","14":"tag-latest-news","15":"tag-latestnews","16":"tag-latvia","17":"tag-latvian","18":"tag-latviesu","19":"tag-latviesu-valoda","20":"tag-latviesuvaloda","21":"tag-latvija","22":"tag-lv","23":"tag-news","24":"tag-popularakas-zinas","25":"tag-popularakaszinas","26":"tag-top-stories","27":"tag-topstories","28":"tag-zinas"},"share_on_mastodon":{"url":"https:\/\/pubeurope.com\/@lv\/115889327563362524","error":""},"_links":{"self":[{"href":"https:\/\/www.europesays.com\/lv\/wp-json\/wp\/v2\/posts\/103471","targetHints":{"allow":["GET"]}}],"collection":[{"href":"https:\/\/www.europesays.com\/lv\/wp-json\/wp\/v2\/posts"}],"about":[{"href":"https:\/\/www.europesays.com\/lv\/wp-json\/wp\/v2\/types\/post"}],"author":[{"embeddable":true,"href":"https:\/\/www.europesays.com\/lv\/wp-json\/wp\/v2\/users\/2"}],"replies":[{"embeddable":true,"href":"https:\/\/www.europesays.com\/lv\/wp-json\/wp\/v2\/comments?post=103471"}],"version-history":[{"count":0,"href":"https:\/\/www.europesays.com\/lv\/wp-json\/wp\/v2\/posts\/103471\/revisions"}],"wp:featuredmedia":[{"embeddable":true,"href":"https:\/\/www.europesays.com\/lv\/wp-json\/wp\/v2\/media\/103472"}],"wp:attachment":[{"href":"https:\/\/www.europesays.com\/lv\/wp-json\/wp\/v2\/media?parent=103471"}],"wp:term":[{"taxonomy":"category","embeddable":true,"href":"https:\/\/www.europesays.com\/lv\/wp-json\/wp\/v2\/categories?post=103471"},{"taxonomy":"post_tag","embeddable":true,"href":"https:\/\/www.europesays.com\/lv\/wp-json\/wp\/v2\/tags?post=103471"}],"curies":[{"name":"wp","href":"https:\/\/api.w.org\/{rel}","templated":true}]}}