{"id":103477,"date":"2026-01-13T19:05:11","date_gmt":"2026-01-13T19:05:11","guid":{"rendered":"https:\/\/www.europesays.com\/lv\/103477\/"},"modified":"2026-01-13T19:05:11","modified_gmt":"2026-01-13T19:05:11","slug":"rimi-baltic-ir-samazinajis-savu-partikas-atkritumu-apjomu-lidz-vesturiski-zemakajam-limenim","status":"publish","type":"post","link":"https:\/\/www.europesays.com\/lv\/103477\/","title":{"rendered":"Rimi Baltic ir samazin\u0101jis savu p\u0101rtikas atkritumu apjomu l\u012bdz v\u0113sturiski zem\u0101kajam l\u012bmenim"},"content":{"rendered":"<p>2024. gad\u0101 Rimi Baltic veica vair\u0101kus taktiskus so\u013cus, lai turpin\u0101tu savu ap\u0146em\u0161anos nodro\u0161in\u0101t atbild\u012bgu mazumtirdzniec\u012bbu Baltijas valst\u012bs. Uz\u0146\u0113mums to paveica, novirzot vair\u0101k nek\u0101 3000 tonnu p\u0101rtikas labdar\u012bbas organiz\u0101cij\u0101m un turpinot sadarb\u012bbu ar viet\u0113j\u0101m p\u0101rtikas bank\u0101m. Tas nodro\u0161in\u0101ja, ka produkti non\u0101k pie cilv\u0113kiem, kam tie bija nepiecie\u0161ami gr\u016bt\u0101 br\u012bd\u012b, nevis tiek izmesti atkritumos. Pateicoties \u012bpa\u0161\u0101m iniciat\u012bv\u0101m, piem\u0113ram, pied\u0101v\u0101jot atlaides produktiem ar p\u0113d\u0113jo dienu termi\u0146u, kas veikalos paman\u0101mi p\u0113c oran\u017eaj\u0101m atlaides uzl\u012bm\u0113m, p\u0101rtikas atkritumu apjoms veikalos b\u016btiski samazin\u0101jies. Tas ir noz\u012bm\u012bgs solis uz\u0146\u0113muma ilgtermi\u0146a m\u0113r\u0137a sasnieg\u0161an\u0101 \u2013 l\u012bdz 2025. gadam samazin\u0101t p\u0101rtikas atkritumu daudzumu par pusi sal\u012bdzin\u0101jum\u0101 ar 2016. gada l\u012bmeni. Turkl\u0101t, k\u0101 liecina 2025. gada dati, tad uz\u0146\u0113mums tuvojas nospraustajam m\u0113r\u0137im un turpina samazin\u0101t p\u0101rtikas atkritumu apm\u0113rus.<\/p>\n","protected":false},"excerpt":{"rendered":"2024. gad\u0101 Rimi Baltic veica vair\u0101kus taktiskus so\u013cus, lai turpin\u0101tu savu ap\u0146em\u0161anos nodro\u0161in\u0101t atbild\u012bgu mazumtirdzniec\u012bbu Baltijas valst\u012bs. Uz\u0146\u0113mums&hellip;\n","protected":false},"author":2,"featured_media":103478,"comment_status":"","ping_status":"","sticky":false,"template":"","format":"standard","meta":{"footnotes":""},"categories":[12],"tags":[23,28,29,32,33,22,30,31,35,39,38,36,37,34,40,20,26,27,24,25,21],"class_list":{"0":"post-103477","1":"post","2":"type-post","3":"status-publish","4":"format-standard","5":"has-post-thumbnail","7":"category-latvija","8":"tag-aktualitates","9":"tag-breaking-news","10":"tag-breakingnews","11":"tag-featured-news","12":"tag-featurednews","13":"tag-headlines","14":"tag-latest-news","15":"tag-latestnews","16":"tag-latvia","17":"tag-latvian","18":"tag-latviesu","19":"tag-latviesu-valoda","20":"tag-latviesuvaloda","21":"tag-latvija","22":"tag-lv","23":"tag-news","24":"tag-popularakas-zinas","25":"tag-popularakaszinas","26":"tag-top-stories","27":"tag-topstories","28":"tag-zinas"},"share_on_mastodon":{"url":"https:\/\/pubeurope.com\/@lv\/115889355196231626","error":""},"_links":{"self":[{"href":"https:\/\/www.europesays.com\/lv\/wp-json\/wp\/v2\/posts\/103477","targetHints":{"allow":["GET"]}}],"collection":[{"href":"https:\/\/www.europesays.com\/lv\/wp-json\/wp\/v2\/posts"}],"about":[{"href":"https:\/\/www.europesays.com\/lv\/wp-json\/wp\/v2\/types\/post"}],"author":[{"embeddable":true,"href":"https:\/\/www.europesays.com\/lv\/wp-json\/wp\/v2\/users\/2"}],"replies":[{"embeddable":true,"href":"https:\/\/www.europesays.com\/lv\/wp-json\/wp\/v2\/comments?post=103477"}],"version-history":[{"count":0,"href":"https:\/\/www.europesays.com\/lv\/wp-json\/wp\/v2\/posts\/103477\/revisions"}],"wp:featuredmedia":[{"embeddable":true,"href":"https:\/\/www.europesays.com\/lv\/wp-json\/wp\/v2\/media\/103478"}],"wp:attachment":[{"href":"https:\/\/www.europesays.com\/lv\/wp-json\/wp\/v2\/media?parent=103477"}],"wp:term":[{"taxonomy":"category","embeddable":true,"href":"https:\/\/www.europesays.com\/lv\/wp-json\/wp\/v2\/categories?post=103477"},{"taxonomy":"post_tag","embeddable":true,"href":"https:\/\/www.europesays.com\/lv\/wp-json\/wp\/v2\/tags?post=103477"}],"curies":[{"name":"wp","href":"https:\/\/api.w.org\/{rel}","templated":true}]}}