{"id":103479,"date":"2026-01-13T19:06:16","date_gmt":"2026-01-13T19:06:16","guid":{"rendered":"https:\/\/www.europesays.com\/lv\/103479\/"},"modified":"2026-01-13T19:06:16","modified_gmt":"2026-01-13T19:06:16","slug":"latvija-mekle-jaunos-pratus-digitalajai-aizsardzibai-ugunskristibas-bus-vacija","status":"publish","type":"post","link":"https:\/\/www.europesays.com\/lv\/103479\/","title":{"rendered":"Latvija mekl\u0113 jaunos pr\u0101tus digit\u0101lajai aizsardz\u012bbai; ugunskrist\u012bbas b\u016bs V\u0101cij\u0101"},"content":{"rendered":"<p><a rel=\"noopener nofollow\" target=\"_blank\" href=\"https:\/\/www.delfi.lv\/temas\/42038898\/aizsardzibas-ministrija\" tag-id=\"42038898\">Aizsardz\u012bbas ministrija<\/a> aicina jaunie\u0161us piedal\u012bties Nacion\u0101laj\u0101 kiberdro\u0161\u012bbas izaicin\u0101jum\u0101. Dal\u012bbnieki, kas b\u016bs sakr\u0101ju\u0161i visvair\u0101k punktu, ieg\u016bs balvas un iesp\u0113ju p\u0101rst\u0101v\u0113t Latviju Eiropas m\u0113roga sacens\u012bb\u0101s V\u0101cij\u0101. Tas ir veids, k\u0101 valsts var identific\u0113t un att\u012bst\u012bt n\u0101kamo kiberdro\u0161\u012bbas speci\u0101listu paaudzi, port\u0101lam &#8220;Delfi&#8221; uzsver ministrij\u0101.<\/p>\n<p>Nacion\u0101lais kiberdro\u0161\u012bbas izaicin\u0101jums ir valsts m\u0113roga sacens\u012bbas jaunie\u0161iem, kur\u0101s var p\u0101rbaud\u012bt zin\u0101\u0161anas un sp\u0113ju risin\u0101t da\u017e\u0101das sare\u017e\u0123\u012bt\u012bbas uzdevumus kiberdro\u0161\u012bbas un kiberaizsardz\u012bbas jom\u0101.<\/p>\n<p class=\"MsoNormal\">Latvij\u0101 \u0161is izaicin\u0101jums norisin\u0101s kop\u0161 2024. gada, un tiek paredz\u0113ts, ka m\u016bsu valsts izlase \u0161ogad tre\u0161o reizi piedal\u012bsies ar\u012b Eiropas kiberdro\u0161\u012bbas izaicin\u0101jum\u0101. Tas tiek organiz\u0113ts jau kop\u0161 2016. gada.<\/p>\n<p class=\"MsoNormal\">Lai piedal\u012btos izaicin\u0101jum\u0101, priek\u0161zin\u0101\u0161anas nav oblig\u0101tas, svar\u012bga ir motiv\u0101cija, interese par kiberdro\u0161\u012bbas jomu un prasme patst\u0101v\u012bgi mekl\u0113t un analiz\u0113t da\u017e\u0101da veida inform\u0101ciju.<\/p>\n<p class=\"MsoNormal\">Nacion\u0101lais kiberdro\u0161\u012bbas izaicin\u0101jums notiks tie\u0161saist\u0113 tr\u012bs k\u0101rt\u0101s \u2013  9. febru\u0101r\u012b, 2. un 3. mart\u0101, k\u0101 ar\u012b 30. un 31. mart\u0101. Katr\u0101 k\u0101rt\u0101 var piedal\u012bties jebkur\u0161 Latvijas valstspieder\u012bgais vecum\u0101 no 14 l\u012bdz 25 gadiem, nor\u0101da ministrij\u0101.<\/p>\n<p class=\"MsoNormal\">Nacion\u0101l\u0101 kiberdro\u0161\u012bbas izaicin\u0101juma uzdevumi ir sadal\u012bti tr\u012bs k\u0101rt\u0101s. Pirm\u0101 k\u0101rt\u0101 ir testa form\u0101t\u0101 (jaut\u0101jums ar vair\u0101kiem atbil\u017eu variantiem). Otr\u0101 un tre\u0161\u0101 k\u0101rta ir CTF jaut\u0101jumu (no ang\u013cu valodas &#8220;Capture the Flag&#8221; \u2013 &#8220;Atrodi karogu&#8221;) form\u0101t\u0101 (ieraksta atbildi tam paredz\u0113taj\u0101 lauk\u0101). Uzdevumus sagatavoju\u0161i aizsardz\u012bbas nozares, kiberincidentu nov\u0113r\u0161anas instit\u016bcijas &#8220;<a rel=\"noopener nofollow\" target=\"_blank\" href=\"https:\/\/www.delfi.lv\/temas\/55555318\/certlv\" tag-id=\"55555318\">CERT.LV<\/a>&#8221; un Zemessardzes Kiberaizsardz\u012bbas un elektromagn\u0113tisk\u0101s karadarb\u012bbas bataljona speci\u0101listi.<\/p>\n<p>Balvas un iesp\u0113ja p\u0101rst\u0101v\u0113t Latviju<\/p>\n<p class=\"MsoNormal\">Izaicin\u0101juma nosl\u0113gum\u0101 p\u0113c rezult\u0101tu apkopo\u0161anas dal\u012bbnieki, kas b\u016bs sakr\u0101ju\u0161i visvair\u0101k punktu, ieg\u016bs balvas no Aizsardz\u012bbas ministrijas un iesp\u0113ju piedal\u012bties Eiropas kiberdro\u0161\u012bbas izaicin\u0101jum\u0101 V\u0101cij\u0101.<\/p>\n<p class=\"MsoNormal\">Maksim\u0101lais skaits, kas var p\u0101rst\u0101v\u0113t Latviju, ir desmit jaunie\u0161i. Pieci jaunie\u0161i jaun\u0101kaj\u0101 grup\u0101 (vecum\u0101 no 14-20) un pieci vec\u0101kaj\u0101 (21-25).<\/p>\n<p class=\"MsoNormal\">2025. gada oktobr\u012b Polijas galvaspils\u0113t\u0101 Var\u0161av\u0101 notika Eiropas kiberdro\u0161\u012bbas izaicin\u0101jums 2025 (European Cybersecurity Challenge 2025), kur\u0101 piedal\u012bj\u0101s ar\u012b Latvijas komanda. Latvijas jaunie eksperti uzlaboja rezult\u0101tu par vair\u0101k nek\u0101 desmit viet\u0101m sal\u012bdzin\u0101jum\u0101 ar iepriek\u0161\u0113jo gadu, ieg\u016bstot 23. vietu.<\/p>\n<p class=\"MsoNormal\">Latvijas sniegums kopum\u0101 ir v\u0113rt\u0113jams k\u0101 labs, tom\u0113r katru gadu tiek mekl\u0113tas jaunas iesp\u0113jas, k\u0101 to v\u0113l vair\u0101k uzlabot, saka ministrij\u0101. \u0145emot v\u0113r\u0101, ka Latvija tikai sal\u012bdzino\u0161i nesen uzs\u0101kusi dal\u012bbu Eiropas kiberdro\u0161\u012bbas izaicin\u0101jum\u0101, varot secin\u0101t, ka rezult\u0101ti ar katru gadu k\u013c\u016bst lab\u0101ki. Piem\u0113ram, 2025. gad\u0101 Latvija apsteidza vair\u0101kas valstis, tostarp Be\u013c\u0123iju, Ung\u0101riju, Lietuvu un citas.<\/p>\n<p>Interese aug<\/p>\n<p>Interese par izaicin\u0101jumu Latvij\u0101 pieaug, pau\u017e ministrij\u0101. Piem\u0113ram, 2025. gad\u0101 Nacion\u0101laj\u0101 kiberdro\u0161\u012bbas izaicin\u0101jum\u0101 piedal\u012bj\u0101s vair\u0101k nek\u0101 400 jaunie\u0161u vecum\u0101 no 14 l\u012bdz 24 gadiem no 50 Latvijas izgl\u012bt\u012bbas iest\u0101d\u0113m, tostarp ar\u012b studenti, kuri m\u0101c\u0101s \u0101rpus Latvijas. Izaicin\u0101jums ik gadu norisin\u0101jies tr\u012bs k\u0101rt\u0101s, un 30 lab\u0101kie dal\u012bbnieki ar augst\u0101kajiem v\u0113rt\u0113jumiem tika apbalvoti.<\/p>\n<p>\u0160ogad noteikumi ir main\u012bti, \u013caujot izaicin\u0101jum\u0101 piedal\u012bties ar\u012b jaunie\u0161iem l\u012bdz 25 gadu vecumam. Tiek prognoz\u0113ts, ka dal\u012bbnieku skaits var\u0113tu b\u016bt liel\u0101ks nek\u0101 iepriek\u0161\u0113jos gados. &#8220;\u0160ogad esam \u012bpa\u0161i piev\u0113rsu\u0161i uzman\u012bbu skolu sasnieg\u0161anai, izmantojot da\u017e\u0101dus komunik\u0101cijas kan\u0101lus, un ceram uz v\u0113l pla\u0161\u0101ku jaunie\u0161u interesi,&#8221; pauda ministrij\u0101.<\/p>\n<p class=\"MsoNormal\">Lai Latvij\u0101 uzlabotu zin\u0101\u0161anas par kiberdro\u0161\u012bbu un kiberaizsardz\u012bbu, aizvad\u012btaj\u0101 gad\u0101 tika \u012bstenota ar\u012b informat\u012bv\u0101 kampa\u0146a kiberdro\u0161\u012bbas jom\u0101 &#8220;O\u017e p\u0113c sh\u0113mas&#8221;, kuras m\u0113r\u0137is bija izgl\u012btot da\u017e\u0101du paaud\u017eu iedz\u012bvot\u0101jus, tostarp ar\u012b jaunie\u0161us. Paral\u0113li tam tiek pied\u0101v\u0101ts arvien pla\u0161\u0101ks kiberdro\u0161\u012bbas apm\u0101c\u012bbu kl\u0101sts, savuk\u0101rt profesion\u0101l\u0101s izgl\u012bt\u012bbas iest\u0101des un augstskolas turpina att\u012bst\u012bt studiju programmas, kas ir tie\u0161i saist\u012btas ar kiberdro\u0161\u012bbas jomu.<\/p>\n<p class=\"MsoNormal\">Dal\u012bbai Nacion\u0101laj\u0101 kiberdro\u0161\u012bbas izaicin\u0101jum\u0101 var re\u0123istr\u0113ties m\u0101jaslap\u0101 &#8220;www.kibiz.lv&#8221; l\u012bdz 30. janv\u0101rim.<\/p>\n<p class=\"MsoNormal\">Nacion\u0101lo kiberdro\u0161\u012bbas izaicin\u0101jumu Latvij\u0101 organiz\u0113 Aizsardz\u012bbas ministrija sadarb\u012bb\u0101 ar &#8220;CERT.LV&#8221;, Latvijas Universit\u0101ti un Zemessardzes Kiberaizsardz\u012bbas un elektromagn\u0113tisk\u0101s karadarb\u012bbas bataljonu. Izaicin\u0101jumu atbalsta Latvijas Nacion\u0101lais koordin\u0101cijas centrs (NCC-LV) un Jaunsardzes centrs.<\/p>\n<p class=\"m-0\">Seko &#8220;Delfi&#8221; ar\u012b  <a target=\"_blank\" href=\"https:\/\/www.instagram.com\/delfi.lv\/\" rel=\"nofollow noopener\">Instagram<\/a>  un <a target=\"_blank\" href=\"https:\/\/www.youtube.com\/channel\/UCw5foWtcJvAbUm64rv7jwUQ\" rel=\"nofollow noopener\">YouTube<\/a>  profil\u0101 \u2013 pievienojies, lai uzzin\u0101tu svar\u012bg\u0101ko un interesant\u0101ko pirmais!<\/p>\n<p>Publik\u0101cijas saturs vai t\u0101s jebk\u0101da apjoma da\u013ca ir aizsarg\u0101ts autorties\u012bbu objekts Autorties\u012bbu likuma izpratn\u0113, un t\u0101 izmanto\u0161ana bez izdev\u0113ja at\u013caujas ir aizliegta. Vair\u0101k lasi  <a target=\"_blank\" href=\"https:\/\/www.delfi.lv\/noteikumi#autortiesibas\" rel=\"nofollow noopener\">\u0161eit<\/a><script async src=\"\/\/www.instagram.com\/embed.js\"><\/script><\/p>\n","protected":false},"excerpt":{"rendered":"Aizsardz\u012bbas ministrija aicina jaunie\u0161us piedal\u012bties Nacion\u0101laj\u0101 kiberdro\u0161\u012bbas izaicin\u0101jum\u0101. Dal\u012bbnieki, kas b\u016bs sakr\u0101ju\u0161i visvair\u0101k punktu, ieg\u016bs balvas un iesp\u0113ju&hellip;\n","protected":false},"author":2,"featured_media":103480,"comment_status":"","ping_status":"","sticky":false,"template":"","format":"standard","meta":{"footnotes":""},"categories":[5],"tags":[626,23,622,28,29,4244,1418,32,33,22,2316,30,31,35,39,38,36,37,34,40,20,26,27,24,25,299,21],"class_list":{"0":"post-103479","1":"post","2":"type-post","3":"status-publish","4":"format-standard","5":"has-post-thumbnail","7":"category-aktualitates","8":"tag-aizsardzibas-ministrija","9":"tag-aktualitates","10":"tag-austrumu-flangs","11":"tag-breaking-news","12":"tag-breakingnews","13":"tag-cert-lv","14":"tag-danija","15":"tag-featured-news","16":"tag-featurednews","17":"tag-headlines","18":"tag-italija","19":"tag-latest-news","20":"tag-latestnews","21":"tag-latvia","22":"tag-latvian","23":"tag-latviesu","24":"tag-latviesu-valoda","25":"tag-latviesuvaloda","26":"tag-latvija","27":"tag-lv","28":"tag-news","29":"tag-popularakas-zinas","30":"tag-popularakaszinas","31":"tag-top-stories","32":"tag-topstories","33":"tag-vacija","34":"tag-zinas"},"share_on_mastodon":{"url":"https:\/\/pubeurope.com\/@lv\/115889358917128936","error":""},"_links":{"self":[{"href":"https:\/\/www.europesays.com\/lv\/wp-json\/wp\/v2\/posts\/103479","targetHints":{"allow":["GET"]}}],"collection":[{"href":"https:\/\/www.europesays.com\/lv\/wp-json\/wp\/v2\/posts"}],"about":[{"href":"https:\/\/www.europesays.com\/lv\/wp-json\/wp\/v2\/types\/post"}],"author":[{"embeddable":true,"href":"https:\/\/www.europesays.com\/lv\/wp-json\/wp\/v2\/users\/2"}],"replies":[{"embeddable":true,"href":"https:\/\/www.europesays.com\/lv\/wp-json\/wp\/v2\/comments?post=103479"}],"version-history":[{"count":0,"href":"https:\/\/www.europesays.com\/lv\/wp-json\/wp\/v2\/posts\/103479\/revisions"}],"wp:featuredmedia":[{"embeddable":true,"href":"https:\/\/www.europesays.com\/lv\/wp-json\/wp\/v2\/media\/103480"}],"wp:attachment":[{"href":"https:\/\/www.europesays.com\/lv\/wp-json\/wp\/v2\/media?parent=103479"}],"wp:term":[{"taxonomy":"category","embeddable":true,"href":"https:\/\/www.europesays.com\/lv\/wp-json\/wp\/v2\/categories?post=103479"},{"taxonomy":"post_tag","embeddable":true,"href":"https:\/\/www.europesays.com\/lv\/wp-json\/wp\/v2\/tags?post=103479"}],"curies":[{"name":"wp","href":"https:\/\/api.w.org\/{rel}","templated":true}]}}