{"id":103485,"date":"2026-01-13T19:12:13","date_gmt":"2026-01-13T19:12:13","guid":{"rendered":"https:\/\/www.europesays.com\/lv\/103485\/"},"modified":"2026-01-13T19:12:13","modified_gmt":"2026-01-13T19:12:13","slug":"pasvaldiba-turpina-sniegt-palidzibu-spradziena-cietusas-ekas-bauskas-iela-iedzivotajiem-nodrosinata-atvieglota-kartiba-personas-dokumentu-noformesanai","status":"publish","type":"post","link":"https:\/\/www.europesays.com\/lv\/103485\/","title":{"rendered":"Pa\u0161vald\u012bba turpina sniegt pal\u012bdz\u012bbu spr\u0101dzien\u0101 cietu\u0161\u0101s \u0113kas Bauskas iel\u0101 iedz\u012bvot\u0101jiem; nodro\u0161in\u0101ta atvieglota k\u0101rt\u012bba personas dokumentu noform\u0113\u0161anai"},"content":{"rendered":"<p>R\u012bgas pa\u0161vald\u012bba inform\u0113, ka g\u0101zes spr\u0101dzien\u0101 cietu\u0161\u0101s \u0113kas Bauskas iel\u0101 15 iedz\u012bvot\u0101jiem ir nodro\u0161in\u0101ta atvieglota k\u0101rt\u012bba personas dokumentu noform\u0113\u0161anai. \u0160is risin\u0101jums ieviests, lai mazin\u0101tu administrat\u012bvo slogu un sniegtu praktisku atbalstu cilv\u0113kiem, kuri non\u0101ku\u0161i \u0101rk\u0101rtas situ\u0101cij\u0101.<\/p>\n<p>Dokumentu (ID kartes un pases) noform\u0113\u0161ana tiek organiz\u0113ta sadarb\u012bb\u0101 ar R\u012bgas Soci\u0101lo dienestu, kas pie\u0146em iedz\u012bvot\u0101ju pieteikumus jaunu dokumentu izgatavo\u0161anai. Soci\u0101lais dienests apkopo iesniegtos pieteikumus, nodro\u0161ina tie\u0161u sazi\u0146u ar Pilson\u012bbas un migr\u0101cijas lietu p\u0101rvaldi un r\u016bp\u0113jas, lai Bauskas ielas 15 \u0113kas iedz\u012bvot\u0101jus apkalpotu priorit\u0101ri. \u00a0<\/p>\n<p>Personas dokumenti tiek noform\u0113ti pa\u0101trin\u0101t\u0101 k\u0101rt\u012bb\u0101 \u2013 l\u012bdz trim darba dien\u0101m. Cietu\u0161ajiem piem\u0113rota ar\u012b samazin\u0101ta valsts nodeva:<\/p>\n<ul>&#13;<\/p>\n<li>30 eiro standarta gad\u012bjum\u0101;<\/li>\n<p>&#13;<\/p>\n<li>15 eiro pension\u0101riem un b\u0113rniem.<\/li>\n<p>&#13;\n<\/ul>\n<p>\u012apa\u0161\u0101 k\u0101rt\u012bba ieviesta, lai iedz\u012bvot\u0101ji p\u0113c iesp\u0113jas \u0101tr\u0101k var\u0113tu atjaunot savus personas dokumentus un atgriezties pie ikdienas lietu k\u0101rto\u0161anas, nesaskaroties ar liek\u0101m formalit\u0101t\u0113m.<\/p>\n<p>Bauskas ielas 15 \u0113kas iedz\u012bvot\u0101ji joproj\u0101m var pieteikties kr\u012bzes pabalstam R\u012bgas Soci\u0101laj\u0101 dienest\u0101. Evaku\u0113tajiem iedz\u012bvot\u0101jiem ir ties\u012bbas sa\u0146emt kr\u012bzes pabalstu divu m\u0113ne\u0161u laik\u0101 no kr\u012bzes situ\u0101cijas ra\u0161an\u0101s dienas.<\/p>\n<p>Iesniegumu kr\u012bzes pabalsta pie\u0161\u0137ir\u0161anai var iesniegt:<\/p>\n<ul>&#13;<\/p>\n<li>R\u012bgas Soci\u0101laj\u0101 dienest\u0101, Bazn\u012bcas iel\u0101 19\/23. Kontaktpersona Ruta \u010caika, t\u0101lrunis 25498092;<\/li>\n<p>&#13;<\/p>\n<li>P\u0101rdaugavas rajona Soci\u0101l\u0101s pal\u012bdz\u012bbas un soci\u0101lo pakalpojumu centr\u0101, E. Smi\u013c\u0123a iel\u0101 46. Kontaktpersona Zanda Jur\u0101ne, t\u0101lrunis 20043858;<\/li>\n<p>&#13;<\/p>\n<li>Latgales rajona Soci\u0101l\u0101s pal\u012bdz\u012bbas un soci\u0101lo pakalpojumu centr\u0101, Aglonas iel\u0101 35\/1. Kontaktpersona A\u013cona Logina, t\u0101lrunis 29774867;<\/li>\n<p>&#13;<\/p>\n<li>Zieme\u013cu rajona Soci\u0101l\u0101s pal\u012bdz\u012bbas un soci\u0101lo pakalpojumu centr\u0101, Ieri\u0137u iel\u0101 2b. Kontaktpersona Agris Veidemanis, t\u0101lrunis 29373789.<\/li>\n<p>&#13;\n<\/ul>\n<p>Papildu atbalsts<\/p>\n<p>Iedz\u012bvot\u0101ji aicin\u0101ti v\u0113rsties R\u012bgas Soci\u0101laj\u0101 dienest\u0101 ar\u012b tad, ja nepiecie\u0161ama cita veida pal\u012bdz\u012bba, piem\u0113ram, psihologa konsult\u0101cijas, izzi\u0146a p\u0101rtikas pakas sa\u0146em\u0161anai u. tml. Pla\u0161\u0101ka inform\u0101cija par iesp\u0113jamo pal\u012bdz\u012bbu pieejama pa informat\u012bvo t\u0101lruni 1201.<\/p>\n<p>R\u012bgas pa\u0161vald\u012bba l\u012bdz \u0161im ir sa\u0146\u0113musi 20 Bauskas ielas 15 iedz\u012bvot\u0101ju iesniegumus par ilgtermi\u0146a pagaidu dz\u012bvojam\u0101s telpas nodro\u0161in\u0101\u0161anu. Pa\u0161vald\u012bba ir uzs\u0101kusi pied\u0101v\u0101jumu izteik\u0161anu iedz\u012bvot\u0101jiem par pagaidu dz\u012bvojam\u0101s telpas apskati \u016anijas iel\u0101 49, R\u012bg\u0101. Savuk\u0101rt \u012bstermi\u0146a pagaidu izmitin\u0101\u0161anas iesp\u0113ju \u0161obr\u012bd izmanto 8 personas.<\/p>\n<p>          <img decoding=\"async\" src=\"https:\/\/www.europesays.com\/lv\/wp-content\/uploads\/2026\/01\/1767645852_487_logo-lv.png\" alt=\"\"\/><\/p>\n<p>                  \u0160\u012b inform\u0101cija ir publisks pazi\u0146ojums un neatspogu\u013co LV port\u0101la viedokli. Par t\u0101s saturu atbild ies\u016bt\u012bt\u0101js. <a data-popup=\"rules\">Public\u0113\u0161anas noteikumi<\/a><\/p>\n","protected":false},"excerpt":{"rendered":"R\u012bgas pa\u0161vald\u012bba inform\u0113, ka g\u0101zes spr\u0101dzien\u0101 cietu\u0161\u0101s \u0113kas Bauskas iel\u0101 15 iedz\u012bvot\u0101jiem ir nodro\u0161in\u0101ta atvieglota k\u0101rt\u012bba personas dokumentu&hellip;\n","protected":false},"author":2,"featured_media":95583,"comment_status":"","ping_status":"","sticky":false,"template":"","format":"standard","meta":{"footnotes":""},"categories":[5],"tags":[23,28,29,32,33,22,30,31,35,39,38,36,37,34,40,20,26,27,24,25,21],"class_list":{"0":"post-103485","1":"post","2":"type-post","3":"status-publish","4":"format-standard","5":"has-post-thumbnail","7":"category-aktualitates","8":"tag-aktualitates","9":"tag-breaking-news","10":"tag-breakingnews","11":"tag-featured-news","12":"tag-featurednews","13":"tag-headlines","14":"tag-latest-news","15":"tag-latestnews","16":"tag-latvia","17":"tag-latvian","18":"tag-latviesu","19":"tag-latviesu-valoda","20":"tag-latviesuvaloda","21":"tag-latvija","22":"tag-lv","23":"tag-news","24":"tag-popularakas-zinas","25":"tag-popularakaszinas","26":"tag-top-stories","27":"tag-topstories","28":"tag-zinas"},"share_on_mastodon":{"url":"https:\/\/pubeurope.com\/@lv\/115889382514808473","error":""},"_links":{"self":[{"href":"https:\/\/www.europesays.com\/lv\/wp-json\/wp\/v2\/posts\/103485","targetHints":{"allow":["GET"]}}],"collection":[{"href":"https:\/\/www.europesays.com\/lv\/wp-json\/wp\/v2\/posts"}],"about":[{"href":"https:\/\/www.europesays.com\/lv\/wp-json\/wp\/v2\/types\/post"}],"author":[{"embeddable":true,"href":"https:\/\/www.europesays.com\/lv\/wp-json\/wp\/v2\/users\/2"}],"replies":[{"embeddable":true,"href":"https:\/\/www.europesays.com\/lv\/wp-json\/wp\/v2\/comments?post=103485"}],"version-history":[{"count":0,"href":"https:\/\/www.europesays.com\/lv\/wp-json\/wp\/v2\/posts\/103485\/revisions"}],"wp:featuredmedia":[{"embeddable":true,"href":"https:\/\/www.europesays.com\/lv\/wp-json\/wp\/v2\/media\/95583"}],"wp:attachment":[{"href":"https:\/\/www.europesays.com\/lv\/wp-json\/wp\/v2\/media?parent=103485"}],"wp:term":[{"taxonomy":"category","embeddable":true,"href":"https:\/\/www.europesays.com\/lv\/wp-json\/wp\/v2\/categories?post=103485"},{"taxonomy":"post_tag","embeddable":true,"href":"https:\/\/www.europesays.com\/lv\/wp-json\/wp\/v2\/tags?post=103485"}],"curies":[{"name":"wp","href":"https:\/\/api.w.org\/{rel}","templated":true}]}}