{"id":103488,"date":"2026-01-13T19:17:07","date_gmt":"2026-01-13T19:17:07","guid":{"rendered":"https:\/\/www.europesays.com\/lv\/103488\/"},"modified":"2026-01-13T19:17:07","modified_gmt":"2026-01-13T19:17:07","slug":"valmiera-pasvaldibas-policijai-par-245-000-eiro-iegadati-tris-jauni-auto","status":"publish","type":"post","link":"https:\/\/www.europesays.com\/lv\/103488\/","title":{"rendered":"Valmier\u0101 pa\u0161vald\u012bbas policijai par 245 000 eiro ieg\u0101d\u0101ti tr\u012bs jauni auto"},"content":{"rendered":"<p><a href=\"https:\/\/www.apollo.lv\/term\/2489\/auto\" class=\"topicLink\" target=\"_blank\" rel=\"nofollow noopener\">Auto<\/a> ieg\u0101d\u0101ti par valsts aizdevuma finans\u0113jumu. Operat\u012bvie transportl\u012bdzek\u013ci pirkti uz\u0146\u0113mum\u0101 &#8220;M\u016bsu auto <a href=\"https:\/\/www.apollo.lv\/term\/21558\/valmiera\" class=\"topicLink\" target=\"_blank\" rel=\"nofollow noopener\">Valmiera<\/a>&#8221; iepirkuma proced\u016bras rezult\u0101t\u0101.<\/p>\n<p>Transportl\u012bdzek\u013ci ir p\u0101rb\u016bv\u0113ti atbilsto\u0161i policijas vajadz\u012bb\u0101m un to virsb\u016bv\u0113m veikts speci\u0101lais trafar\u0113jums. Jaunie operat\u012bvie transportl\u012bdzek\u013ci apr\u012bkoti ar r\u0101cij\u0101m, gaismas un ska\u0146as sign\u0101liem, k\u0101 ar\u012b aiztur\u0113to personu nodal\u012bjumu.<\/p>\n<p>Automa\u0161\u012bn\u0101s uzst\u0101d\u012btas \u0101truma kontroles ier\u012bces. Tas ir svar\u012bgs aspekts, \u0146emot v\u0113r\u0101, ka 2023. gad\u0101 pie\u0146emti groz\u012bjumi Ce\u013cu satiksmes likum\u0101, kas paredz pa\u0161vald\u012bbas policijai ties\u012bbas kontrol\u0113t at\u013caut\u0101 brauk\u0161anas \u0101truma iev\u0113ro\u0161anu un piem\u0113rot sodus par p\u0101rk\u0101pumiem, kl\u0101sta pa\u0161vald\u012bba.<\/p>\n<p>&#8220;\u0160is pa\u0161vald\u012bbas ieguld\u012bjums veicin\u0101s sabiedrisk\u0101s k\u0101rt\u012bbas un dro\u0161\u012bbas stiprin\u0101\u0161anu, k\u0101 ar\u012b uzlabos policijas operat\u012bv\u0101s rea\u0123\u0113\u0161anas sp\u0113jas,&#8221; sola pa\u0161vald\u012bba.<\/p>\n","protected":false},"excerpt":{"rendered":"Auto ieg\u0101d\u0101ti par valsts aizdevuma finans\u0113jumu. Operat\u012bvie transportl\u012bdzek\u013ci pirkti uz\u0146\u0113mum\u0101 &#8220;M\u016bsu auto Valmiera&#8221; iepirkuma proced\u016bras rezult\u0101t\u0101. Transportl\u012bdzek\u013ci ir&hellip;\n","protected":false},"author":2,"featured_media":103489,"comment_status":"","ping_status":"","sticky":false,"template":"","format":"standard","meta":{"footnotes":""},"categories":[12],"tags":[23,65,28,29,32,33,22,30,31,35,39,38,36,37,34,40,20,6878,26,27,24,25,481,21],"class_list":{"0":"post-103488","1":"post","2":"type-post","3":"status-publish","4":"format-standard","5":"has-post-thumbnail","7":"category-latvija","8":"tag-aktualitates","9":"tag-auto","10":"tag-breaking-news","11":"tag-breakingnews","12":"tag-featured-news","13":"tag-featurednews","14":"tag-headlines","15":"tag-latest-news","16":"tag-latestnews","17":"tag-latvia","18":"tag-latvian","19":"tag-latviesu","20":"tag-latviesu-valoda","21":"tag-latviesuvaloda","22":"tag-latvija","23":"tag-lv","24":"tag-news","25":"tag-pasvaldibas-policija","26":"tag-popularakas-zinas","27":"tag-popularakaszinas","28":"tag-top-stories","29":"tag-topstories","30":"tag-valmiera","31":"tag-zinas"},"share_on_mastodon":{"url":"https:\/\/pubeurope.com\/@lv\/115889402234696758","error":""},"_links":{"self":[{"href":"https:\/\/www.europesays.com\/lv\/wp-json\/wp\/v2\/posts\/103488","targetHints":{"allow":["GET"]}}],"collection":[{"href":"https:\/\/www.europesays.com\/lv\/wp-json\/wp\/v2\/posts"}],"about":[{"href":"https:\/\/www.europesays.com\/lv\/wp-json\/wp\/v2\/types\/post"}],"author":[{"embeddable":true,"href":"https:\/\/www.europesays.com\/lv\/wp-json\/wp\/v2\/users\/2"}],"replies":[{"embeddable":true,"href":"https:\/\/www.europesays.com\/lv\/wp-json\/wp\/v2\/comments?post=103488"}],"version-history":[{"count":0,"href":"https:\/\/www.europesays.com\/lv\/wp-json\/wp\/v2\/posts\/103488\/revisions"}],"wp:featuredmedia":[{"embeddable":true,"href":"https:\/\/www.europesays.com\/lv\/wp-json\/wp\/v2\/media\/103489"}],"wp:attachment":[{"href":"https:\/\/www.europesays.com\/lv\/wp-json\/wp\/v2\/media?parent=103488"}],"wp:term":[{"taxonomy":"category","embeddable":true,"href":"https:\/\/www.europesays.com\/lv\/wp-json\/wp\/v2\/categories?post=103488"},{"taxonomy":"post_tag","embeddable":true,"href":"https:\/\/www.europesays.com\/lv\/wp-json\/wp\/v2\/tags?post=103488"}],"curies":[{"name":"wp","href":"https:\/\/api.w.org\/{rel}","templated":true}]}}