{"id":103490,"date":"2026-01-13T19:18:13","date_gmt":"2026-01-13T19:18:13","guid":{"rendered":"https:\/\/www.europesays.com\/lv\/103490\/"},"modified":"2026-01-13T19:18:13","modified_gmt":"2026-01-13T19:18:13","slug":"no-barikadem-lidz-barikadem-dzejas-muzikas-un-sarunu-vakars-par-brivibu-sodien","status":"publish","type":"post","link":"https:\/\/www.europesays.com\/lv\/103490\/","title":{"rendered":"\u201cNo barik\u0101d\u0113m l\u012bdz barik\u0101d\u0113m\u201d \u2013 dzejas, m\u016bzikas un sarunu vakars par br\u012bv\u012bbu \u0161odien"},"content":{"rendered":"<p>Otrdien, 20. janv\u0101r\u012b, plkst. 17.30 koncertz\u0101les \u201cLatvija\u201d Green Room telp\u0101 notiks dzejas, m\u016bzikas un sarunu pas\u0101kums \u201cNo barik\u0101d\u0113m l\u012bdz barik\u0101d\u0113m\u201d, kas aicina dom\u0101t ne tikai par 1991. gada janv\u0101ra barik\u0101d\u0113m k\u0101 v\u0113sturisku notikumu, bet par br\u012bv\u012bbu k\u0101 personisku un sabiedrisku izv\u0113li ar\u012b \u0161odien.<\/p>\n<p>M\u016bzikas bibliot\u0113kas rosin\u0101tais pas\u0101kums iecer\u0113ts k\u0101 dz\u012bva dom\u0101\u0161anas telpa, nevis atceres vakars. 1991.\u00a0gada barik\u0101\u017eu pieredze tiek skat\u012bta k\u0101 drosmes un l\u0113muma br\u012bdis, kas rosina uzdot jaut\u0101jumu: k\u0101das ir m\u016bsu barik\u0101des \u0161odien? Vai t\u0101s ir redzamas sabiedriskaj\u0101 telp\u0101, vai tom\u0113r m\u016bsos pa\u0161os \u2013 bail\u0113s, nogurum\u0101, vienaldz\u012bb\u0101, nev\u0113l\u0113\u0161an\u0101s iest\u0101ties par savu p\u0101rliec\u012bbu?<\/p>\n<p>Ventspils Inval\u012bdu biedr\u012bbas liter\u0101r\u0101 klubi\u0146a \u201cDzirkstele\u201d dal\u012bbnieki pied\u0101v\u0101s Valda At\u0101la un Valda Artava dzejas uzvedumu. Abi dzejnieki ir Atmodas laika balsis, kuru dzeja, run\u0101jot par br\u012bv\u012bbu, atbild\u012bbu un iek\u0161\u0113jo st\u0101ju, skan p\u0101rsteidzo\u0161i aktu\u0101li ar\u012b m\u016bsdienu pasaul\u0113.<\/p>\n<p>Pas\u0101kuma otraj\u0101 da\u013c\u0101 notiks diskusija \u201cBarik\u0101des \u0161odien \u2013\u00a0 \u0101r\u0101 vai m\u016bsos?\u201d, kur\u0101 piedal\u012bsies da\u017e\u0101du paaud\u017eu un piered\u017eu cilv\u0113ki: J\u0113kabs Macpans, Inga Ievi\u0146a un Aleksejs Masaitis. Diskusiju vad\u012bs Inga Aulmane.<\/p>\n<p>Sarunas m\u0113r\u0137is ir rosin\u0101t dom\u0101t par br\u012bv\u012bbu k\u0101 iek\u0161\u0113ju st\u0101vokli un akt\u012bvu izv\u0113li, nevis tikai par v\u0113sturisku faktu. Par ko m\u0113s \u0161odien b\u016btu gatavi iest\u0101ties? Vai br\u012bv\u012bba ir iesp\u0113jama bez barik\u0101d\u0113m ar\u012b \u0161odien?<\/p>\n<p>Pas\u0101kums aicina klaus\u012bt\u0101jus nevis atcer\u0113ties, bet dom\u0101t, sal\u012bdzin\u0101t un uzdot jaut\u0101jumus \u2013 par sevi, sabiedr\u012bbu un br\u012bv\u012bbas cenu \u0161odien.<\/p>\n<p>Ieeja \u2013 bez maksas.<\/p>\n","protected":false},"excerpt":{"rendered":"Otrdien, 20. janv\u0101r\u012b, plkst. 17.30 koncertz\u0101les \u201cLatvija\u201d Green Room telp\u0101 notiks dzejas, m\u016bzikas un sarunu pas\u0101kums \u201cNo barik\u0101d\u0113m&hellip;\n","protected":false},"author":2,"featured_media":103491,"comment_status":"","ping_status":"","sticky":false,"template":"","format":"standard","meta":{"footnotes":""},"categories":[5],"tags":[23,28,29,32,33,22,30,31,35,39,38,36,37,34,40,20,26,27,24,25,21],"class_list":{"0":"post-103490","1":"post","2":"type-post","3":"status-publish","4":"format-standard","5":"has-post-thumbnail","7":"category-aktualitates","8":"tag-aktualitates","9":"tag-breaking-news","10":"tag-breakingnews","11":"tag-featured-news","12":"tag-featurednews","13":"tag-headlines","14":"tag-latest-news","15":"tag-latestnews","16":"tag-latvia","17":"tag-latvian","18":"tag-latviesu","19":"tag-latviesu-valoda","20":"tag-latviesuvaloda","21":"tag-latvija","22":"tag-lv","23":"tag-news","24":"tag-popularakas-zinas","25":"tag-popularakaszinas","26":"tag-top-stories","27":"tag-topstories","28":"tag-zinas"},"share_on_mastodon":{"url":"https:\/\/pubeurope.com\/@lv\/115889406118052319","error":""},"_links":{"self":[{"href":"https:\/\/www.europesays.com\/lv\/wp-json\/wp\/v2\/posts\/103490","targetHints":{"allow":["GET"]}}],"collection":[{"href":"https:\/\/www.europesays.com\/lv\/wp-json\/wp\/v2\/posts"}],"about":[{"href":"https:\/\/www.europesays.com\/lv\/wp-json\/wp\/v2\/types\/post"}],"author":[{"embeddable":true,"href":"https:\/\/www.europesays.com\/lv\/wp-json\/wp\/v2\/users\/2"}],"replies":[{"embeddable":true,"href":"https:\/\/www.europesays.com\/lv\/wp-json\/wp\/v2\/comments?post=103490"}],"version-history":[{"count":0,"href":"https:\/\/www.europesays.com\/lv\/wp-json\/wp\/v2\/posts\/103490\/revisions"}],"wp:featuredmedia":[{"embeddable":true,"href":"https:\/\/www.europesays.com\/lv\/wp-json\/wp\/v2\/media\/103491"}],"wp:attachment":[{"href":"https:\/\/www.europesays.com\/lv\/wp-json\/wp\/v2\/media?parent=103490"}],"wp:term":[{"taxonomy":"category","embeddable":true,"href":"https:\/\/www.europesays.com\/lv\/wp-json\/wp\/v2\/categories?post=103490"},{"taxonomy":"post_tag","embeddable":true,"href":"https:\/\/www.europesays.com\/lv\/wp-json\/wp\/v2\/tags?post=103490"}],"curies":[{"name":"wp","href":"https:\/\/api.w.org\/{rel}","templated":true}]}}