{"id":103494,"date":"2026-01-13T19:23:07","date_gmt":"2026-01-13T19:23:07","guid":{"rendered":"https:\/\/www.europesays.com\/lv\/103494\/"},"modified":"2026-01-13T19:23:07","modified_gmt":"2026-01-13T19:23:07","slug":"prezidents-barikazu-atceres-vakara-35-gadus-velak-joprojam-pastav-meginajumi-lauzt-musu-garu-apollo-lv","status":"publish","type":"post","link":"https:\/\/www.europesays.com\/lv\/103494\/","title":{"rendered":"Prezidents barik\u0101\u017eu atceres vakar\u0101: 35 gadus v\u0113l\u0101k joproj\u0101m past\u0101v m\u0113\u0123in\u0101jumi lauzt m\u016bsu garu &#8211; Apollo.lv"},"content":{"rendered":"<ol>\n<li><a href=\"https:\/\/news.google.com\/rss\/articles\/CBMivwFBVV95cUxNZkM1ckxOLXlFX3Z4UkhZSG9ubkY1VUZsTVZqdzRxZ2UtM2ZqRXJQZnB3RVR0TllSV1pzQ3YxUkdzQnh3aGpBM0swUC1QYk5kOWV6dGpoUmx0dzlNWlN3UXRNNENjWng1d1AwVXJ3RnlSUlJSZjFmdFQyZXBzUGl5QW1yTXFydVVEQzl1X1NPbVBWN1BPcTVaczZ3M1VQdjRIWUtiT04tcW1mSU5NTldmUHN4cFJSb2lNc3ZhOVAxWQ?oc=5\" target=\"_blank\" rel=\"nofollow noopener\">Prezidents barik\u0101\u017eu atceres vakar\u0101: 35 gadus v\u0113l\u0101k joproj\u0101m past\u0101v m\u0113\u0123in\u0101jumi lauzt m\u016bsu garu<\/a>&nbsp;&nbsp;Apollo.lv<\/li>\n<li><a href=\"https:\/\/news.google.com\/rss\/articles\/CBMi9wFBVV95cUxOa0Z0VDEwLWJKcm10X2J3UWFtZU5SdXoxTUp3T0YyRVU5TG9PRTRlNW13ZTlvR3R6Qm9JSFlxRjlkLUcySmRyWWJsMlMzYjhNeE42WF9KZ2Zfb040dG01eVlPZUhFMWZpa3dfM0VYTEMzZ3NFdVVJa0hlOGo4TkNORVlKTDdVS2k1TzlMMDZIS2N0ejBON2ZtX3lOQ1I5WEJMNnFIN3c4WTkwTERRMGNxUDNkY20yRWxLWFNtaWVLZTBXbEctTHAxYjdDdWV3TV9neERVcVpFRjBDTi1OdXFqOG55THNScDNsTmRpTXEzR0g1dVJqTHlV?oc=5\" target=\"_blank\" rel=\"nofollow noopener\">Ne vi\u0146i, ne liela da\u013ca vi\u0146u vec\u0101ku nepieredz\u0113ja barik\u0101des. Vair\u0101k nek\u0101 100 jaunie\u0161u dod jaunsarga sol\u012bjumu<\/a>&nbsp;&nbsp;LSM<\/li>\n<li><a href=\"https:\/\/news.google.com\/rss\/articles\/CBMigwFBVV95cUxNRmUxTzhYSE1rQ3lYa0lPRGJDVWMwU0NGa1RHU3BRSW1Hb2dSV04wb0JfSFU3bHhSX2pvejdmUFF2UkxWemtjZnUzUWM5dEVMMU45SlpkLXUtYUxlSWdtZ1oybXlZMG9LZXpoQm1BODhxTV9LeFFOM2lXcnFFYzVRcHpfVQ?oc=5\" target=\"_blank\" rel=\"nofollow noopener\">R\u012bg\u0101 s\u0101ksies 1991. gada barik\u0101\u017eu atceres pas\u0101kumi<\/a>&nbsp;&nbsp;TVNET<\/li>\n<li><a href=\"https:\/\/news.google.com\/rss\/articles\/CBMivAFBVV95cUxONTdoaExZRVdrZ3l2eXpDX2ZZRDdnc05CUTNRVXFmOEhiVUJiVmthbk1LZXN4NksyYWxPdkFreVJVbmk4dmFSTXppSDJmbGVIYzhWSjE0UklVM0NIYUxqbm9CdnVtMzBkY05VRE9pRlR6TEpvVGVsRkhmQi1QU1dwSERkTjR1MjZaSVFEWE1pWUx2ZTV2TmcyXzFYaFVndldlbUNneHV2ZWNwMFRObTJjdXdHcmY1b21vZ0pscA?oc=5\" target=\"_blank\" rel=\"nofollow noopener\">\u201cNo barik\u0101d\u0113m l\u012bdz barik\u0101d\u0113m\u201d \u2013 dzejas, m\u016bzikas un sarunu vakars par br\u012bv\u012bbu \u0161odien<\/a>&nbsp;&nbsp;Ventspils<\/li>\n<li><a href=\"https:\/\/news.google.com\/rss\/articles\/CBMiugFBVV95cUxPaHNsZnNjUTJyWmlXMzVIaEN5MzFQV002Zi1aUzZSRk0tZVdPTHp2N0xqcGtield2WXpFY2JIekJRLU5CZG9sZ1hVMEpmUE8xTnFKR01yd1JnbC1wOGM2UlpyU2hRUWQ4RFhxMm95YTFBeVNKS3VUSW5XdlZyeDdiUjlIcE5mZXNTemRtMUdwTTd5OXVOM2szU0R6RWpZRUZ1a0NiMERSVEJHTHEwWENjUmQyMy1XVGJ1VHc?oc=5\" target=\"_blank\" rel=\"nofollow noopener\">Par godu barik\u0101\u017eu 35. gadadienai, Latvijas pasts lai\u017e klaj\u0101 \u012bpa\u0161u aploksni<\/a>&nbsp;&nbsp;Lasi.lv<\/li>\n<\/ol>\n","protected":false},"excerpt":{"rendered":"Prezidents barik\u0101\u017eu atceres vakar\u0101: 35 gadus v\u0113l\u0101k joproj\u0101m past\u0101v m\u0113\u0123in\u0101jumi lauzt m\u016bsu garu&nbsp;&nbsp;Apollo.lv Ne vi\u0146i, ne liela da\u013ca&hellip;\n","protected":false},"author":2,"featured_media":103495,"comment_status":"","ping_status":"","sticky":false,"template":"","format":"standard","meta":{"footnotes":""},"categories":[12],"tags":[23,23671,28,29,816,32,33,22,30,31,35,39,38,36,37,34,40,20,26,27,24,25,21],"class_list":{"0":"post-103494","1":"post","2":"type-post","3":"status-publish","4":"format-standard","5":"has-post-thumbnail","7":"category-latvija","8":"tag-aktualitates","9":"tag-barikades","10":"tag-breaking-news","11":"tag-breakingnews","12":"tag-edgars-rinkevics","13":"tag-featured-news","14":"tag-featurednews","15":"tag-headlines","16":"tag-latest-news","17":"tag-latestnews","18":"tag-latvia","19":"tag-latvian","20":"tag-latviesu","21":"tag-latviesu-valoda","22":"tag-latviesuvaloda","23":"tag-latvija","24":"tag-lv","25":"tag-news","26":"tag-popularakas-zinas","27":"tag-popularakaszinas","28":"tag-top-stories","29":"tag-topstories","30":"tag-zinas"},"share_on_mastodon":{"url":"https:\/\/pubeurope.com\/@lv\/115889425806668870","error":""},"_links":{"self":[{"href":"https:\/\/www.europesays.com\/lv\/wp-json\/wp\/v2\/posts\/103494","targetHints":{"allow":["GET"]}}],"collection":[{"href":"https:\/\/www.europesays.com\/lv\/wp-json\/wp\/v2\/posts"}],"about":[{"href":"https:\/\/www.europesays.com\/lv\/wp-json\/wp\/v2\/types\/post"}],"author":[{"embeddable":true,"href":"https:\/\/www.europesays.com\/lv\/wp-json\/wp\/v2\/users\/2"}],"replies":[{"embeddable":true,"href":"https:\/\/www.europesays.com\/lv\/wp-json\/wp\/v2\/comments?post=103494"}],"version-history":[{"count":0,"href":"https:\/\/www.europesays.com\/lv\/wp-json\/wp\/v2\/posts\/103494\/revisions"}],"wp:featuredmedia":[{"embeddable":true,"href":"https:\/\/www.europesays.com\/lv\/wp-json\/wp\/v2\/media\/103495"}],"wp:attachment":[{"href":"https:\/\/www.europesays.com\/lv\/wp-json\/wp\/v2\/media?parent=103494"}],"wp:term":[{"taxonomy":"category","embeddable":true,"href":"https:\/\/www.europesays.com\/lv\/wp-json\/wp\/v2\/categories?post=103494"},{"taxonomy":"post_tag","embeddable":true,"href":"https:\/\/www.europesays.com\/lv\/wp-json\/wp\/v2\/tags?post=103494"}],"curies":[{"name":"wp","href":"https:\/\/api.w.org\/{rel}","templated":true}]}}