{"id":103496,"date":"2026-01-13T19:26:11","date_gmt":"2026-01-13T19:26:11","guid":{"rendered":"https:\/\/www.europesays.com\/lv\/103496\/"},"modified":"2026-01-13T19:26:11","modified_gmt":"2026-01-13T19:26:11","slug":"germane-austrija-pasaules-kausa-sacensibas-nefinise-slaloma-pirmaja-brauciena","status":"publish","type":"post","link":"https:\/\/www.europesays.com\/lv\/103496\/","title":{"rendered":"\u0122\u0113rmane Austrij\u0101 Pasaules kausa sacens\u012bb\u0101s nefini\u0161\u0113 slaloma pirmaj\u0101 braucien\u0101"},"content":{"rendered":"<p>Latviete start\u0113ja ar 17. numuru, bet jau trases pirmaj\u0101 sektor\u0101 krita. Lai gan kritien\u0101 sportiste pagrieza k\u0101ju, p\u0113c tam vi\u0146a saviem sp\u0113kiem bija sp\u0113j\u012bga atst\u0101t trasi.<\/p>\n<p>V\u0113l Liene Bondare start\u0113s ar 74. numuru. No 76 kalnu sl\u0113pot\u0101j\u0101m 30 lab\u0101k\u0101s kvalific\u0113sies otrajam braucienam, kas s\u0101ksies plkst. 21.45.<\/p>\n<p>Sav\u0101s sezonas pirmaj\u0101s sacens\u012bb\u0101s \u0122\u0113rmane, atgrie\u017eoties Pasaules kaus\u0101 p\u0113c teju gadu ilgas pauzes, Somij\u0101 guva 21. vietu. Otraj\u0101s Pasaules kausa sacens\u012bb\u0101s latviete izc\u012bn\u012bja 14. poz\u012bciju, n\u0101kamaj\u0101s div\u0101s bija desmit\u0101, bet janv\u0101ra s\u0101kum\u0101 bija sept\u012bt\u0101.<\/p>\n<p>\u0122\u0113rmanes izc\u012bn\u012bt\u0101 sept\u012bt\u0101 vieta ir jauns rekords neatkar\u012bg\u0101s Latvijas kalnu sl\u0113po\u0161an\u0101. Augst\u0101k Pasaules kausa sacens\u012bb\u0101s PSRS laik\u0101 ir tikusi vien\u012bgi sportistes mamma Ulla \u0122\u0113rmane (toreiz Lodzi\u0146a), vienu reizi izc\u012bnot ceturto vietu.<\/p>\n<p>Bondare pirmaj\u0101s sacens\u012bb\u0101s Somij\u0101 ie\u0146\u0113ma 68. vietu, bet v\u0113l div\u0101s nefini\u0161\u0113ja. \u0160osezon vi\u0146a start\u0113jusi ar\u012b zem\u0101ka l\u012bme\u0146a ma\u010dos.<\/p>\n<p class=\"ad-desc ad-desc-main\">Saturs turpin\u0101s p\u0113c rekl\u0101mas<\/p>\n<p class=\"ad-desc ad-desc-sec\">Rekl\u0101ma<\/p>\n<p>2024.\/2025. gada sezon\u0101 \u0122\u0113rmane Pasaules kausa posmos tr\u012bsreiz izc\u012bn\u012bja astoto vietu slalom\u0101, bet fin\u0101lsacens\u012bb\u0101s latviete ie\u0146\u0113ma 14. vietu.<\/p>\n<p>\u0122\u0113rmane 2024. gada s\u0101kum\u0101 k\u013cuva ar\u012b par pasaules junioru \u010dempioni slalom\u0101.<\/p>\n<p class=\"tv3-fw-500\">Zi\u0146o par k\u013c\u016bdu rakst\u0101<\/p>\n<p class=\"d-md-block d-none\">Iez\u012bm\u0113 k\u013c\u016bdaino tekstu un spied Ctrl+Enter.<\/p>\n<p class=\"d-md-none d-block\">Iez\u012bm\u0113 k\u013c\u016bdaino tekstu un zi\u0146o par to!<\/p>\n","protected":false},"excerpt":{"rendered":"Latviete start\u0113ja ar 17. numuru, bet jau trases pirmaj\u0101 sektor\u0101 krita. Lai gan kritien\u0101 sportiste pagrieza k\u0101ju, p\u0113c&hellip;\n","protected":false},"author":2,"featured_media":103497,"comment_status":"","ping_status":"","sticky":false,"template":"","format":"standard","meta":{"footnotes":""},"categories":[17],"tags":[25000,35,39,38,36,37,34,40,67],"class_list":{"0":"post-103496","1":"post","2":"type-post","3":"status-publish","4":"format-standard","5":"has-post-thumbnail","7":"category-sports","8":"tag-dzenifera-germanepasaules-kauss-kalnu-sleposana","9":"tag-latvia","10":"tag-latvian","11":"tag-latviesu","12":"tag-latviesu-valoda","13":"tag-latviesuvaloda","14":"tag-latvija","15":"tag-lv","16":"tag-sports"},"share_on_mastodon":{"url":"https:\/\/pubeurope.com\/@lv\/115889437574301199","error":""},"_links":{"self":[{"href":"https:\/\/www.europesays.com\/lv\/wp-json\/wp\/v2\/posts\/103496","targetHints":{"allow":["GET"]}}],"collection":[{"href":"https:\/\/www.europesays.com\/lv\/wp-json\/wp\/v2\/posts"}],"about":[{"href":"https:\/\/www.europesays.com\/lv\/wp-json\/wp\/v2\/types\/post"}],"author":[{"embeddable":true,"href":"https:\/\/www.europesays.com\/lv\/wp-json\/wp\/v2\/users\/2"}],"replies":[{"embeddable":true,"href":"https:\/\/www.europesays.com\/lv\/wp-json\/wp\/v2\/comments?post=103496"}],"version-history":[{"count":0,"href":"https:\/\/www.europesays.com\/lv\/wp-json\/wp\/v2\/posts\/103496\/revisions"}],"wp:featuredmedia":[{"embeddable":true,"href":"https:\/\/www.europesays.com\/lv\/wp-json\/wp\/v2\/media\/103497"}],"wp:attachment":[{"href":"https:\/\/www.europesays.com\/lv\/wp-json\/wp\/v2\/media?parent=103496"}],"wp:term":[{"taxonomy":"category","embeddable":true,"href":"https:\/\/www.europesays.com\/lv\/wp-json\/wp\/v2\/categories?post=103496"},{"taxonomy":"post_tag","embeddable":true,"href":"https:\/\/www.europesays.com\/lv\/wp-json\/wp\/v2\/tags?post=103496"}],"curies":[{"name":"wp","href":"https:\/\/api.w.org\/{rel}","templated":true}]}}