{"id":103498,"date":"2026-01-13T19:29:09","date_gmt":"2026-01-13T19:29:09","guid":{"rendered":"https:\/\/www.europesays.com\/lv\/103498\/"},"modified":"2026-01-13T19:29:09","modified_gmt":"2026-01-13T19:29:09","slug":"parceltas-darbdienas-del-vairakas-dienas-mainisies-vilcienu-kustibu-grafiks","status":"publish","type":"post","link":"https:\/\/www.europesays.com\/lv\/103498\/","title":{"rendered":"P\u0101rcelt\u0101s darbdienas d\u0113\u013c vair\u0101k\u0101s dien\u0101s main\u012bsies vilcienu kust\u012bbu grafiks"},"content":{"rendered":"<p>Vienlaikus vair\u0101kiem d\u012bze\u013cvilcienu reisiem, kas ikdien\u0101 netiek nodro\u0161in\u0101ti katru dienu, b\u016bs kori\u0123\u0113ts kust\u012bbas grafiks no ceturtdienas, 15. janv\u0101ra, l\u012bdz sv\u0113tdienai, 18. janv\u0101rim.<\/p>\n<p>PV aicina pasa\u017eierus \u0161aj\u0101 period\u0101 piev\u0113rst uzman\u012bbu vilcienu grafikam Gulbenes, Madonas, Daugavpils un Valmieras virzien\u0101.<\/p>\n<p>Tostarp vair\u0101ki d\u012bze\u013cvilcieni ceturtdien, 15. janv\u0101r\u012b, kurs\u0113s p\u0113c tre\u0161dienas grafika, piektdien, 16. janv\u0101r\u012b, p\u0113c ceturtdienas grafika, sestdien, 17. janv\u0101r\u012b, p\u0113c piektdienas grafika, bet sv\u0113tdien, 18. janv\u0101r\u012b, atsevi\u0161\u0137i vilcieni kurs\u0113s p\u0113c sestdienas grafika, kam\u0113r citi &#8211; p\u0113c sv\u0113tdienas grafika.<\/p>\n<p>Vienlaikus vilcieni Liep\u0101jas, Ludzas un Zilupes virzien\u0101 kurs\u0113s bez izmai\u0146\u0101m.<\/p>\n<p>&#8220;Vivi&#8221; m\u0101jaslap\u0101 un mobilaj\u0101 lietotn\u0113 public\u0113tais vilcienu kust\u012bbas saraksts ietver visas aktu\u0101l\u0101s izmai\u0146as.<\/p>\n<p>PV ir izveidots 2001. gad\u0101, nodalot iek\u0161zemes pasa\u017eieru p\u0101rvad\u0101jumus no &#8220;Latvijas dzelzce\u013ca&#8221; veiktaj\u0101m funkcij\u0101m. Iepriek\u0161 PV 100% bija &#8220;Latvijas dzelzce\u013ca&#8221; meitasuz\u0146\u0113mums, ta\u010du 2008. gada oktobr\u012b tas tika p\u0101rveidots par valsts uz\u0146\u0113mumu.<\/p>\n","protected":false},"excerpt":{"rendered":"Vienlaikus vair\u0101kiem d\u012bze\u013cvilcienu reisiem, kas ikdien\u0101 netiek nodro\u0161in\u0101ti katru dienu, b\u016bs kori\u0123\u0113ts kust\u012bbas grafiks no ceturtdienas, 15. janv\u0101ra,&hellip;\n","protected":false},"author":2,"featured_media":102924,"comment_status":"","ping_status":"","sticky":false,"template":"","format":"standard","meta":{"footnotes":""},"categories":[12],"tags":[23,28,29,32,33,22,30,31,35,39,38,36,37,34,40,20,5207,1359,26,27,24,25,6156,21],"class_list":{"0":"post-103498","1":"post","2":"type-post","3":"status-publish","4":"format-standard","5":"has-post-thumbnail","7":"category-latvija","8":"tag-aktualitates","9":"tag-breaking-news","10":"tag-breakingnews","11":"tag-featured-news","12":"tag-featurednews","13":"tag-headlines","14":"tag-latest-news","15":"tag-latestnews","16":"tag-latvia","17":"tag-latvian","18":"tag-latviesu","19":"tag-latviesu-valoda","20":"tag-latviesuvaloda","21":"tag-latvija","22":"tag-lv","23":"tag-news","24":"tag-pasazieru-parvadajumi","25":"tag-pasazieru-vilciens","26":"tag-popularakas-zinas","27":"tag-popularakaszinas","28":"tag-top-stories","29":"tag-topstories","30":"tag-vivi","31":"tag-zinas"},"share_on_mastodon":{"url":"https:\/\/pubeurope.com\/@lv\/115889449389388866","error":""},"_links":{"self":[{"href":"https:\/\/www.europesays.com\/lv\/wp-json\/wp\/v2\/posts\/103498","targetHints":{"allow":["GET"]}}],"collection":[{"href":"https:\/\/www.europesays.com\/lv\/wp-json\/wp\/v2\/posts"}],"about":[{"href":"https:\/\/www.europesays.com\/lv\/wp-json\/wp\/v2\/types\/post"}],"author":[{"embeddable":true,"href":"https:\/\/www.europesays.com\/lv\/wp-json\/wp\/v2\/users\/2"}],"replies":[{"embeddable":true,"href":"https:\/\/www.europesays.com\/lv\/wp-json\/wp\/v2\/comments?post=103498"}],"version-history":[{"count":0,"href":"https:\/\/www.europesays.com\/lv\/wp-json\/wp\/v2\/posts\/103498\/revisions"}],"wp:featuredmedia":[{"embeddable":true,"href":"https:\/\/www.europesays.com\/lv\/wp-json\/wp\/v2\/media\/102924"}],"wp:attachment":[{"href":"https:\/\/www.europesays.com\/lv\/wp-json\/wp\/v2\/media?parent=103498"}],"wp:term":[{"taxonomy":"category","embeddable":true,"href":"https:\/\/www.europesays.com\/lv\/wp-json\/wp\/v2\/categories?post=103498"},{"taxonomy":"post_tag","embeddable":true,"href":"https:\/\/www.europesays.com\/lv\/wp-json\/wp\/v2\/tags?post=103498"}],"curies":[{"name":"wp","href":"https:\/\/api.w.org\/{rel}","templated":true}]}}