{"id":103499,"date":"2026-01-13T19:30:18","date_gmt":"2026-01-13T19:30:18","guid":{"rendered":"https:\/\/www.europesays.com\/lv\/103499\/"},"modified":"2026-01-13T19:30:18","modified_gmt":"2026-01-13T19:30:18","slug":"cik-lielu-naudas-summu-pern-valsts-kanceleja-un-ekonomikas-ministrija-izmaksajusi-premijas","status":"publish","type":"post","link":"https:\/\/www.europesays.com\/lv\/103499\/","title":{"rendered":"Cik lielu naudas summu p\u0113rn Valsts kanceleja un Ekonomikas ministrija izmaks\u0101jusi pr\u0113mij\u0101s?"},"content":{"rendered":"<p>Vienlaikus iest\u0101d\u0113 apliecina, ka Valsts kancelejas direktoram <a href=\"https:\/\/www.apollo.lv\/term\/750978\/naudas-balva\" class=\"topicLink\" target=\"_blank\" rel=\"nofollow noopener\">naudas balva<\/a> par 2025. gadu nav izmaks\u0101ta.<\/p>\n<p>Pag\u0101ju\u0161\u0101 gada beig\u0101s Valsts kancelej\u0101 str\u0101d\u0101ja 165 darbinieki.<\/p>\n<p>Tikm\u0113r EM nor\u0101d\u012bja, ka no 263 919 eiro decembr\u012b darbiniekiem izmaks\u0101tas nov\u0113rt\u0113juma pr\u0113mijas 13 543 eiro apm\u0113r\u0101. Citas pr\u0113mijas, naudas balvas vai kompens\u0101cijas EM darbiniekiem gadumij\u0101 netika izmaks\u0101tas.<\/p>\n<p>Ministrij\u0101 atz\u012bm\u0113, ka atbilsto\u0161i Ministru kabineta (MK) noteikumiem par valsts tie\u0161\u0101s p\u0101rvaldes iest\u0101d\u0113s nodarbin\u0101to darba izpildes nov\u0113rt\u0113\u0161anu ministrijas nodarbin\u0101to darba izpilde tiek v\u0113rt\u0113ta reizi gad\u0101, savuk\u0101rt valsts sekret\u0101ra darba izpilde tiek v\u0113rt\u0113ta reizi divos gados.<\/p>\n<p>Nodarbin\u0101to darba izpildes rezult\u0101tu nov\u0113rt\u0113\u0161ana par 2024. gadu tika veikta 2025. gada pirmaj\u0101 ceturksn\u012b, pav\u0113st\u012bja EM.<\/p>\n<p>Janv\u0101r\u012b nav pl\u0101nots izmaks\u0101t pr\u0113mijas vai naudas balvas.<\/p>\n<p>EM atz\u012bm\u0113, ka Valsts un pa\u0161vald\u012bbu instit\u016bciju amatpersonu un darbinieku atl\u012bdz\u012bbas likums, k\u0101 ar\u012b MK noteikumi &#8220;Noteikumi par valsts instit\u016bciju amatpersonu un darbinieku darba samaksu un t\u0101s noteik\u0161anas k\u0101rt\u012bbu, k\u0101 ar\u012b par profesij\u0101m un specifiskaj\u0101m jom\u0101m, kur\u0101m piem\u0113rojams tirgus koeficients&#8221; paredz pr\u0113m\u0113\u0161anu reizi gad\u0101, pamatojoties uz darba izpildes nov\u0113rt\u0113juma rezult\u0101tiem.<\/p>\n","protected":false},"excerpt":{"rendered":"Vienlaikus iest\u0101d\u0113 apliecina, ka Valsts kancelejas direktoram naudas balva par 2025. gadu nav izmaks\u0101ta. Pag\u0101ju\u0161\u0101 gada beig\u0101s Valsts&hellip;\n","protected":false},"author":2,"featured_media":103500,"comment_status":"","ping_status":"","sticky":false,"template":"","format":"standard","meta":{"footnotes":""},"categories":[5],"tags":[23,28,29,2838,32,33,22,25001,30,31,35,39,38,36,37,34,40,23823,20,26,27,25002,24,25,3485,21],"class_list":{"0":"post-103499","1":"post","2":"type-post","3":"status-publish","4":"format-standard","5":"has-post-thumbnail","7":"category-aktualitates","8":"tag-aktualitates","9":"tag-breaking-news","10":"tag-breakingnews","11":"tag-ekonomikas-ministrija","12":"tag-featured-news","13":"tag-featurednews","14":"tag-headlines","15":"tag-ieredni","16":"tag-latest-news","17":"tag-latestnews","18":"tag-latvia","19":"tag-latvian","20":"tag-latviesu","21":"tag-latviesu-valoda","22":"tag-latviesuvaloda","23":"tag-latvija","24":"tag-lv","25":"tag-naudas-balva","26":"tag-news","27":"tag-popularakas-zinas","28":"tag-popularakaszinas","29":"tag-premija","30":"tag-top-stories","31":"tag-topstories","32":"tag-valsts-kanceleja","33":"tag-zinas"},"share_on_mastodon":{"url":"https:\/\/pubeurope.com\/@lv\/115889453308485697","error":""},"_links":{"self":[{"href":"https:\/\/www.europesays.com\/lv\/wp-json\/wp\/v2\/posts\/103499","targetHints":{"allow":["GET"]}}],"collection":[{"href":"https:\/\/www.europesays.com\/lv\/wp-json\/wp\/v2\/posts"}],"about":[{"href":"https:\/\/www.europesays.com\/lv\/wp-json\/wp\/v2\/types\/post"}],"author":[{"embeddable":true,"href":"https:\/\/www.europesays.com\/lv\/wp-json\/wp\/v2\/users\/2"}],"replies":[{"embeddable":true,"href":"https:\/\/www.europesays.com\/lv\/wp-json\/wp\/v2\/comments?post=103499"}],"version-history":[{"count":0,"href":"https:\/\/www.europesays.com\/lv\/wp-json\/wp\/v2\/posts\/103499\/revisions"}],"wp:featuredmedia":[{"embeddable":true,"href":"https:\/\/www.europesays.com\/lv\/wp-json\/wp\/v2\/media\/103500"}],"wp:attachment":[{"href":"https:\/\/www.europesays.com\/lv\/wp-json\/wp\/v2\/media?parent=103499"}],"wp:term":[{"taxonomy":"category","embeddable":true,"href":"https:\/\/www.europesays.com\/lv\/wp-json\/wp\/v2\/categories?post=103499"},{"taxonomy":"post_tag","embeddable":true,"href":"https:\/\/www.europesays.com\/lv\/wp-json\/wp\/v2\/tags?post=103499"}],"curies":[{"name":"wp","href":"https:\/\/api.w.org\/{rel}","templated":true}]}}