{"id":103503,"date":"2026-01-13T19:35:07","date_gmt":"2026-01-13T19:35:07","guid":{"rendered":"https:\/\/www.europesays.com\/lv\/103503\/"},"modified":"2026-01-13T19:35:07","modified_gmt":"2026-01-13T19:35:07","slug":"video-%e2%9f%a9-zakusala-norit-barikazu-aizstavju-atceres-pasakums","status":"publish","type":"post","link":"https:\/\/www.europesays.com\/lv\/103503\/","title":{"rendered":"VIDEO \u27e9 Za\u0137usal\u0101 norit barik\u0101\u017eu aizst\u0101vju atceres pas\u0101kums"},"content":{"rendered":"<p>Uzrun\u0101jot topo\u0161os jaunsargus, prezidents teica, ka, dodot svin\u012bgo sol\u012bjumu, vi\u0146i ap\u0146emas darboties un dar\u012bt visu, lai Latvija k\u013c\u016btu lab\u0101ka. Rink\u0113vi\u010ds jaunsargiem uzsv\u0113ra, ka vi\u0146iem b\u016bs iesp\u0113ja apg\u016bt jaunas sp\u0113jas, valsts v\u0113sturi un nepiecie\u0161am\u0101s iema\u0146as, kas pal\u012bdz\u0113s ikdien\u0101 un pal\u012bdz\u0113s gatavoties valsts aizsardz\u012bbai. &#8220;Es tie\u0161\u0101m aicinu j\u016bs un ceru, ka j\u016bs apg\u016bsiet p\u0113c lab\u0101k\u0101s sirdsapzi\u0146as to, ko j\u016bs tagad sol\u012bsiet &#8211; darboties lab\u0101kai Latvijai,&#8221; sac\u012bja prezidents, pau\u017eot pateic\u012bbu ar\u012b jaunsargu instruktoriem.<\/p>\n<p>LETA jau v\u0113st\u012bja, ka otrdien R\u012bg\u0101 s\u0101k\u0101s 1991. gada barik\u0101\u017eu atceres pas\u0101kumi. Tostarp Za\u0137usal\u0101 pie Latvijas Telev\u012bzijas notika Za\u0137usalas 1991. gada barik\u0101\u017eu aizst\u0101vju atceres pas\u0101kums, kur\u0101 vair\u0101k nek\u0101 100 jaunsargi deva svin\u012bgo sol\u012bjumu un sadzied\u0101j\u0101s.<\/p>\n<p><a href=\"https:\/\/www.tvnet.lv\/term\/578778\/barikades\" class=\"topicLink\" target=\"_blank\" rel=\"nofollow noopener\">Barik\u0101des<\/a> R\u012bg\u0101 s\u0101ka celt 1991. gada 13. janv\u0101ra vakar\u0101. To m\u0113r\u0137is bija aizsarg\u0101t Augst\u0101k\u0101s padomes \u0113ku, telev\u012bziju, Daugavas tiltus un citus strat\u0113\u0123iski svar\u012bgus objektus. 16. janv\u0101r\u012b s\u0101ka aktiviz\u0113ties OMON vien\u012bba, tom\u0113r asi\u0146ain\u0101kie notikumi risin\u0101j\u0101s 20. janv\u0101r\u012b, kad OMON m\u0113\u0123in\u0101ja ie\u0146emt Iek\u0161lietu ministrijas \u0113ku. L\u012bdztekus ap\u0161aud\u0113 pie Vecm\u012blgr\u0101vja tilta g\u0101ja boj\u0101 Satiksmes ministrijas \u0161oferis Roberts M\u016brnieks.<\/p>\n<p>Vair\u0101ku barik\u0101\u017eu laik\u0101 miru\u0161o atdusas vietas patlaban atrodas R\u012bgas Otrajos Me\u017ea kapos, kur ir apglab\u0101ti Andris Slapi\u0146\u0161, Edijs Rieksti\u0146\u0161, Sergejs Kono\u0146enko, Juris Podnieks un Gvido Zvaigzne.<\/p>\n<p>Kop\u0161 1997. gada 20. janv\u0101ris ir noteikts par barik\u0101\u017eu aizst\u0101vju atceres dienu.<\/p>\n","protected":false},"excerpt":{"rendered":"Uzrun\u0101jot topo\u0161os jaunsargus, prezidents teica, ka, dodot svin\u012bgo sol\u012bjumu, vi\u0146i ap\u0146emas darboties un dar\u012bt visu, lai Latvija k\u013c\u016btu&hellip;\n","protected":false},"author":2,"featured_media":103504,"comment_status":"","ping_status":"","sticky":false,"template":"","format":"standard","meta":{"footnotes":""},"categories":[12],"tags":[23,23671,28,29,32,33,22,30,31,35,39,38,36,37,34,40,20,26,27,24,25,9191,21],"class_list":{"0":"post-103503","1":"post","2":"type-post","3":"status-publish","4":"format-standard","5":"has-post-thumbnail","7":"category-latvija","8":"tag-aktualitates","9":"tag-barikades","10":"tag-breaking-news","11":"tag-breakingnews","12":"tag-featured-news","13":"tag-featurednews","14":"tag-headlines","15":"tag-latest-news","16":"tag-latestnews","17":"tag-latvia","18":"tag-latvian","19":"tag-latviesu","20":"tag-latviesu-valoda","21":"tag-latviesuvaloda","22":"tag-latvija","23":"tag-lv","24":"tag-news","25":"tag-popularakas-zinas","26":"tag-popularakaszinas","27":"tag-top-stories","28":"tag-topstories","29":"tag-valsts-prezidents","30":"tag-zinas"},"share_on_mastodon":{"url":"https:\/\/pubeurope.com\/@lv\/115889473063047692","error":""},"_links":{"self":[{"href":"https:\/\/www.europesays.com\/lv\/wp-json\/wp\/v2\/posts\/103503","targetHints":{"allow":["GET"]}}],"collection":[{"href":"https:\/\/www.europesays.com\/lv\/wp-json\/wp\/v2\/posts"}],"about":[{"href":"https:\/\/www.europesays.com\/lv\/wp-json\/wp\/v2\/types\/post"}],"author":[{"embeddable":true,"href":"https:\/\/www.europesays.com\/lv\/wp-json\/wp\/v2\/users\/2"}],"replies":[{"embeddable":true,"href":"https:\/\/www.europesays.com\/lv\/wp-json\/wp\/v2\/comments?post=103503"}],"version-history":[{"count":0,"href":"https:\/\/www.europesays.com\/lv\/wp-json\/wp\/v2\/posts\/103503\/revisions"}],"wp:featuredmedia":[{"embeddable":true,"href":"https:\/\/www.europesays.com\/lv\/wp-json\/wp\/v2\/media\/103504"}],"wp:attachment":[{"href":"https:\/\/www.europesays.com\/lv\/wp-json\/wp\/v2\/media?parent=103503"}],"wp:term":[{"taxonomy":"category","embeddable":true,"href":"https:\/\/www.europesays.com\/lv\/wp-json\/wp\/v2\/categories?post=103503"},{"taxonomy":"post_tag","embeddable":true,"href":"https:\/\/www.europesays.com\/lv\/wp-json\/wp\/v2\/tags?post=103503"}],"curies":[{"name":"wp","href":"https:\/\/api.w.org\/{rel}","templated":true}]}}