{"id":103505,"date":"2026-01-13T19:36:08","date_gmt":"2026-01-13T19:36:08","guid":{"rendered":"https:\/\/www.europesays.com\/lv\/103505\/"},"modified":"2026-01-13T19:36:08","modified_gmt":"2026-01-13T19:36:08","slug":"ka-mainisies-piemaksas-valsts-sektora","status":"publish","type":"post","link":"https:\/\/www.europesays.com\/lv\/103505\/","title":{"rendered":"K\u0101 main\u012bsies piemaksas valsts sektor\u0101?"},"content":{"rendered":"<p class=\"descr\">\u0160aj\u0101 gad\u0101 valsts un pa\u0161vald\u012bbu instit\u016bcij\u0101s pie\u0161\u0137iram\u0101s maksim\u0101lais piemaksas apm\u0113rs tiks samazin\u0101ts, \u0161odien l\u0113ma Ministru kabinets.<\/p>\n<p>Lai nodro\u0161in\u0101tu valsts bud\u017eeta priorit\u0101tes &#8220;Dro\u0161\u012bba&#8221; izdevumus, k\u0101 ar\u012b veicot atl\u012bdz\u012bbas izdevumu konsolid\u0101ciju, tiek noteikts, ka 2026. gad\u0101 valsts un pa\u0161vald\u012bbu instit\u016bcij\u0101s pie\u0161\u0137iram\u0101s <a href=\"https:\/\/nra.lv\/birka\/piemaksas\/\" target=\"_blank\" rel=\"noopener nofollow\">piemaksas<\/a> apm\u0113rs tiek samazin\u0101ts par desmit procentpunktiem, proti, maksim\u0101lo 30% viet\u0101 var\u0113s pie\u0161\u0137irt 20%. \u0160\u0101du piemaksu amatpersonai var\u0113s pie\u0161\u0137irt, ja t\u0101 papildus saviem tie\u0161ajiem amata (darba, dienesta) pien\u0101kumiem aizvietos promb\u016btn\u0113 eso\u0161u darbinieku vai ar\u012b tad, ja t\u0101 pild\u012bs v\u0113l citus pien\u0101kumus.<\/p>\n<p>T\u0101pat piemaksu var\u0113s pie\u0161\u0137irt, ja amatpersona sniegs noz\u012bm\u012bgu ieguld\u012bjumu attiec\u012bg\u0101s instit\u016bcijas strat\u0113\u0123isko m\u0113r\u0137u sasnieg\u0161an\u0101.<\/p>\n<p>Ar\u012b prokuroram var\u0113s pie\u0161\u0137irt piemaksu ne vair\u0101k k\u0101 20% l\u012bdz\u0161in\u0113jo 30% apm\u0113r\u0101 no vi\u0146am noteikt\u0101s m\u0113ne\u0161algas, ja papildus saviem tie\u0161ajiem amata pien\u0101kumiem, tas aizvieto promb\u016btn\u0113 eso\u0161u amatpersonu, pilda v\u0113l citus pien\u0101kumus, k\u0101 ar\u012b, ja sta\u017e\u0113jas augst\u0101ka l\u012bme\u0146a prokurora amat\u0101, kur\u0101 ieceltais prokurors ir promb\u016btn\u0113 vai kur\u0161 ir vakants.<\/p>\n<p>Vienlaikus ir vair\u0101ki iz\u0146\u0113mumi, kuriem piemaksu apm\u0113rs \u0161ogad tiks atst\u0101ts iepriek\u0161\u0113j\u0101 apm\u0113r\u0101. Tostarp \u0101rstniec\u012bbas personai, kura aizvieto promb\u016btn\u0113 eso\u0161u \u0101rstniec\u012bbas personu vai pilda vakantas \u0101rstniec\u012bbas personas amata pien\u0101kumus. \u0160\u0101d\u0101 gad\u012bjum\u0101 \u0101rstniec\u012bbas persona sa\u0146em piemaksu, kas nav liel\u0101ka par 50% no tai noteikt\u0101s m\u0113ne\u0161algas.<\/p>\n<p>Noteikumu projekta anot\u0101cij\u0101 piemaksas saglab\u0101\u0161anas apjoms l\u012bdz\u0161in\u0113j\u0101 apm\u0113r\u0101 tiek pamatots ar to, ka \u0101rstniec\u012bbas personai savas darba dienas ietvaros j\u0101nodro\u0161ina vesel\u012bbas apr\u016bpes pakalpojuma pieejam\u012bba visiem pacientiem piln\u0101 apjom\u0101, nevis da\u013c\u0113ji, t\u0101d\u0113j\u0101di p\u0113c b\u016bt\u012bbas izpildot liel\u0101ku slodzes da\u013cu, nek\u0101 instit\u016bcij\u0101 nodarbin\u0101tais var veikt sava darba laika ietvaros.<\/p>\n<blockquote><p>&#8220;\u0145emams v\u0113r\u0101 ar\u012b tas, ka kvalitat\u012bvas vesel\u012bbas apr\u016bpes nodro\u0161in\u0101\u0161ana veicina darbasp\u0113ka \u0101tr\u0101ku atgrie\u0161anos darba tirg\u016b pie savu pien\u0101kumu izpildes, tostarp valsts un pa\u0161vald\u012bbu instit\u016bcij\u0101s nodarbin\u0101to atgrie\u0161anos darb\u0101, k\u0101 ar\u012b veicina iedz\u012bvot\u0101ju dz\u012bvildzes palielin\u0101\u0161anos,&#8221; teikts anot\u0101cij\u0101.<\/p><\/blockquote>\n<p>T\u0101pat piemaksas l\u012bdz\u0161in\u0113j\u0101 apm\u0113r\u0101 saglab\u0101sies Iek\u0161lietu ministrijas sist\u0113mas iest\u0101des vai Ieslodz\u012bjuma vietu p\u0101rvaldes amatpersonai ar speci\u0101lo dienesta pak\u0101pi, kura sa\u0146em piemaksu par papildu pedago\u0123isko darbu izgl\u012bt\u012bbas iest\u0101d\u0113, kur\u0101 attiec\u012bg\u0101 amatpersona ie\u0146em amatu, ja \u0161\u012bs amatpersonas amata pien\u0101kumos neietilpst pedago\u0123isk\u0101 darba veik\u0161ana. \u0160\u0101d\u0101 gad\u012bjum\u0101 piemaksa nedr\u012bkst b\u016bt liel\u0101ka par 50% no attiec\u012bgajam pedagoga amatam noteikt\u0101s m\u0113ne\u0161algas, pedago\u0123isk\u0101 darba apjomu gad\u0101 nep\u0101rsniedzot 50% attiec\u012bgajam pedagoga amatam normat\u012bvajos aktos noteikt\u0101s vienai darba likmei atbilsto\u0161\u0101s darba slodzes (stund\u0101s).<\/p>\n<p>Pamatojums piemaksas apjoma saglab\u0101\u0161anai ir saist\u012bts ar\u012b ar valsts bud\u017eeta priorit\u0101ti &#8220;Dro\u0161\u012bba&#8221;.<\/p>\n<p>T\u0101pat ar\u012b <a href=\"https:\/\/nra.lv\/birka\/karavirs\/\" target=\"_blank\" rel=\"noopener nofollow\">karav\u012bram<\/a>, kur\u0161 sa\u0146em piemaksu par pedago\u0123isko darbu milit\u0101raj\u0101 izgl\u012bt\u012bbas iest\u0101d\u0113 vai Nacion\u0101lo bru\u0146oto sp\u0113ku vien\u012bb\u0101, kuras uzdevumos ietilpst pieaugu\u0161o izgl\u012bt\u012bbas programmu \u012bsteno\u0161ana, ja vi\u0146a amata pien\u0101kumos neietilpst pedago\u0123isk\u0101 darba veik\u0161ana, piemaksas apm\u0113rs paliks l\u012bdz\u0161in\u0113jais. \u0160\u0101d\u0101 gad\u012bjum\u0101 piemaksa nedr\u012bkst b\u016bt liel\u0101ka par 50% no karav\u012bram noteikt\u0101s m\u0113ne\u0161algas. Ar\u012b \u0161aj\u0101 gad\u012bjum\u0101 pamatojums piemaksas apjoma saglab\u0101\u0161anai ir saist\u012bts ar\u012b ar valsts bud\u017eeta priorit\u0101ti &#8220;Dro\u0161\u012bba&#8221;.<\/p>\n<p>Maksim\u0101lais piemaksas apjoms saglab\u0101sies ar\u012b valsts dro\u0161\u012bbas iest\u0101des amatpersonai (darbiniekam). \u0160\u0101d\u0101 gad\u012bjum\u0101 piemaksas apm\u0113rs nedr\u012bkst\u0113s p\u0101rsniegt 30% no amatpersonai (darbiniekam) noteikt\u0101s m\u0113ne\u0161algas. \u0160\u0101ds iz\u0146\u0113mums ietverts, \u0146emot v\u0113r\u0101, ka likumdev\u0113js, pie\u0146emot likumu &#8220;Par valsts bud\u017eetu 2026. gadam un bud\u017eeta ietvaru 2026., 2027. un 2028. gadam&#8221; jau ir l\u0113mis, ka at\u0161\u0137ir\u012bb\u0101 no cit\u0101m amatperson\u0101m (darbiniekiem), uz valsts dro\u0161\u012bbas iest\u0101d\u0113s str\u0101d\u0101jo\u0161ajiem 2026. gad\u0101 neattiecas ierobe\u017eojums par naudas balvas samazin\u0101\u0161anu un virsstundu apm\u0113ra samazin\u0101\u0161anu.<\/p>\n<p>Noteikumos preciz\u0113ta ar\u012b piemaksu pie\u0161\u0137ir\u0161anas k\u0101rt\u012bba, nosakot, ka individu\u0101lo piemaksas apm\u0113ru, pamatojumu un laikposmu nosaka iest\u0101des vad\u012bt\u0101js vai vi\u0146a pilnvarota amatpersona, izv\u0113rt\u0113jot darba apjoma pieaugumu, intensit\u0101ti, ieguld\u012bjumu, izpildes termi\u0146us vai darba noz\u012bm\u012bgumu.<\/p>\n<p>Noteikumi st\u0101sies sp\u0113k\u0101 2026. gada 15. janv\u0101r\u012b. Ja piemaksas, kas pie\u0161\u0137irtas l\u012bdz \u0161\u0101 gada 14. janv\u0101rim, p\u0101rsniedz jaunajos noteikumos paredz\u0113tos apm\u0113rus, t\u0101s no 15. janv\u0101ra tiks samazin\u0101tas atbilsto\u0161i noteiktajai k\u0101rt\u012bbai.<\/p>\n<p>\t\t\t\t\t\tinfo<\/p>\n<p>Uzzini pirmais<br \/>kas interesants noticis Latvij\u0101 un pasaul\u0113,<br \/>pievienojoties mums <a href=\"https:\/\/t.me\/neatkariga\" rel=\"nofollow\">Telegram<\/a> vai <a href=\"https:\/\/whatsapp.com\/channel\/0029VaMLFUH5K3zLU5s4wm3y\" rel=\"nofollow noopener\" target=\"_blank\">Whatsapp<\/a> kan\u0101l\u0101<\/p>\n","protected":false},"excerpt":{"rendered":"\u0160aj\u0101 gad\u0101 valsts un pa\u0161vald\u012bbu instit\u016bcij\u0101s pie\u0161\u0137iram\u0101s maksim\u0101lais piemaksas apm\u0113rs tiks samazin\u0101ts, \u0161odien l\u0113ma Ministru kabinets. Lai nodro\u0161in\u0101tu&hellip;\n","protected":false},"author":2,"featured_media":103506,"comment_status":"","ping_status":"","sticky":false,"template":"","format":"standard","meta":{"footnotes":""},"categories":[5],"tags":[23,28,29,32,33,22,30,31,35,39,38,36,37,34,40,20,26,27,24,25,21],"class_list":{"0":"post-103505","1":"post","2":"type-post","3":"status-publish","4":"format-standard","5":"has-post-thumbnail","7":"category-aktualitates","8":"tag-aktualitates","9":"tag-breaking-news","10":"tag-breakingnews","11":"tag-featured-news","12":"tag-featurednews","13":"tag-headlines","14":"tag-latest-news","15":"tag-latestnews","16":"tag-latvia","17":"tag-latvian","18":"tag-latviesu","19":"tag-latviesu-valoda","20":"tag-latviesuvaloda","21":"tag-latvija","22":"tag-lv","23":"tag-news","24":"tag-popularakas-zinas","25":"tag-popularakaszinas","26":"tag-top-stories","27":"tag-topstories","28":"tag-zinas"},"share_on_mastodon":{"url":"https:\/\/pubeurope.com\/@lv\/115889476898277770","error":""},"_links":{"self":[{"href":"https:\/\/www.europesays.com\/lv\/wp-json\/wp\/v2\/posts\/103505","targetHints":{"allow":["GET"]}}],"collection":[{"href":"https:\/\/www.europesays.com\/lv\/wp-json\/wp\/v2\/posts"}],"about":[{"href":"https:\/\/www.europesays.com\/lv\/wp-json\/wp\/v2\/types\/post"}],"author":[{"embeddable":true,"href":"https:\/\/www.europesays.com\/lv\/wp-json\/wp\/v2\/users\/2"}],"replies":[{"embeddable":true,"href":"https:\/\/www.europesays.com\/lv\/wp-json\/wp\/v2\/comments?post=103505"}],"version-history":[{"count":0,"href":"https:\/\/www.europesays.com\/lv\/wp-json\/wp\/v2\/posts\/103505\/revisions"}],"wp:featuredmedia":[{"embeddable":true,"href":"https:\/\/www.europesays.com\/lv\/wp-json\/wp\/v2\/media\/103506"}],"wp:attachment":[{"href":"https:\/\/www.europesays.com\/lv\/wp-json\/wp\/v2\/media?parent=103505"}],"wp:term":[{"taxonomy":"category","embeddable":true,"href":"https:\/\/www.europesays.com\/lv\/wp-json\/wp\/v2\/categories?post=103505"},{"taxonomy":"post_tag","embeddable":true,"href":"https:\/\/www.europesays.com\/lv\/wp-json\/wp\/v2\/tags?post=103505"}],"curies":[{"name":"wp","href":"https:\/\/api.w.org\/{rel}","templated":true}]}}