{"id":103509,"date":"2026-01-13T19:41:05","date_gmt":"2026-01-13T19:41:05","guid":{"rendered":"https:\/\/www.europesays.com\/lv\/103509\/"},"modified":"2026-01-13T19:41:05","modified_gmt":"2026-01-13T19:41:05","slug":"tragedija-uz-ventspils-sosejas-zinami-bojagajusie","status":"publish","type":"post","link":"https:\/\/www.europesays.com\/lv\/103509\/","title":{"rendered":"Tra\u0123\u0113dija uz Ventspils \u0161osejas: zin\u0101mi boj\u0101g\u0101ju\u0161ie"},"content":{"rendered":"<p class=\"descr\">Sv\u0113tdienas p\u0113cpusdien\u0101 uz Ventspils \u0161osejas notikusi k\u0101rt\u0113j\u0101 tra\u0123\u0113dija.<\/p>\n<p>Av\u0101rij\u0101 pie \u0136emeriem bija iesaist\u012btas piecas automa\u0161\u012bnas un <a href=\"https:\/\/nra.lv\/latvija\/regionos\/511283-tragiskaja-avarija-uz-ventspils-sosejas-boja-gajis-bijusais-deputats.htm\" data-item-link=\"true\" data-item-id=\"511283\" rel=\"nofollow noopener\" target=\"_blank\">boj\u0101 g\u0101ju\u0161i tr\u012bs cilv\u0113ki, kuri atrad\u0101s \u201cToyota Hilux\u201d automa\u0161\u012bn\u0101 &#8211; \u0161oferis un divi pasa\u017eieri.<\/a><\/p>\n<p>Dz\u012bv\u012bbu zaud\u0113ju\u0161ie cilv\u0113ki saist\u012bti ar me\u017ezin\u0101tnes instit\u016btu \u201cSilava\u201d &#8211; agr\u0101kais Salaspils novada domes deput\u0101ts Ernets Moisejs, kur\u0161 str\u0101d\u0101ja instit\u016bt\u0101, k\u0101 ar\u012b t\u0101 biju\u0161ie darbinieki Val\u0113rijs Boska\u010denko un Vladislavs Bokta, v\u0113sta &#8220;Degpunkt\u0101&#8221;.<\/p>\n<p>Port\u0101ls NRA jau rakst\u012bja, ka tra\u0123isk\u0101 av\u0101rija ar trim boj\u0101g\u0101ju\u0161ajiem Tukuma novad\u0101 sv\u0113tdien notikusi, vieglajam auto iebraucot pret\u0113j\u0101 josl\u0101 un saduroties ar kravas transportl\u012bdzekli.<\/p>\n<p>\t\t\t\t\t\tinfo<\/p>\n<p>Uzzini pirmais<br \/>kas interesants noticis Latvij\u0101 un pasaul\u0113,<br \/>pievienojoties mums <a href=\"https:\/\/t.me\/neatkariga\" rel=\"nofollow\">Telegram<\/a> vai <a href=\"https:\/\/whatsapp.com\/channel\/0029VaMLFUH5K3zLU5s4wm3y\" rel=\"nofollow noopener\" target=\"_blank\">Whatsapp<\/a> kan\u0101l\u0101<\/p>\n","protected":false},"excerpt":{"rendered":"Sv\u0113tdienas p\u0113cpusdien\u0101 uz Ventspils \u0161osejas notikusi k\u0101rt\u0113j\u0101 tra\u0123\u0113dija. Av\u0101rij\u0101 pie \u0136emeriem bija iesaist\u012btas piecas automa\u0161\u012bnas un boj\u0101 g\u0101ju\u0161i&hellip;\n","protected":false},"author":2,"featured_media":103510,"comment_status":"","ping_status":"","sticky":false,"template":"","format":"standard","meta":{"footnotes":""},"categories":[12],"tags":[23,28,29,32,33,22,30,31,35,39,38,36,37,34,40,20,26,27,24,25,21],"class_list":{"0":"post-103509","1":"post","2":"type-post","3":"status-publish","4":"format-standard","5":"has-post-thumbnail","7":"category-latvija","8":"tag-aktualitates","9":"tag-breaking-news","10":"tag-breakingnews","11":"tag-featured-news","12":"tag-featurednews","13":"tag-headlines","14":"tag-latest-news","15":"tag-latestnews","16":"tag-latvia","17":"tag-latvian","18":"tag-latviesu","19":"tag-latviesu-valoda","20":"tag-latviesuvaloda","21":"tag-latvija","22":"tag-lv","23":"tag-news","24":"tag-popularakas-zinas","25":"tag-popularakaszinas","26":"tag-top-stories","27":"tag-topstories","28":"tag-zinas"},"share_on_mastodon":{"url":"https:\/\/pubeurope.com\/@lv\/115889496594338697","error":""},"_links":{"self":[{"href":"https:\/\/www.europesays.com\/lv\/wp-json\/wp\/v2\/posts\/103509","targetHints":{"allow":["GET"]}}],"collection":[{"href":"https:\/\/www.europesays.com\/lv\/wp-json\/wp\/v2\/posts"}],"about":[{"href":"https:\/\/www.europesays.com\/lv\/wp-json\/wp\/v2\/types\/post"}],"author":[{"embeddable":true,"href":"https:\/\/www.europesays.com\/lv\/wp-json\/wp\/v2\/users\/2"}],"replies":[{"embeddable":true,"href":"https:\/\/www.europesays.com\/lv\/wp-json\/wp\/v2\/comments?post=103509"}],"version-history":[{"count":0,"href":"https:\/\/www.europesays.com\/lv\/wp-json\/wp\/v2\/posts\/103509\/revisions"}],"wp:featuredmedia":[{"embeddable":true,"href":"https:\/\/www.europesays.com\/lv\/wp-json\/wp\/v2\/media\/103510"}],"wp:attachment":[{"href":"https:\/\/www.europesays.com\/lv\/wp-json\/wp\/v2\/media?parent=103509"}],"wp:term":[{"taxonomy":"category","embeddable":true,"href":"https:\/\/www.europesays.com\/lv\/wp-json\/wp\/v2\/categories?post=103509"},{"taxonomy":"post_tag","embeddable":true,"href":"https:\/\/www.europesays.com\/lv\/wp-json\/wp\/v2\/tags?post=103509"}],"curies":[{"name":"wp","href":"https:\/\/api.w.org\/{rel}","templated":true}]}}