{"id":103511,"date":"2026-01-13T19:42:19","date_gmt":"2026-01-13T19:42:19","guid":{"rendered":"https:\/\/www.europesays.com\/lv\/103511\/"},"modified":"2026-01-13T19:42:19","modified_gmt":"2026-01-13T19:42:19","slug":"zinu-diktore-arta-skuja-zaudejusi-darbu-televizija","status":"publish","type":"post","link":"https:\/\/www.europesays.com\/lv\/103511\/","title":{"rendered":"Zi\u0146u diktore Arta Skuja zaud\u0113jusi darbu telev\u012bzij\u0101"},"content":{"rendered":"<p><a href=\"https:\/\/sejas.tvnet.lv\/term\/849831\/arta-skuja\" class=\"topicLink\" target=\"_blank\" rel=\"nofollow noopener\">Arta Skuja<\/a> no 2023. gada augusta darboj\u0101s kan\u0101l\u0101 360TV k\u0101 zi\u0146u vad\u012bt\u0101ja. Jaut\u0101ta, kas ir par iemeslu \u0161\u0101dam telev\u012bzijas kan\u0101la l\u0113mumam, vi\u0146a atbild:<\/p>\n<p>Savuk\u0101rt, <a href=\"https:\/\/sejas.tvnet.lv\/term\/764379\/talis-eipurs\" class=\"topicLink\" target=\"_blank\" rel=\"nofollow noopener\">T\u0101lis Eipurs<\/a> nesl\u0113pj sar\u016bgtin\u0101jumu, sakot, ka \u0161\u0101dam notikumu pav\u0113rsienam vi\u0146\u0161 nebija gatavs un ir atlaists pirmo reizi m\u016b\u017e\u0101. Vi\u0146\u0161 360TV str\u0101d\u0101ja kop\u0161 2023. gada augusta, aizg\u0101jis no TV3 r\u012bta raid\u012bjuma &#8220;900 sekundes&#8221;.<\/p>\n","protected":false},"excerpt":{"rendered":"Arta Skuja no 2023. gada augusta darboj\u0101s kan\u0101l\u0101 360TV k\u0101 zi\u0146u vad\u012bt\u0101ja. Jaut\u0101ta, kas ir par iemeslu \u0161\u0101dam&hellip;\n","protected":false},"author":2,"featured_media":103512,"comment_status":"","ping_status":"","sticky":false,"template":"","format":"standard","meta":{"footnotes":""},"categories":[5],"tags":[23,25003,28,29,32,33,22,30,31,35,39,38,36,37,34,1429,40,20,26,27,25004,24,25,21],"class_list":{"0":"post-103511","1":"post","2":"type-post","3":"status-publish","4":"format-standard","5":"has-post-thumbnail","7":"category-aktualitates","8":"tag-aktualitates","9":"tag-arta-skuja","10":"tag-breaking-news","11":"tag-breakingnews","12":"tag-featured-news","13":"tag-featurednews","14":"tag-headlines","15":"tag-latest-news","16":"tag-latestnews","17":"tag-latvia","18":"tag-latvian","19":"tag-latviesu","20":"tag-latviesu-valoda","21":"tag-latviesuvaloda","22":"tag-latvija","23":"tag-latvijas-zurnali","24":"tag-lv","25":"tag-news","26":"tag-popularakas-zinas","27":"tag-popularakaszinas","28":"tag-talis-eipurs","29":"tag-top-stories","30":"tag-topstories","31":"tag-zinas"},"share_on_mastodon":{"url":"https:\/\/pubeurope.com\/@lv\/115889500460447288","error":""},"_links":{"self":[{"href":"https:\/\/www.europesays.com\/lv\/wp-json\/wp\/v2\/posts\/103511","targetHints":{"allow":["GET"]}}],"collection":[{"href":"https:\/\/www.europesays.com\/lv\/wp-json\/wp\/v2\/posts"}],"about":[{"href":"https:\/\/www.europesays.com\/lv\/wp-json\/wp\/v2\/types\/post"}],"author":[{"embeddable":true,"href":"https:\/\/www.europesays.com\/lv\/wp-json\/wp\/v2\/users\/2"}],"replies":[{"embeddable":true,"href":"https:\/\/www.europesays.com\/lv\/wp-json\/wp\/v2\/comments?post=103511"}],"version-history":[{"count":0,"href":"https:\/\/www.europesays.com\/lv\/wp-json\/wp\/v2\/posts\/103511\/revisions"}],"wp:featuredmedia":[{"embeddable":true,"href":"https:\/\/www.europesays.com\/lv\/wp-json\/wp\/v2\/media\/103512"}],"wp:attachment":[{"href":"https:\/\/www.europesays.com\/lv\/wp-json\/wp\/v2\/media?parent=103511"}],"wp:term":[{"taxonomy":"category","embeddable":true,"href":"https:\/\/www.europesays.com\/lv\/wp-json\/wp\/v2\/categories?post=103511"},{"taxonomy":"post_tag","embeddable":true,"href":"https:\/\/www.europesays.com\/lv\/wp-json\/wp\/v2\/tags?post=103511"}],"curies":[{"name":"wp","href":"https:\/\/api.w.org\/{rel}","templated":true}]}}