{"id":103515,"date":"2026-01-13T19:47:07","date_gmt":"2026-01-13T19:47:07","guid":{"rendered":"https:\/\/www.europesays.com\/lv\/103515\/"},"modified":"2026-01-13T19:47:07","modified_gmt":"2026-01-13T19:47:07","slug":"inflacijas-temps-turpinas-sarukt-bet-cenu-pieaugums-saglabasies","status":"publish","type":"post","link":"https:\/\/www.europesays.com\/lv\/103515\/","title":{"rendered":"Infl\u0101cijas temps turpin\u0101s sarukt, bet cenu pieaugums saglab\u0101sies"},"content":{"rendered":"<p>Otra b\u016btisk\u0101k\u0101 pat\u0113ri\u0146a kategorija, kas devusi 1,14% no kop\u0113j\u0101s gada infl\u0101cijas, bija p\u0101rtikas preces, kuru cena gada laik\u0101 pieaugusi par 4,2%. Neskatoties uz da\u017e\u0101d\u0101m sezon\u0101laj\u0101m akcij\u0101m, p\u0101rtikas cenas decembr\u012b pieauga par 0,2%, liel\u0101ko pieaugumu nov\u0113rojot ziv\u012bm (+7,5%) un sul\u0101m (+5,1%).<\/p>\n<p>Purgailis nor\u0101da, ka nep\u0101rstr\u0101d\u0101tas p\u0101rtikas cenu pieaugums ir devis liel\u0101ko ietekmi uz kop\u0113jo infl\u0101ciju eirozon\u0101, kas, saska\u0146\u0101 ar provizoriskajiem datiem, pag\u0101ju\u0161\u0101 gada p\u0113d\u0113j\u0101 m\u0113nes\u012b pret 2024. gada decembri pieauga par 4,2%.<\/p>\n<p>&#8220;Diem\u017e\u0113l \u0161is fakts signaliz\u0113, to, ka ar\u012b turpm\u0101kajos m\u0113ne\u0161os varam sagaid\u012bt p\u0101rtikas cenu pieaugumu ar\u012b Latvij\u0101. Cilv\u0113kiem ar maz\u0101kiem ien\u0101kumiem p\u0101rtika un komun\u0101lie pakalpojumi ir vienas no galvenaj\u0101m izdevumu poz\u012bcij\u0101m, t\u0101p\u0113c aizvad\u012bt\u0101 gada cenu izmai\u0146as \u0161aj\u0101s kategorij\u0101s b\u016btiski ietekm\u0113ju\u0161as \u0161o iedz\u012bvot\u0101ju grupu,&#8221; pau\u017e ekonomists.<\/p>\n<p>Vi\u0146\u0161 pau\u017e, ka Latvij\u0101 \u0161ogad infl\u0101cija var\u0113tu b\u016bt zem\u0101ka nek\u0101 2025. gad\u0101, tom\u0113r saglab\u0101sies nedaudz augst\u0101ka nek\u0101 vid\u0113ji Eirop\u0101, jo turpin\u0101sies algu k\u0101pums, kas p\u0101rsniedz eirozonas vid\u0113jo algu k\u0101pumu. Gada s\u0101kum\u0101 cenu pieaugumu veicin\u0101s ar\u012b akc\u012bzes nodok\u013ca palielin\u0101jums degvielai un g\u0101zei, kas ietekm\u0113s transporta un lo\u0123istikas izmaksas, ilgtermi\u0146\u0101 ietekm\u0113jot k\u0101 pre\u010du, t\u0101 pakalpojumu cenas.<\/p>\n","protected":false},"excerpt":{"rendered":"Otra b\u016btisk\u0101k\u0101 pat\u0113ri\u0146a kategorija, kas devusi 1,14% no kop\u0113j\u0101s gada infl\u0101cijas, bija p\u0101rtikas preces, kuru cena gada laik\u0101&hellip;\n","protected":false},"author":2,"featured_media":103516,"comment_status":"","ping_status":"","sticky":false,"template":"","format":"standard","meta":{"footnotes":""},"categories":[12],"tags":[23,77,28,29,47,32,33,22,550,30,31,35,39,38,36,37,34,40,20,26,27,24,25,21],"class_list":{"0":"post-103515","1":"post","2":"type-post","3":"status-publish","4":"format-standard","5":"has-post-thumbnail","7":"category-latvija","8":"tag-aktualitates","9":"tag-bizness","10":"tag-breaking-news","11":"tag-breakingnews","12":"tag-ekonomika","13":"tag-featured-news","14":"tag-featurednews","15":"tag-headlines","16":"tag-inflacija","17":"tag-latest-news","18":"tag-latestnews","19":"tag-latvia","20":"tag-latvian","21":"tag-latviesu","22":"tag-latviesu-valoda","23":"tag-latviesuvaloda","24":"tag-latvija","25":"tag-lv","26":"tag-news","27":"tag-popularakas-zinas","28":"tag-popularakaszinas","29":"tag-top-stories","30":"tag-topstories","31":"tag-zinas"},"share_on_mastodon":{"url":"https:\/\/pubeurope.com\/@lv\/115889520151627364","error":""},"_links":{"self":[{"href":"https:\/\/www.europesays.com\/lv\/wp-json\/wp\/v2\/posts\/103515","targetHints":{"allow":["GET"]}}],"collection":[{"href":"https:\/\/www.europesays.com\/lv\/wp-json\/wp\/v2\/posts"}],"about":[{"href":"https:\/\/www.europesays.com\/lv\/wp-json\/wp\/v2\/types\/post"}],"author":[{"embeddable":true,"href":"https:\/\/www.europesays.com\/lv\/wp-json\/wp\/v2\/users\/2"}],"replies":[{"embeddable":true,"href":"https:\/\/www.europesays.com\/lv\/wp-json\/wp\/v2\/comments?post=103515"}],"version-history":[{"count":0,"href":"https:\/\/www.europesays.com\/lv\/wp-json\/wp\/v2\/posts\/103515\/revisions"}],"wp:featuredmedia":[{"embeddable":true,"href":"https:\/\/www.europesays.com\/lv\/wp-json\/wp\/v2\/media\/103516"}],"wp:attachment":[{"href":"https:\/\/www.europesays.com\/lv\/wp-json\/wp\/v2\/media?parent=103515"}],"wp:term":[{"taxonomy":"category","embeddable":true,"href":"https:\/\/www.europesays.com\/lv\/wp-json\/wp\/v2\/categories?post=103515"},{"taxonomy":"post_tag","embeddable":true,"href":"https:\/\/www.europesays.com\/lv\/wp-json\/wp\/v2\/tags?post=103515"}],"curies":[{"name":"wp","href":"https:\/\/api.w.org\/{rel}","templated":true}]}}