{"id":103517,"date":"2026-01-13T19:48:24","date_gmt":"2026-01-13T19:48:24","guid":{"rendered":"https:\/\/www.europesays.com\/lv\/103517\/"},"modified":"2026-01-13T19:48:24","modified_gmt":"2026-01-13T19:48:24","slug":"intervija-ar-tieslietu-ministri-inesi-libinu-egneri-jv-13-01-2026-ieraksts-replay-lv","status":"publish","type":"post","link":"https:\/\/www.europesays.com\/lv\/103517\/","title":{"rendered":"Intervija ar tieslietu ministri Inesi L\u012bbi\u0146u-Egneri (JV) \/ 13.01.2026 \/ Ieraksts \/ REplay.lv"},"content":{"rendered":"<p>13. janv\u0101r\u012b s\u0101ksies desmitais valsts vienotais jurista profesion\u0101l\u0101s kvalifik\u0101cijas eks\u0101mens. To pl\u0101no k\u0101rtot 158 studenti no piec\u0101m augstskol\u0101m. Pirmo reizi eks\u0101menu k\u0101rtos 31 students, savuk\u0101rt 127 studentiem tas b\u016bs j\u0101p\u0101rk\u0101rto.<\/p>\n<p>K\u0101 Latvij\u0101 \u0161aj\u0101 jom\u0101 izdodas nodro\u0161in\u0101t augstus profesion\u0101los standartus? T\u0101pat \u2013 vai \u0161ogad gaid\u0101mas izmai\u0146as lietu izskat\u012b\u0161anas termi\u0146os un cik vienoti gadu ies\u0101kusi vald\u012bbas koal\u012bcija? Par to intervij\u0101 ar tieslietu ministri Inesi L\u012bbi\u0146u-Egneri (&#8220;Jaun\u0101 Vienot\u012bba&#8221;).<\/p>\n","protected":false},"excerpt":{"rendered":"13. janv\u0101r\u012b s\u0101ksies desmitais valsts vienotais jurista profesion\u0101l\u0101s kvalifik\u0101cijas eks\u0101mens. To pl\u0101no k\u0101rtot 158 studenti no piec\u0101m augstskol\u0101m.&hellip;\n","protected":false},"author":2,"featured_media":103518,"comment_status":"","ping_status":"","sticky":false,"template":"","format":"standard","meta":{"footnotes":""},"categories":[5],"tags":[23,28,29,32,33,22,30,31,35,39,38,36,37,34,40,20,26,27,24,25,21],"class_list":{"0":"post-103517","1":"post","2":"type-post","3":"status-publish","4":"format-standard","5":"has-post-thumbnail","7":"category-aktualitates","8":"tag-aktualitates","9":"tag-breaking-news","10":"tag-breakingnews","11":"tag-featured-news","12":"tag-featurednews","13":"tag-headlines","14":"tag-latest-news","15":"tag-latestnews","16":"tag-latvia","17":"tag-latvian","18":"tag-latviesu","19":"tag-latviesu-valoda","20":"tag-latviesuvaloda","21":"tag-latvija","22":"tag-lv","23":"tag-news","24":"tag-popularakas-zinas","25":"tag-popularakaszinas","26":"tag-top-stories","27":"tag-topstories","28":"tag-zinas"},"share_on_mastodon":{"url":"https:\/\/pubeurope.com\/@lv\/115889524153022341","error":""},"_links":{"self":[{"href":"https:\/\/www.europesays.com\/lv\/wp-json\/wp\/v2\/posts\/103517","targetHints":{"allow":["GET"]}}],"collection":[{"href":"https:\/\/www.europesays.com\/lv\/wp-json\/wp\/v2\/posts"}],"about":[{"href":"https:\/\/www.europesays.com\/lv\/wp-json\/wp\/v2\/types\/post"}],"author":[{"embeddable":true,"href":"https:\/\/www.europesays.com\/lv\/wp-json\/wp\/v2\/users\/2"}],"replies":[{"embeddable":true,"href":"https:\/\/www.europesays.com\/lv\/wp-json\/wp\/v2\/comments?post=103517"}],"version-history":[{"count":0,"href":"https:\/\/www.europesays.com\/lv\/wp-json\/wp\/v2\/posts\/103517\/revisions"}],"wp:featuredmedia":[{"embeddable":true,"href":"https:\/\/www.europesays.com\/lv\/wp-json\/wp\/v2\/media\/103518"}],"wp:attachment":[{"href":"https:\/\/www.europesays.com\/lv\/wp-json\/wp\/v2\/media?parent=103517"}],"wp:term":[{"taxonomy":"category","embeddable":true,"href":"https:\/\/www.europesays.com\/lv\/wp-json\/wp\/v2\/categories?post=103517"},{"taxonomy":"post_tag","embeddable":true,"href":"https:\/\/www.europesays.com\/lv\/wp-json\/wp\/v2\/tags?post=103517"}],"curies":[{"name":"wp","href":"https:\/\/api.w.org\/{rel}","templated":true}]}}