{"id":103525,"date":"2026-01-13T19:54:24","date_gmt":"2026-01-13T19:54:24","guid":{"rendered":"https:\/\/www.europesays.com\/lv\/103525\/"},"modified":"2026-01-13T19:54:24","modified_gmt":"2026-01-13T19:54:24","slug":"telefonintervija-ar-viedas-administracijas-un-regionalas-attistibas-ministru-raimondu-cudaru-jv-13-01-2026-ieraksts-replay-lv","status":"publish","type":"post","link":"https:\/\/www.europesays.com\/lv\/103525\/","title":{"rendered":"Telefonintervija ar vied\u0101s administr\u0101cijas un re\u0123ion\u0101l\u0101s att\u012bst\u012bbas ministru Raimondu \u010cudaru (JV) \/ 13.01.2026 \/ Ieraksts \/ REplay.lv"},"content":{"rendered":"<p>Saist\u012bb\u0101 ar to, ka vietvaras prettiesiski ierobe\u017eoju\u0161as v\u0113ja un saules parku att\u012bst\u012bbu, da\u013c\u0113ji aptur\u0113ti Bauskas un Prei\u013cu novadu teritorijas pl\u0101nojumi. P\u0113c vied\u0101s administr\u0101cijas un re\u0123ion\u0101l\u0101s att\u012bst\u012bbas ministra Raimonds \u010cudars (&#8220;Jaun\u0101 Vienot\u012bba&#8221;) teikt\u0101 pa\u0161vald\u012bbas teritorijas pl\u0101nojuma da\u013c\u0101s noteiku\u0161as nesam\u0113r\u012bgus ierobe\u017eojumus atjaun\u012bgo energoresursu att\u012bst\u012bbai.<\/p>\n<p>Ko \u0161is l\u0113mums noz\u012bm\u0113 pa\u0161vald\u012bb\u0101m, un vai l\u012bdz ar to tiek ietekm\u0113tas ar\u012b invest\u012bcijas un att\u012bst\u012bbas projekti, kas saist\u012bti ar v\u0113ja elektrostaciju un saules pane\u013cu parku b\u016bvniec\u012bbu? To &#8220;R\u012bta Panor\u0101ma&#8221; vaic\u0101ja ministram Raimondam \u010cudaram.<\/p>\n","protected":false},"excerpt":{"rendered":"Saist\u012bb\u0101 ar to, ka vietvaras prettiesiski ierobe\u017eoju\u0161as v\u0113ja un saules parku att\u012bst\u012bbu, da\u013c\u0113ji aptur\u0113ti Bauskas un Prei\u013cu novadu&hellip;\n","protected":false},"author":2,"featured_media":103526,"comment_status":"","ping_status":"","sticky":false,"template":"","format":"standard","meta":{"footnotes":""},"categories":[5],"tags":[23,28,29,32,33,22,30,31,35,39,38,36,37,34,40,20,26,27,24,25,21],"class_list":{"0":"post-103525","1":"post","2":"type-post","3":"status-publish","4":"format-standard","5":"has-post-thumbnail","7":"category-aktualitates","8":"tag-aktualitates","9":"tag-breaking-news","10":"tag-breakingnews","11":"tag-featured-news","12":"tag-featurednews","13":"tag-headlines","14":"tag-latest-news","15":"tag-latestnews","16":"tag-latvia","17":"tag-latvian","18":"tag-latviesu","19":"tag-latviesu-valoda","20":"tag-latviesuvaloda","21":"tag-latvija","22":"tag-lv","23":"tag-news","24":"tag-popularakas-zinas","25":"tag-popularakaszinas","26":"tag-top-stories","27":"tag-topstories","28":"tag-zinas"},"share_on_mastodon":{"url":"https:\/\/pubeurope.com\/@lv\/115889547726882996","error":""},"_links":{"self":[{"href":"https:\/\/www.europesays.com\/lv\/wp-json\/wp\/v2\/posts\/103525","targetHints":{"allow":["GET"]}}],"collection":[{"href":"https:\/\/www.europesays.com\/lv\/wp-json\/wp\/v2\/posts"}],"about":[{"href":"https:\/\/www.europesays.com\/lv\/wp-json\/wp\/v2\/types\/post"}],"author":[{"embeddable":true,"href":"https:\/\/www.europesays.com\/lv\/wp-json\/wp\/v2\/users\/2"}],"replies":[{"embeddable":true,"href":"https:\/\/www.europesays.com\/lv\/wp-json\/wp\/v2\/comments?post=103525"}],"version-history":[{"count":0,"href":"https:\/\/www.europesays.com\/lv\/wp-json\/wp\/v2\/posts\/103525\/revisions"}],"wp:featuredmedia":[{"embeddable":true,"href":"https:\/\/www.europesays.com\/lv\/wp-json\/wp\/v2\/media\/103526"}],"wp:attachment":[{"href":"https:\/\/www.europesays.com\/lv\/wp-json\/wp\/v2\/media?parent=103525"}],"wp:term":[{"taxonomy":"category","embeddable":true,"href":"https:\/\/www.europesays.com\/lv\/wp-json\/wp\/v2\/categories?post=103525"},{"taxonomy":"post_tag","embeddable":true,"href":"https:\/\/www.europesays.com\/lv\/wp-json\/wp\/v2\/tags?post=103525"}],"curies":[{"name":"wp","href":"https:\/\/api.w.org\/{rel}","templated":true}]}}