{"id":103529,"date":"2026-01-13T19:56:18","date_gmt":"2026-01-13T19:56:18","guid":{"rendered":"https:\/\/www.europesays.com\/lv\/103529\/"},"modified":"2026-01-13T19:56:18","modified_gmt":"2026-01-13T19:56:18","slug":"vienatne-kamanas-un-bez-bremzem-asv-bobslejists-izdzivo-baisu-braucienu","status":"publish","type":"post","link":"https:\/\/www.europesays.com\/lv\/103529\/","title":{"rendered":"Vienatn\u0113 kaman\u0101s un bez bremz\u0113m \u2013 ASV bobslejists izdz\u012bvo baisu braucienu"},"content":{"rendered":"<p>ASV bobsleja izlase aizvad\u012btaj\u0101 ned\u0113\u013cas nogal\u0113 Sanktmoric\u0101 piedz\u012bvoja vienu no bais\u0101kaj\u0101m epizod\u0113m p\u0113d\u0113jo gadu Pasaules kausa sacens\u012bb\u0101s \u2013 \u010detrinieku ekip\u0101\u017eas pilots Kriss Horns tras\u0113 dev\u0101s piln\u012bgi viens, kam\u0113r visi tr\u012bs vi\u0146a komandas biedri start\u0101 nesp\u0113ja iel\u0113kt kaman\u0101s.<\/p>\n<p>Dramatiskais notikums risin\u0101j\u0101s \u0160veices klasiskaj\u0101 dab\u012bg\u0101 ledus tras\u0113, kur k\u013c\u016bda start\u0101 var maks\u0101t \u0101rk\u0101rt\u012bgi d\u0101rgi. Horns, k\u0101 ierasts, kaman\u0101s iek\u0101pa pirmais, ta\u010du jau pirmaj\u0101s sekund\u0113s k\u013cuva skaidrs, ka kaut kas ir nog\u0101jis greizi. Pirmais paklupa st\u016bm\u0113js Raiens Reigers, un k\u0101 domino kauli\u0146i tam sekoja ar\u012b Hanters Pauels un Keilebs Furnels, kuri nesp\u0113ja ie\u0146emt savas vietas \u010detrinieka kaman\u0101s.<\/p>\n<p>\u012apa\u0161i b\u012bstams bija Pauela kritiens. Vi\u0146\u0161 tika sp\u0113c\u012bgi aizsviests pret trases malu un ar muguru atsit\u0101s pret cieto, sasalu\u0161o segumu. Furnels ar\u012b nesp\u0113ja iel\u0113kt sav\u0101 poz\u012bcij\u0101, atst\u0101jot Hornu piln\u012bg\u0101 vientul\u012bb\u0101 kaman\u0101s, kas jau bija uzs\u0101ku\u0161as skr\u0113jienu lejup pa trasi.<\/p>\n<blockquote class=\"twitter-tweet\" data-media-max-width=\"560\">\n<p lang=\"lv\" dir=\"ltr\">Nu \u0161is vakar bija wwwwwooowww\u2026! <a href=\"https:\/\/t.co\/BNPi7G07Ta\" rel=\"nofollow\">pic.twitter.com\/BNPi7G07Ta<\/a><\/p>\n<p>\u2014 Cesvainis (@cesvainis) <a href=\"https:\/\/twitter.com\/cesvainis\/status\/2010560132757778646?ref_src=twsrc%5Etfw\" rel=\"nofollow noopener\" target=\"_blank\">January 12, 2026<\/a><\/p><\/blockquote>\n<p>Bez jebk\u0101da papildus svara un bez bremz\u0113t\u0101ja Horns liel\u0101 \u0101trum\u0101 trauc\u0101s lejup pa Sanktmoricas trasi, sasniedzot aptuveni 120 kilometru stund\u0101 lielu \u0101trumu. Brauciens ilga nedaudz vair\u0101k nek\u0101 min\u016bti, un, lai ar\u012b kamanas burtiski m\u0113t\u0101j\u0101s pa trases ren\u0113m, Horns sp\u0113ja t\u0101s notur\u0113t l\u012bdz fini\u0161am.<\/p>\n<p>Sasniedzot fini\u0161a zonu, Horns par\u0101d\u012bja apbr\u012bnojamu aukstasin\u012bbu un situ\u0101cijas nolas\u012b\u0161anu. Vi\u0146\u0161 p\u0101rvietoj\u0101s kaman\u0101s uz aizmuguri un pats satv\u0113ra brem\u017eu rokturus, lai aptur\u0113tu braucienu. Uzreiz p\u0113c apst\u0101\u0161an\u0101s fini\u0161a zon\u0101 met\u0101s sportisti un treneri no da\u017e\u0101d\u0101m valst\u012bm, lai p\u0101rliecin\u0101tos, ka amerik\u0101\u0146u pilots nav cietis. Da\u013ca vienk\u0101r\u0161i spieda vi\u0146am roku un netic\u012bb\u0101 purin\u0101ja galvas par tikko redz\u0113to.<\/p>\n<blockquote class=\"instagram-media\" data-instgrm-captioned=\"\" data-instgrm-permalink=\"https:\/\/www.instagram.com\/reel\/DTYWFnuDYxO\/?utm_source=ig_embed&amp;utm_campaign=loading\" data-instgrm-version=\"14\" style=\" background:#FFF; border:0; border-radius:3px; box-shadow:0 0 1px 0 rgba(0,0,0,0.5),0 1px 10px 0 rgba(0,0,0,0.15); margin: 1px; max-width:540px; min-width:326px; padding:0; width:99.375%; width:-webkit-calc(100% - 2px); width:calc(100% - 2px);\"\/>\n<p>Horns, kur\u0161 savu bobsleja karjeru s\u0101cis tie\u0161i k\u0101 bremz\u0113t\u0101js, zin\u0101ja, ko dar\u012bt \u0161\u0101d\u0101 kritisk\u0101 situ\u0101cij\u0101, un pat pasp\u0113ja pam\u0101t telev\u012bzijas kamer\u0101m, signaliz\u0113jot, ka ar vi\u0146u viss ir k\u0101rt\u012bb\u0101.<\/p>\n<p>ASV komanda v\u0113l\u0101k apstiprin\u0101ja, ka neviens no sportistiem nav guvis nopietnas traumas. &#8220;Mazliet s\u0101p\u012bgi,&#8221; situ\u0101ciju lakoniski raksturoja Pauels. &#8220;P\u0101ris dien\u0101s visam vajadz\u0113tu b\u016bt k\u0101rt\u012bb\u0101.&#8221;<\/p>\n<p>Lasiet ar\u012b<\/p>\n<p><a href=\"https:\/\/www.delfi.lv\/sports\/22437390\/winter_sports\/120099922\/bobslejs-bez-trenina-drosme-50-sekundem-sekas-visai-nedelai\" class=\"headline__image-link\" itemprop=\"url\" rel=\"nofollow noopener\" target=\"_blank\"><img decoding=\"async\" loading=\"lazy\" itemprop=\"image\" src=\"https:\/\/www.europesays.com\/lv\/wp-content\/uploads\/2026\/01\/fc699151-44f6-4fd8-9c08-9c61ce2ebe57.jpg\" alt=\"Bobslejs bez treni\u0146a: drosme 50 sekund\u0113m, sekas \u2013 visai ned\u0113\u013cai\" title=\"Bobslejs bez treni\u0146a: drosme 50 sekund\u0113m, sekas \u2013 visai ned\u0113\u013cai\" class=\"headline__image img-fluid w-100\"\/><\/a><\/p>\n<p>ASV bobsleja galvenais treneris Kriss Fogts nesl\u0113pa atvieglojumu: &#8220;Mums paveic\u0101s, ka viss nebeidz\u0101s daudz slikt\u0101k.&#8221;<\/p>\n<p>Horna ned\u0113\u013cas nogale Sanktmoric\u0101 gan kopum\u0101 bija smaga. Dienu iepriek\u0161 vi\u0146\u0161 avar\u0113ja ar\u012b divnieku sacens\u012bb\u0101s. Tikm\u0113r l\u012bdz Mil\u0101nas\u2013Kort\u012bnas olimpiskaj\u0101m sp\u0113l\u0113m atlicis vairs tikai viens Pasaules kausa posms, p\u0113c kura ASV feder\u0101cija nosauks savu sast\u0101vu. Neskatoties uz \u0161ausmino\u0161o epizodi, paredzams, ka Horns tiks iek\u013cauts olimpiskaj\u0101 komand\u0101 k\u0101 viens no ASV v\u012brie\u0161u bobsleja pilotiem l\u012bdz\u0101s Frenkam Del Dukam.<\/p>\n<p class=\"m-0\">Seko &#8220;Delfi&#8221; ar\u012b  <a target=\"_blank\" href=\"https:\/\/www.instagram.com\/delfi.lv\/\" rel=\"nofollow noopener\">Instagram<\/a>  un <a target=\"_blank\" href=\"https:\/\/www.youtube.com\/channel\/UCw5foWtcJvAbUm64rv7jwUQ\" rel=\"nofollow noopener\">YouTube<\/a>  profil\u0101 \u2013 pievienojies, lai uzzin\u0101tu svar\u012bg\u0101ko un interesant\u0101ko pirmais!<\/p>\n<p>Publik\u0101cijas saturs vai t\u0101s jebk\u0101da apjoma da\u013ca ir aizsarg\u0101ts autorties\u012bbu objekts Autorties\u012bbu likuma izpratn\u0113, un t\u0101 izmanto\u0161ana bez izdev\u0113ja at\u013caujas ir aizliegta. Vair\u0101k lasi  <a target=\"_blank\" href=\"https:\/\/www.delfi.lv\/noteikumi#autortiesibas\" rel=\"nofollow noopener\">\u0161eit<\/a><script async src=\"https:\/\/platform.twitter.com\/widgets.js\" charset=\"utf-8\"><\/script><script async src=\"\/\/www.instagram.com\/embed.js\"><\/script><\/p>\n","protected":false},"excerpt":{"rendered":"ASV bobsleja izlase aizvad\u012btaj\u0101 ned\u0113\u013cas nogal\u0113 Sanktmoric\u0101 piedz\u012bvoja vienu no bais\u0101kaj\u0101m epizod\u0113m p\u0113d\u0113jo gadu Pasaules kausa sacens\u012bb\u0101s \u2013&hellip;\n","protected":false},"author":2,"featured_media":103530,"comment_status":"","ping_status":"","sticky":false,"template":"","format":"standard","meta":{"footnotes":""},"categories":[17],"tags":[2158,35,39,38,36,37,34,40,1500,67],"class_list":{"0":"post-103529","1":"post","2":"type-post","3":"status-publish","4":"format-standard","5":"has-post-thumbnail","7":"category-sports","8":"tag-bobslejs","9":"tag-latvia","10":"tag-latvian","11":"tag-latviesu","12":"tag-latviesu-valoda","13":"tag-latviesuvaloda","14":"tag-latvija","15":"tag-lv","16":"tag-olimpiskas-speles","17":"tag-sports"},"share_on_mastodon":{"url":"https:\/\/pubeurope.com\/@lv\/115889555547946544","error":""},"_links":{"self":[{"href":"https:\/\/www.europesays.com\/lv\/wp-json\/wp\/v2\/posts\/103529","targetHints":{"allow":["GET"]}}],"collection":[{"href":"https:\/\/www.europesays.com\/lv\/wp-json\/wp\/v2\/posts"}],"about":[{"href":"https:\/\/www.europesays.com\/lv\/wp-json\/wp\/v2\/types\/post"}],"author":[{"embeddable":true,"href":"https:\/\/www.europesays.com\/lv\/wp-json\/wp\/v2\/users\/2"}],"replies":[{"embeddable":true,"href":"https:\/\/www.europesays.com\/lv\/wp-json\/wp\/v2\/comments?post=103529"}],"version-history":[{"count":0,"href":"https:\/\/www.europesays.com\/lv\/wp-json\/wp\/v2\/posts\/103529\/revisions"}],"wp:featuredmedia":[{"embeddable":true,"href":"https:\/\/www.europesays.com\/lv\/wp-json\/wp\/v2\/media\/103530"}],"wp:attachment":[{"href":"https:\/\/www.europesays.com\/lv\/wp-json\/wp\/v2\/media?parent=103529"}],"wp:term":[{"taxonomy":"category","embeddable":true,"href":"https:\/\/www.europesays.com\/lv\/wp-json\/wp\/v2\/categories?post=103529"},{"taxonomy":"post_tag","embeddable":true,"href":"https:\/\/www.europesays.com\/lv\/wp-json\/wp\/v2\/tags?post=103529"}],"curies":[{"name":"wp","href":"https:\/\/api.w.org\/{rel}","templated":true}]}}