{"id":103533,"date":"2026-01-13T20:00:07","date_gmt":"2026-01-13T20:00:07","guid":{"rendered":"https:\/\/www.europesays.com\/lv\/103533\/"},"modified":"2026-01-13T20:00:07","modified_gmt":"2026-01-13T20:00:07","slug":"kinokritike-elina-reitere-sanemusi-normunda-naumana-varda-nosaukto-gada-balvu-makslas-kritika-lente-lv","status":"publish","type":"post","link":"https:\/\/www.europesays.com\/lv\/103533\/","title":{"rendered":"Kinokriti\u0137e El\u012bna Reitere sa\u0146\u0113musi Normunda Nauma\u0146a v\u0101rd\u0101 nosaukto Gada balvu m\u0101kslas kritik\u0101\u00a0\u2014\u00a0Lente.lv"},"content":{"rendered":"<p>Gada balva m\u0101kslas kritik\u0101 pie\u0161\u0137irta El\u012bnai Reiterai<\/p>\n<p>\u0160ogad par noz\u012bm\u012bgu ieguld\u012bjumu m\u0101kslas kritik\u0101 Normunda Nauma\u0146a v\u0101rd\u0101 nosaukto Gada balvu m\u0101kslas kritik\u0101 sa\u0146\u0113musi kinokriti\u0137e El\u012bna Reitere. K\u0101 inform\u0113 port\u0101ls jauns.lv, apbalvojums pie\u0161\u0137irts par vi\u0146as public\u0113tajiem rakstiem un recenzij\u0101m, tostarp par darbiem, kas velt\u012bti film\u0101m \u201cAnna LOL\u201d, \u201cLotus\u201d, \u201cDieva suns\u201d un \u201cTestaments\u201d. \u0160\u012b ir jau vienpadsmit\u0101 reize, kad tiek pasniegta Normunda Nauma\u0146a Gada balva m\u0101kslas kritik\u0101.<\/p>\n<p>Reitere tika nomin\u0113ta par recenzij\u0101m, kas raksturotas k\u0101 r\u016bp\u012bgi p\u0101rdom\u0101ti refer\u0101ti ar dzi\u013ciem p\u0113tnieciskiem profesion\u0101liem &#8220;p\u0113du nospiedumiem&#8221;. Vi\u0146as raksti orient\u0113ti uz las\u012bt\u0101jiem, kuri v\u0113las iedzi\u013cin\u0101ties un audz\u0113t savu erud\u012bciju. \u017d\u016brija \u012bpa\u0161i nov\u0113rt\u0113jusi Reiteres sp\u0113ju veikt dzi\u013ci p\u0113tniecisku anal\u012bzi, kas ne tikai bag\u0101tina las\u012bt\u0101ju erud\u012bciju, bet ar\u012b sp\u0113j aktualiz\u0113t s\u0101p\u012bgus soci\u0101lus jaut\u0101jumus m\u0101kslas kritik\u0101. Vi\u0146a pati uzsver, ka recenzija nekad nav tikai par filmu, bet vienm\u0113r ar\u012b par kriti\u0137i, un savas recenzijas raksturo k\u0101 pieder\u012bgas akad\u0113misk\u0101s kinokritikas laukam.<\/p>\n<p>Par Normunda Nauma\u0146a Gada balvu<\/p>\n<p>Normunda Nauma\u0146a v\u0101rd\u0101 nosaukto Gada balvu m\u0101kslas kritik\u0101 2015. gad\u0101 dibin\u0101ja Normunda Nauma\u0146a biedr\u012bba, godinot un atbalstot noz\u012bm\u012bgus ieguld\u012bjumus m\u0101kslas kritikas jom\u0101 Latvij\u0101. Balvai ir pie\u0161\u0137irts Nacion\u0101l\u0101s balvas statuss, un t\u0101s norisi atbalsta Kult\u016bras ministrija. Ceremonija, kas paz\u012bstama k\u0101 &#8220;NN nakts&#8221;, \u0161ogad norisin\u0101j\u0101s Latvijas Radio 1. studij\u0101 un tika transl\u0113ta tie\u0161raid\u0113, \u013caujot skat\u012bt\u0101jiem sekot l\u012bdzi notieko\u0161ajam port\u0101los \u201cSatori\u201d un \u201cLSM.lv\u201d, k\u0101 ar\u012b Normunda Nauma\u0146a biedr\u012bbas YouTube kan\u0101l\u0101. \u0160\u012b gada ceremonijas nosaukums bija &#8220;Kritikas j\u0113gas pier\u0101d\u012b\u0161ana visu m\u0101kslu m\u012b\u013cot\u0101jam&#8221;.<\/p>\n<p>Nominanti un Jaun\u0101 kriti\u0137a balva<\/p>\n<p>\u0160ogad galvenajai balvai tika nomin\u0113ti \u010detri kandid\u0101ti: te\u0101tra kriti\u0137is Atis Rozent\u0101ls, literat\u016bras kriti\u0137is Arvis Viguls, kinokriti\u0137e El\u012bna Reitere un operas kriti\u0137e Lauma Mell\u0113na-Bartkevi\u010da. Katrs no nominantiem tika nov\u0113rt\u0113ts par savu ieguld\u012bjumu attiec\u012bgaj\u0101 m\u0101kslas nozar\u0113.<\/p>\n<p>L\u012bdz\u0101s galvenajai balvai tika pasniegta ar\u012b Jaun\u0101 kriti\u0137a balva, ko \u0161ogad ieguva m\u016bzikas kriti\u0137is Arno Titovs par savu ieguld\u012bjumu popul\u0101r\u0101s un maz\u0101k popul\u0101r\u0101s m\u016bzikas apskat\u0101. Jaun\u0101 kriti\u0137a balvai kopum\u0101 tika izvirz\u012bti pieci kandid\u0101ti, kas darboj\u0101s literat\u016bras un te\u0101tra kritikas jom\u0101. Balvas \u017e\u016brij\u0101 darboj\u0101s Ed\u012bte Ti\u0161heizere, Anda Bakl\u0101ne, K\u0101rlis V\u0113rdi\u0146\u0161, Aivars Madris, Andris Dzen\u012btis, Santa Hir\u0161a un Ilm\u0101rs \u0160l\u0101pins.<\/p>\n<p>El\u012bnas Reiteres darbi un kritikas noz\u012bme<\/p>\n<p>El\u012bna Reitere ir neatkar\u012bga filmu zin\u0101tniece un kriti\u0137e, Latvijas filmu \u017eurn\u0101la &#8220;Kino Raksti&#8221; otr\u0101 galven\u0101 redaktore. Vi\u0146as p\u0113tnieciskais darbs &#8220;Anna LOL un kinoprofesion\u0101\u013cu atbild\u012bba&#8221; tika \u012bpa\u0161i izcelts. Reiteres recenzijas ir paz\u012bstamas ar to, ka t\u0101s iesp\u0113jams las\u012bt k\u0101 r\u016bp\u012bgi p\u0101rdom\u0101tus refer\u0101tus, kas orient\u0113ti uz erud\u012bcijas vairo\u0161anu. Vi\u0146a sp\u0113jusi savos darbos ienest s\u0101p\u012bgu un aktu\u0101lu soci\u0101lo problem\u0101tiku, veiksm\u012bgi sajaucot robe\u017eas starp publicistiku, p\u0113tniec\u012bbu un kritiku. Tiek uzsv\u0113rts, ka profesion\u0101la kritika ir b\u016btisks instruments, kas pal\u012bdz sabiedr\u012bbai lab\u0101k izprast kult\u016bras procesus.<\/p>\n","protected":false},"excerpt":{"rendered":"Gada balva m\u0101kslas kritik\u0101 pie\u0161\u0137irta El\u012bnai Reiterai \u0160ogad par noz\u012bm\u012bgu ieguld\u012bjumu m\u0101kslas kritik\u0101 Normunda Nauma\u0146a v\u0101rd\u0101 nosaukto Gada&hellip;\n","protected":false},"author":2,"featured_media":103534,"comment_status":"","ping_status":"","sticky":false,"template":"","format":"standard","meta":{"footnotes":""},"categories":[5],"tags":[23,28,29,20540,32,33,22,25006,30,31,35,39,38,36,37,34,40,13059,20,25007,19999,26,27,24,25,21],"class_list":{"0":"post-103533","1":"post","2":"type-post","3":"status-publish","4":"format-standard","5":"has-post-thumbnail","7":"category-aktualitates","8":"tag-aktualitates","9":"tag-breaking-news","10":"tag-breakingnews","11":"tag-elina-reitere","12":"tag-featured-news","13":"tag-featurednews","14":"tag-headlines","15":"tag-kino-kritike","16":"tag-latest-news","17":"tag-latestnews","18":"tag-latvia","19":"tag-latvian","20":"tag-latviesu","21":"tag-latviesu-valoda","22":"tag-latviesuvaloda","23":"tag-latvija","24":"tag-lv","25":"tag-makslas-kritika","26":"tag-news","27":"tag-nn-nakts","28":"tag-normunda-naumana-balva","29":"tag-popularakas-zinas","30":"tag-popularakaszinas","31":"tag-top-stories","32":"tag-topstories","33":"tag-zinas"},"share_on_mastodon":{"url":"https:\/\/pubeurope.com\/@lv\/115889571347612034","error":""},"_links":{"self":[{"href":"https:\/\/www.europesays.com\/lv\/wp-json\/wp\/v2\/posts\/103533","targetHints":{"allow":["GET"]}}],"collection":[{"href":"https:\/\/www.europesays.com\/lv\/wp-json\/wp\/v2\/posts"}],"about":[{"href":"https:\/\/www.europesays.com\/lv\/wp-json\/wp\/v2\/types\/post"}],"author":[{"embeddable":true,"href":"https:\/\/www.europesays.com\/lv\/wp-json\/wp\/v2\/users\/2"}],"replies":[{"embeddable":true,"href":"https:\/\/www.europesays.com\/lv\/wp-json\/wp\/v2\/comments?post=103533"}],"version-history":[{"count":0,"href":"https:\/\/www.europesays.com\/lv\/wp-json\/wp\/v2\/posts\/103533\/revisions"}],"wp:featuredmedia":[{"embeddable":true,"href":"https:\/\/www.europesays.com\/lv\/wp-json\/wp\/v2\/media\/103534"}],"wp:attachment":[{"href":"https:\/\/www.europesays.com\/lv\/wp-json\/wp\/v2\/media?parent=103533"}],"wp:term":[{"taxonomy":"category","embeddable":true,"href":"https:\/\/www.europesays.com\/lv\/wp-json\/wp\/v2\/categories?post=103533"},{"taxonomy":"post_tag","embeddable":true,"href":"https:\/\/www.europesays.com\/lv\/wp-json\/wp\/v2\/tags?post=103533"}],"curies":[{"name":"wp","href":"https:\/\/api.w.org\/{rel}","templated":true}]}}