{"id":103535,"date":"2026-01-13T20:01:18","date_gmt":"2026-01-13T20:01:18","guid":{"rendered":"https:\/\/www.europesays.com\/lv\/103535\/"},"modified":"2026-01-13T20:01:18","modified_gmt":"2026-01-13T20:01:18","slug":"mes-nespejam-vinai-palidzet-noras-ikstenas-masa-par-rakstnieces-pedejiem-dzives-menesiem-1188-lv","status":"publish","type":"post","link":"https:\/\/www.europesays.com\/lv\/103535\/","title":{"rendered":"&quot;M\u0113s nesp\u0113j\u0101m vi\u0146ai pal\u012bdz\u0113t.&quot; Noras Ikstenas m\u0101sa par rakstnieces p\u0113d\u0113jiem dz\u012bves m\u0113ne\u0161iem &#8211; 1188.lv"},"content":{"rendered":"<ol>\n<li><a href=\"https:\/\/news.google.com\/rss\/articles\/CBMivAFBVV95cUxPVXNZZ01KWEFDZC1mUm5kQnNTVnQ0cDcyUDRxLVlHY3ZCV1A1ekZDeWlYWG1MSzkyY3FOVE00aF9aYnNveEhuRElGLVE4NUNrQnR6U3QyY1VzN0xodEI3b21wTTBoS2FsZDg0TWxLeUstZWMweGMycnJRRkgtSldvWUlaempzdnlZVm5Hc085M1BLbzEtT1lvUTk0ZDljOHhaaDhfeEtNSUpxWllWM0JCRHdJS0VaNmZKcTktbQ?oc=5\" target=\"_blank\" rel=\"nofollow noopener\">&#8220;M\u0113s nesp\u0113j\u0101m vi\u0146ai pal\u012bdz\u0113t.&#8221; Noras Ikstenas m\u0101sa par rakstnieces p\u0113d\u0113jiem dz\u012bves m\u0113ne\u0161iem<\/a>&nbsp;&nbsp;1188.lv<\/li>\n<li><a href=\"https:\/\/news.google.com\/rss\/articles\/CBMilwFBVV95cUxNSFpFYzZITHVXejlPbEFmcmpXRUI4SWlyQW5TeTlpUzMtUzhoaXRXMjBPc3I2QzExVi1kblVZa2otdXBabXVZRHNNb3lDZkZNSi1Vb3J0QWNsTVBhcVR3bW1Pc2F1cmpkRk45ZVdIUVItaEV1cnBaVkwweW5Qd3Nib2s0MFVSMXA5UEtUS0dMcnE4NlhxS3BV?oc=5\" target=\"_blank\" rel=\"nofollow noopener\">&#8220;Vi\u0146ai bija nepiecie\u0161ama profesion\u0101la apr\u016bpe&#8221;; Nora Ikstena nomira apr\u016bpes nam\u0101<\/a>&nbsp;&nbsp;NRA<\/li>\n<li><a href=\"https:\/\/news.google.com\/rss\/articles\/CBMiwwFBVV95cUxPOUJLVDFMNjR1eTVIbmVjRGhkX3g3RC1ya3ZyR2xmUjBtYU81OXlXZVZLbC1yLWFtYUNqdjNzdG5lc2NWNkxKM1FxSklaaVB6dy1mVFlCWTNVc2dmaU1OeE9yMnQxSHgwVTZBOXhpUjBQeVhhaHl4VmtQMFZUeGszMnFGX3dxRVFqekNlcmpvVTBaODRTVDB3V0ttUnE0cGxyQ3Q4bnhFazBwc3NVczdOSTRDbHQ1SmpTUllxcjc5NFJTN2c?oc=5\" target=\"_blank\" rel=\"nofollow noopener\">\u00abM\u0113s nesp\u0113j\u0101m pal\u012bdz\u0113t\u2026\u00bb Ikstenas m\u0101sa atkl\u0101j, k\u0101da bija rakstnieces dz\u012bves izska\u0146a<\/a>&nbsp;&nbsp;Santa.lv<\/li>\n<li><a href=\"https:\/\/news.google.com\/rss\/articles\/CBMiywFBVV95cUxOWjhCTzQxSXJabWlBcVBXTmYzdlhwOEJoeWgxVlBYZnIzQmxsb1B6T3ZpRFhuYjdWeVdreU5UUjh3ZllwZTJjMk9qTWozZUc0MERqdkZBalZ3SnNPNUk4WDE5RTJkTUZGQmp0YXg2aHVLZjFSRURfN0RNcElaM1lwanItQTlnS2ZTWVpIa3RzZm9ZN2RVam9RNDR4T21qcXpSVkV2cjVLSVRvTFBWTjh5aGduVnB0aDNVczh2ZEhVal9Qbk02OFpodzMyYw?oc=5\" target=\"_blank\" rel=\"nofollow noopener\">\u201cEs braucu pie vi\u0146as uz slimn\u012bcu katru dienu,\u201d Noras Ikstenas m\u0101sa past\u0101sta par rakstnieces p\u0113d\u0113jiem dz\u012bves m\u0113ne\u0161iem<\/a>&nbsp;&nbsp;LA.LV<\/li>\n<li><a href=\"https:\/\/news.google.com\/rss\/articles\/CBMiowFBVV95cUxPM0VtcVltNXAtc2FFRFgtMk9aZTV2MWNybFpqd0pQSjkzOU8yYmNjZjZvU0F1U0Y5c1BsQVdmWmtpVG9jRERaRjJyV2RDb0wzN1RiYS1IM3hBWGNBRE9URGxwY0FCS0N1Qks0Z2lZZ3FGWGxhX2xoZWtuVWp4WDRKOWNQVUctSjg0NzhtVm1UUjMwa3BqNHRZMkx2Y25rOXlzSzVJ?oc=5\" target=\"_blank\" rel=\"nofollow noopener\">FOTO: p\u0113d\u0113j\u0101 gait\u0101 pavada izcilo latvie\u0161u rakstnieci Noru Ikstenu<\/a>&nbsp;&nbsp;Jauns.lv<\/li>\n<\/ol>\n","protected":false},"excerpt":{"rendered":"&#8220;M\u0113s nesp\u0113j\u0101m vi\u0146ai pal\u012bdz\u0113t.&#8221; Noras Ikstenas m\u0101sa par rakstnieces p\u0113d\u0113jiem dz\u012bves m\u0113ne\u0161iem&nbsp;&nbsp;1188.lv &#8220;Vi\u0146ai bija nepiecie\u0161ama profesion\u0101la apr\u016bpe&#8221;; Nora&hellip;\n","protected":false},"author":2,"featured_media":103536,"comment_status":"","ping_status":"","sticky":false,"template":"","format":"standard","meta":{"footnotes":""},"categories":[19],"tags":[129,556,25008,89,90,35,39,38,36,37,34,40,25009,557,25010,558],"class_list":{"0":"post-103535","1":"post","2":"type-post","3":"status-publish","4":"format-standard","5":"has-post-thumbnail","7":"category-izklaide","8":"tag-__typenameadvicekeyword","9":"tag-id1040","10":"tag-id1998","11":"tag-entertainment","12":"tag-izklaide","13":"tag-latvia","14":"tag-latvian","15":"tag-latviesu","16":"tag-latviesu-valoda","17":"tag-latviesuvaloda","18":"tag-latvija","19":"tag-lv","20":"tag-slugnora-ikstena","21":"tag-slugveseliba","22":"tag-titlenora-ikstena","23":"tag-titleveseliba"},"share_on_mastodon":{"url":"https:\/\/pubeurope.com\/@lv\/115889575342042112","error":""},"_links":{"self":[{"href":"https:\/\/www.europesays.com\/lv\/wp-json\/wp\/v2\/posts\/103535","targetHints":{"allow":["GET"]}}],"collection":[{"href":"https:\/\/www.europesays.com\/lv\/wp-json\/wp\/v2\/posts"}],"about":[{"href":"https:\/\/www.europesays.com\/lv\/wp-json\/wp\/v2\/types\/post"}],"author":[{"embeddable":true,"href":"https:\/\/www.europesays.com\/lv\/wp-json\/wp\/v2\/users\/2"}],"replies":[{"embeddable":true,"href":"https:\/\/www.europesays.com\/lv\/wp-json\/wp\/v2\/comments?post=103535"}],"version-history":[{"count":0,"href":"https:\/\/www.europesays.com\/lv\/wp-json\/wp\/v2\/posts\/103535\/revisions"}],"wp:featuredmedia":[{"embeddable":true,"href":"https:\/\/www.europesays.com\/lv\/wp-json\/wp\/v2\/media\/103536"}],"wp:attachment":[{"href":"https:\/\/www.europesays.com\/lv\/wp-json\/wp\/v2\/media?parent=103535"}],"wp:term":[{"taxonomy":"category","embeddable":true,"href":"https:\/\/www.europesays.com\/lv\/wp-json\/wp\/v2\/categories?post=103535"},{"taxonomy":"post_tag","embeddable":true,"href":"https:\/\/www.europesays.com\/lv\/wp-json\/wp\/v2\/tags?post=103535"}],"curies":[{"name":"wp","href":"https:\/\/api.w.org\/{rel}","templated":true}]}}